{"id":17406,"date":"2018-05-17T12:46:32","date_gmt":"2018-05-17T12:46:32","guid":{"rendered":"http:\/\/www.nonsolomodanews.it\/wordpress\/?p=17406"},"modified":"2018-05-17T13:02:32","modified_gmt":"2018-05-17T13:02:32","slug":"pitti-immagine-uomo-94-presenta-roberto-cavalli","status":"publish","type":"post","link":"https:\/\/www.nonsolomodanews.it\/wordpress\/pitti-immagine-uomo-94-presenta-roberto-cavalli\/","title":{"rendered":"Pitti Immagine Uomo 94 presenta ROBERTO CAVALLI"},"content":{"rendered":"<p><a href=\"http:\/\/www.nonsolomodanews.it\/wordpress\/wp-content\/uploads\/2018\/05\/EVT_cavalli.jpg\"><img loading=\"lazy\" decoding=\"async\" class=\"alignleft size-medium wp-image-17407\" src=\"http:\/\/www.nonsolomodanews.it\/wordpress\/wp-content\/uploads\/2018\/05\/EVT_cavalli-300x225.jpg\" alt=\"EVT_cavalli\" width=\"300\" height=\"225\" srcset=\"https:\/\/www.nonsolomodanews.it\/wordpress\/wp-content\/uploads\/2018\/05\/EVT_cavalli-300x225.jpg 300w, https:\/\/www.nonsolomodanews.it\/wordpress\/wp-content\/uploads\/2018\/05\/EVT_cavalli.jpg 700w\" sizes=\"auto, (max-width: 300px) 100vw, 300px\" \/><\/a><span style=\"color: #000000;\">Pitti Immagine Uomo 94 presenta<\/span><\/p>\n<p><span style=\"color: #000000;\">ROBERTO CAVALLI <\/span><br \/>\n<span style=\"color: #000000;\">Special Guest<\/span><\/p>\n<p><span style=\"color: #000000;\">In scena la prima collezione maschile disegnata da Paul Surridge<\/span><\/p>\n<div><\/div>\n<p><!--more--><\/p>\n<div><span style=\"color: #000000;\">Il <strong>Gruppo Roberto Cavalli<\/strong> sceglie Pitti Uomo come piattaforma per il lancio worldwide del suo nuovo progetto di moda maschile, con un evento speciale \u2013 mercoled\u00ec 13 giugno 2018 \u2013 realizzato nello stile distintivo della maison.<\/span><\/div>\n<div><span style=\"color: #000000;\">Azienda dal respiro internazionale e una delle pi\u00f9 importanti del lusso italiano nel mondo, <strong>Roberto Cavalli<\/strong> torna a sfilare nella sua citt\u00e0 di origine con la prima collezione maschile firmata da Paul Surridge, nuovo direttore creativo di tutte le linee del gruppo.<\/span><\/div>\n<div><\/div>\n<div>&#8220;<span style=\"color: #000000;\">Quella tra Pitti Immagine e Roberto Cavalli \u00e8 una lunga storia d&#8217;amore \u2013 dice<strong> Raffaello Napoleone, Amministratore Delegato di Pitti Immagine<\/strong> \u2013 iniziata quasi vent\u2019anni fa. La sfilata a Firenze, al prossimo Pitti Uomo, della prima collezione menswear firmata da Paul Surridge sancisce ulteriormente questo legame, con noi di Pitti e con la citt\u00e0. \u00c8 il ritorno di uno dei campioni dell\u2019Italian style, uno dei marchi che hanno reso Firenze capitale della moda nel mondo, e allo stesso tempo l\u2019occasione per sottolineare il nuovo corso del brand, guidato dal talento stilistico del nuovo direttore creativo. Siamo davvero felici di presentare questo Special Guest, al cui evento stiamo lavorando in grande sinergia col Gruppo Roberto Cavalli&#8221;<\/span>.<\/div>\n<div><\/div>\n<div><span style=\"color: #000000;\">&#8220;La Roberto Cavalli \u00e8 nata a Firenze ed \u00e8 naturale che il suo rilancio passi da questa citt\u00e0. &#8211; dice <strong>Gian Giacomo Ferraris, CEO di Roberto Cavalli Group<\/strong> &#8211; Siamo quindi particolarmente contenti dell\u2019invito di Pitti Immagine a cominciare il percorso di Paul Surridge per l\u2019uomo di Roberto Cavalli come Special Guest alla 94esima edizione di Pitti Uomo il prossimo giugno. Lo sviluppo dell\u2019abbigliamento maschile \u00e8 una grande opportunit\u00e0 di business per la Cavalli e il talento, la visione e l\u2019esperienza di Paul presentati a Pitti sono la base di partenza ideale.\u201d<\/span><\/div>\n<div><span style=\"color: #000000;\"><strong>GRUPPO ROBERTO CAVALLI<\/strong><\/span><\/div>\n<div><span style=\"color: #000000;\">Clessidra SGR, il fondo d\u2019investimento italiano che nell\u2019aprile del 2015 ha acquisito il 90% del Gruppo Cavalli &#8211; una delle pi\u00f9 importanti aziende italiane operanti nei settori della moda, degli accessori di lusso e del lifestyle \u2013 e ha nominato Gian Giacomo Ferraris Amministratore Delegato dell\u2019azienda nel luglio 2016. Laureato in ingegneria, Gian Giacomo Ferraris, \u00e8 una figura di spicco nell\u2019ambito della moda internazionale in cui si \u00e8 distinto contribuendo allo sviluppo di prestigiosi marchi nel settore del lusso, come il Gucci Group (Gucci, YSL, Stella McCartney, Alexander McQueen, Bottega Veneta), Jil Sander e Versace.\u00a0<\/span><\/div>\n<div><span style=\"color: #000000;\">Guidato da un forte rispetto verso l\u2019eccezionale heritage dell\u2019azienda, ma al contempo estremamente determinato a definire una nuova fase evolutiva improntata a un dinamismo moderno e in linea con le esigenze di donne e uomini contemporanei, nel maggio del 2017 il designer inglese Paul Surridge ha assunto la direzione creativa di tutti i marchi del Gruppo.<\/span> La <span style=\"color: #000000;\">sfilata donna PE 2018 ha segnato il suo debutto ufficiale alle redini del marchio Roberto Cavalli. Un abbraccio spontaneo tra lo stilista inglese e il fondatore dell\u2019azienda Roberto Cavalli ha celebrato al termine dello show il passaggio di testimone tra i due creativi. Se Roberto Cavalli a partire dagli anni Settanta ha saputo trasformare una piccola azienda specializzata nella stampa su pelle in un colosso del lusso internazionale, Paul Surridge \u00e8 chiamato ora a scrivere un nuovo capitolo per il gruppo che affronta le sfide dei trasformati mercati internazionali con una mentalit\u00e0 chiara e determinata.\u00a0<\/span><\/div>\n<div><span style=\"color: #000000;\">Focalizzandosi su un\u2019estetica precisa in cui silhouette donanti, materiali eccezionali e lavorazioni speciali contribuiscono a definire un\u2019immagine lussuosa e sofisticata, Paul Surridge infonde nel marchio Roberto Cavalli un\u2019energia dinamica e urbana. Un nuovo daywear versatile ed elegante prende il sopravvento nelle collezioni femminili e maschili in cui fantasia, sartorialit\u00e0 e funzionalit\u00e0 si combinano in creazioni dallo spirito moderno e raffinato. Gli accessori, che esaltano la tradizionale raffinatezza manifatturiera del marchio, mixano un gusto artigianale con un\u2019estetica ispirata al design contemporaneo.<\/span><\/div>\n<div style=\"text-align: center;\"><\/div>\n<div style=\"text-align: center;\"><\/div>\n<div style=\"text-align: center;\"><span style=\"color: #000000;\">Testo\u00a0e immagine a cura ufficio Stampa\u00a0Pitti Immagine <\/span><br \/>\n<span style=\"color: #000000;\"> Tutti i diritti riservati \u00a9 2018 \u2013 Email: nonsolomodanews@gmail.com<\/span><\/div>\n<div><\/div>\n","protected":false},"excerpt":{"rendered":"<p>Pitti Immagine Uomo 94 presenta ROBERTO CAVALLI Special Guest In scena la prima collezione maschile disegnata da Paul Surridge<\/p>\n","protected":false},"author":1,"featured_media":17407,"comment_status":"open","ping_status":"open","sticky":false,"template":"","format":"standard","meta":{"rop_custom_images_group":[],"rop_custom_messages_group":[],"rop_publish_now":"initial","rop_publish_now_accounts":[],"rop_publish_now_history":[],"rop_publish_now_status":"pending","footnotes":""},"categories":[16],"tags":[570,2271,2534,2269],"class_list":["post-17406","post","type-post","status-publish","format-standard","has-post-thumbnail","hentry","category-articolo","tag-firenze","tag-pitti","tag-pitti-immagine","tag-pitti-uomo"],"_links":{"self":[{"href":"https:\/\/www.nonsolomodanews.it\/wordpress\/wp-json\/wp\/v2\/posts\/17406","targetHints":{"allow":["GET"]}}],"collection":[{"href":"https:\/\/www.nonsolomodanews.it\/wordpress\/wp-json\/wp\/v2\/posts"}],"about":[{"href":"https:\/\/www.nonsolomodanews.it\/wordpress\/wp-json\/wp\/v2\/types\/post"}],"author":[{"embeddable":true,"href":"https:\/\/www.nonsolomodanews.it\/wordpress\/wp-json\/wp\/v2\/users\/1"}],"replies":[{"embeddable":true,"href":"https:\/\/www.nonsolomodanews.it\/wordpress\/wp-json\/wp\/v2\/comments?post=17406"}],"version-history":[{"count":3,"href":"https:\/\/www.nonsolomodanews.it\/wordpress\/wp-json\/wp\/v2\/posts\/17406\/revisions"}],"predecessor-version":[{"id":17411,"href":"https:\/\/www.nonsolomodanews.it\/wordpress\/wp-json\/wp\/v2\/posts\/17406\/revisions\/17411"}],"wp:featuredmedia":[{"embeddable":true,"href":"https:\/\/www.nonsolomodanews.it\/wordpress\/wp-json\/wp\/v2\/media\/17407"}],"wp:attachment":[{"href":"https:\/\/www.nonsolomodanews.it\/wordpress\/wp-json\/wp\/v2\/media?parent=17406"}],"wp:term":[{"taxonomy":"category","embeddable":true,"href":"https:\/\/www.nonsolomodanews.it\/wordpress\/wp-json\/wp\/v2\/categories?post=17406"},{"taxonomy":"post_tag","embeddable":true,"href":"https:\/\/www.nonsolomodanews.it\/wordpress\/wp-json\/wp\/v2\/tags?post=17406"}],"curies":[{"name":"wp","href":"https:\/\/api.w.org\/{rel}","templated":true}]}}