{"id":17399,"date":"2018-05-06T19:17:10","date_gmt":"2018-05-06T19:17:10","guid":{"rendered":"http:\/\/www.nonsolomodanews.it\/wordpress\/?p=17399"},"modified":"2018-05-06T19:17:10","modified_gmt":"2018-05-06T19:17:10","slug":"apre-la-19esima-edizione-di-cibus-le-strategie-dellalimentare-italiano-a-cibus-2018","status":"publish","type":"post","link":"https:\/\/www.nonsolomodanews.it\/wordpress\/apre-la-19esima-edizione-di-cibus-le-strategie-dellalimentare-italiano-a-cibus-2018\/","title":{"rendered":"APRE LA 19ESIMA EDIZIONE DI CIBUS &#8211; LE STRATEGIE DELL\u2019ALIMENTARE ITALIANO A CIBUS 2018"},"content":{"rendered":"<p><span style=\"color: #000000;\"><a style=\"color: #000000;\" href=\"http:\/\/www.nonsolomodanews.it\/wordpress\/wp-content\/uploads\/2018\/05\/condivisione_sito_1.jpg\"><img loading=\"lazy\" decoding=\"async\" class=\"alignleft size-medium wp-image-17400\" src=\"http:\/\/www.nonsolomodanews.it\/wordpress\/wp-content\/uploads\/2018\/05\/condivisione_sito_1-300x164.jpg\" alt=\"condivisione_sito_1\" width=\"300\" height=\"164\" srcset=\"https:\/\/www.nonsolomodanews.it\/wordpress\/wp-content\/uploads\/2018\/05\/condivisione_sito_1-300x164.jpg 300w, https:\/\/www.nonsolomodanews.it\/wordpress\/wp-content\/uploads\/2018\/05\/condivisione_sito_1.jpg 365w\" sizes=\"auto, (max-width: 300px) 100vw, 300px\" \/><\/a>Apre il 7 maggio a Parma la 19\u00b0 edizione di Cibus \u2013 Il programma \u2013 L\u2019aumento dell\u2019export ed i mercati target \u2013 Nuovi prodotti e trend di consumo<\/span><\/p>\n<p><span style=\"color: #000000;\"><!--more--><\/span><\/p>\n<p><span style=\"color: #000000;\">Il settore alimentare italiano continua a crescere e presenter\u00e0 i risultati raggiunti e le proposte per il futuro alla fiera di riferimento, Cibus 2018 (a Parma dal 7 al 10 maggio, organizzata da Fiere di Parma e Federalimentare), il cui programma \u00e8 stato presentato oggi alla stampa.<\/span><\/p>\n<p><span style=\"color: #000000;\">Il fatturato dell\u2019industria alimentare ha raggiunto i 137 miliardi di euro mostrando una crescita del 3,8%; l\u2019export per\u00f2 cresce di oltre il 6% e ormai vale complessivamente oltre 41 miliardi di cui oltre 32 di prodotti finiti (dati 2017, Federalimentare e Osservatorio CibusExport). Con i consumi alimentari ancora deboli in Italia, l\u2019export quindi diventa sempre pi\u00f9 strategico. Le esportazioni crescono in tutte le geografie, ma si registra finalmente un recupero di Russia, Spagna e Sud America mentre si mantiene estremamente sostenuta la crescita in Nord America e in Asia. Le merceologie che performano meglio anche nel 2017 sono formaggi, salumi, dolciario e spumanti ma mostrano tassi di sviluppo molto interessanti le farine speciali, i preparati gastronomici e dietetici, distillati e acque minerali.\u00a0\u00a0\u00a0<\/span><\/p>\n<p><span style=\"color: #000000;\">Nell\u2019Anno del Cibo Italiano la filiera dell\u2019agroalimentare celebrer\u00e0 i risultati raggiunti e presenter\u00e0 nuovi prodotti alla 19\u00b0 edizione di Cibus. Saranno 3.100 gli espositori presenti (+100 espositori rispetto all\u2019edizione 2016); pi\u00f9 di 135.000 mq espositivi (con un incremento di +5.000 mq rispetto all\u2019edizione 2016 grazie alla realizzazione di un nuovo padiglione temporaneo); sono attesi 80.000 visitatori professionali, di cui il 20% dall\u2019estero, e, tra questi, 2.500 top buyers; arriveranno circa 1300 giornalisti, i maggiori quotidiani e tv nazionali oltre alle testate specializzate.<\/span><\/p>\n<p><span style=\"color: #000000;\">Mille i nuovi prodotti che saranno esposti a Cibus, il cui elenco verr\u00e0 pubblicato a fine aprile sul sito Cibus.it. Una selezione dei 100 prodotti pi\u00f9 innovativi sar\u00e0 esposta nel Cibus Innovation Corner, una nuova area di esposizione e talks. Cresce il numero degli chef che cucineranno i nuovi prodotti per il tasting dei visitatori, sia nei singoli stand che nelle Food Court dedicate ai prodotti tipici regionali. E l\u2019ampia gamma dei prodotti a denominazione d\u2019origine saranno esposti dai Consorzi di tutela nell\u2019area di AICIG, Associazione Italiana Consorzi Indicazioni Geografiche.<\/span><\/p>\n<p><span style=\"color: #000000;\">Le tendenze dell\u2019alimentare emergeranno dal momento espositivo e da quello convegnistico: la continua crescita dei prodotti salutistici, ma anche dei ready meals; la richiesta dei consumatori focalizzata sia sui prodotti premium sia su quelli low cost. Tra le tante tavole rotonde, convegni, seminari, workshop e talks, Cibus sar\u00e0 l\u2019occasione per fare il punto sulle tematiche pi\u00f9 rilevanti: biotecnologie e ricerca scientifica nell\u2019alimentare; innovazione e sostenibilit\u00e0; prevenzione degli sprechi alimentari; le fake news nell\u2019alimentare; la promozione all\u2019estero dei prodotti italiani e la piaga dell\u2019italian sounding; punto vendita fisico e vendite on line, come sar\u00e0 il negozio del futuro; le frontiere del marketing nei punti vendita; i novel foods (insetti e carne coltivata); dove va il packaging; gli chef come influencer; ed altro ancora.<\/span><\/p>\n<p><span style=\"color: #000000;\">Il fuori salone in citt\u00e0, CIBUS OFF, si terr\u00e0 dal 5 al 13 Maggio in piazza Garibaldi a Parma e si integra nell\u2019organizzazione delle attivit\u00e0 di promozione di \u201cParma City of Gastronomy\u201d.<\/span><\/p>\n<p><span style=\"color: #000000;\">\u00a0\u201cCibus \u00e8 tradizione e innovazione, con la stessa formula vogliamo raccontare lo straordinario patrimonio agroalimentare italiano \u2013 ha dichiarato in conferenza stampa Andrea Olivero, Vice Ministro delle politiche agricole alimentari e forestali &#8211; Il Governo aveva posto, gi\u00e0 in occasione di Expo2015, il traguardo dei 50 miliardi di euro di export entro il 2020 e fa piacere constatare che la tabella di marcia verso questo ambizioso obiettivo sia rispettata. Certamente il 2018, con le iniziative dell\u2019Anno del Cibo italiano, rappresenta un\u2019occasione per porre al centro dell\u2019attenzione la grande eredit\u00e0 culturale che ci contraddistingue e contribuire alla crescita economica di un settore strategico per l\u2019economia del nostro Paese\u201d.\u00a0\u00a0\u00a0\u00a0 Antonio Ferraioli, Vicepresidente di Federalimentare (che terr\u00e0 la propria assemblea generale a Cibus) ha presentato lo stato dell\u2019arte del comparto agroalimentare: \u201cSiamo nell&#8217;anno che celebra il cibo italiano e i dati di settore appoggiano pienamente l&#8217;importante investitura. Dopo un 2017 che si \u00e8 lasciato finalmente alle spalle la crisi, infatti, anche per il 2018 l&#8217;agroalimentare sembra confermarsi il settore trainante dell&#8217;economia italiana crescendo di pi\u00f9 e meglio di altri comparti ed \u00e8 proprio per questo che la valorizzazione e la promozione del nostro Made in Italy deve essere centrale non solo nelle politiche italiane, ma anche a Bruxelles dove si giocano le battaglie su cui si decide la nostra competitivit\u00e0&#8221;.<\/span><\/p>\n<p><span style=\"color: #000000;\">Un concetto che \u00e8 stato sottolineato anche dal Gian Domenico Auricchio, Presidente di Fiere di Parma: \u201cCibus sar\u00e0 quindi l&#8217;espressione apicale dell&#8217;Anno del Cibo Italiano, in ambito business. Un parterre espositivo unico nel panorama internazionale che esprime al meglio l&#8217;eccellenza della produzione agroalimentare italiana e che \u00e8, da sempre, la piattaforma privilegiata per l&#8217;export dei prodotti nazionali verso tutti i mercati obiettivo\u201d.<\/span><\/p>\n<p><span style=\"color: #000000;\">L\u2019impegno di Agenzia ICE per l\u2019export alimentare \u00e8 stato sottolineato da Ines Aronadio, Dirigente dell&#8217;Ufficio Coordinamento Promozione del Made in\u00a0\u00a0 Italy di ICE-Agenzia: &#8221; L\u2019export ha registrato un aumento del +7% sull\u2019anno precedente e in vista della celebrazione del 2018 come l&#8217;Anno del Cibo italiano,\u00a0 l&#8217;Agenzia ICE, grazie alla sua diffusa rete di uffici all&#8217;estero e all&#8217;esperienza maturata in oltre 90 anni di attivit\u00e0 di promozione del Made in Italy, \u00e8 ancor pi\u00f9 attenta nel cogliere le opportunit\u00e0 presenti nei mercati esteri per le PMI italiane. In occasione del Cibus 2018, registriamo la presenza record di 370 buyer opportunamente selezionati ed invitati dalla rete estera, d&#8217;intesa con Fiere di Parma&#8221;.<\/span><\/p>\n<p><span style=\"color: #000000;\">Sulle nuove tendenze di consumo dell\u2019alimentare e sulle novit\u00e0 di Cibus2018 \u00e8 intervenuto Antonio Cellie, Ceo di Fiere di Parma: \u201cLa capacit\u00e0 di innovazione delle imprese alimentari italiane riesce sempre a sorprenderci e rappresenta la vera competenza distintiva del settore e quindi di Cibus. Ognuno dei nostri oltre 3.000 espositori presenter\u00e0 innovazioni di prodotto sempre pi\u00f9 mirate ai diversi mercati internazionali garantendo la tenuta o addirittura l\u2019incremento dello straordinario ciclo di sviluppo del nostro export nonch\u00e9 la soddisfazione degli 80.000 visitatori che arriveranno da tutto il mondo a Parma dal 7 al 10 maggio.<\/span><\/p>\n<p style=\"text-align: center;\"><span style=\"color: #000000;\">Testo a cura ufficio Stampa Cibus \u2013\u00a0FaniniUfficioStampa<\/span><br \/>\n<span style=\"color: #000000;\"> Tutti i diritti riservati \u00a9 2018 \u2013 Email: nonsolomodanews@gmail.com<\/span><\/p>\n","protected":false},"excerpt":{"rendered":"<p>Apre il 7 maggio a Parma la 19&deg; edizione di Cibus &ndash; Il programma &ndash; L&rsquo;aumento dell&rsquo;export ed i mercati target &ndash; Nuovi prodotti e trend di consumo<\/p>\n","protected":false},"author":1,"featured_media":17403,"comment_status":"open","ping_status":"open","sticky":false,"template":"","format":"standard","meta":{"rop_custom_images_group":[],"rop_custom_messages_group":[],"rop_publish_now":"initial","rop_publish_now_accounts":[],"rop_publish_now_history":[],"rop_publish_now_status":"pending","footnotes":""},"categories":[16],"tags":[2532,372,2533,1142],"class_list":["post-17399","post","type-post","status-publish","format-standard","has-post-thumbnail","hentry","category-articolo","tag-cibus","tag-comunicato-stampa-2","tag-food","tag-parma"],"_links":{"self":[{"href":"https:\/\/www.nonsolomodanews.it\/wordpress\/wp-json\/wp\/v2\/posts\/17399","targetHints":{"allow":["GET"]}}],"collection":[{"href":"https:\/\/www.nonsolomodanews.it\/wordpress\/wp-json\/wp\/v2\/posts"}],"about":[{"href":"https:\/\/www.nonsolomodanews.it\/wordpress\/wp-json\/wp\/v2\/types\/post"}],"author":[{"embeddable":true,"href":"https:\/\/www.nonsolomodanews.it\/wordpress\/wp-json\/wp\/v2\/users\/1"}],"replies":[{"embeddable":true,"href":"https:\/\/www.nonsolomodanews.it\/wordpress\/wp-json\/wp\/v2\/comments?post=17399"}],"version-history":[{"count":3,"href":"https:\/\/www.nonsolomodanews.it\/wordpress\/wp-json\/wp\/v2\/posts\/17399\/revisions"}],"predecessor-version":[{"id":17405,"href":"https:\/\/www.nonsolomodanews.it\/wordpress\/wp-json\/wp\/v2\/posts\/17399\/revisions\/17405"}],"wp:featuredmedia":[{"embeddable":true,"href":"https:\/\/www.nonsolomodanews.it\/wordpress\/wp-json\/wp\/v2\/media\/17403"}],"wp:attachment":[{"href":"https:\/\/www.nonsolomodanews.it\/wordpress\/wp-json\/wp\/v2\/media?parent=17399"}],"wp:term":[{"taxonomy":"category","embeddable":true,"href":"https:\/\/www.nonsolomodanews.it\/wordpress\/wp-json\/wp\/v2\/categories?post=17399"},{"taxonomy":"post_tag","embeddable":true,"href":"https:\/\/www.nonsolomodanews.it\/wordpress\/wp-json\/wp\/v2\/tags?post=17399"}],"curies":[{"name":"wp","href":"https:\/\/api.w.org\/{rel}","templated":true}]}}