{"id":170,"date":"2013-04-26T22:24:37","date_gmt":"2013-04-26T22:24:37","guid":{"rendered":"http:\/\/nonsolomodanews.wordpress.com\/?p=170"},"modified":"2013-04-26T22:24:37","modified_gmt":"2013-04-26T22:24:37","slug":"huyen-negri-huy-per-gli-amici-e-la-modella-che-ci-racconta-di-se","status":"publish","type":"post","link":"https:\/\/www.nonsolomodanews.it\/wordpress\/huyen-negri-huy-per-gli-amici-e-la-modella-che-ci-racconta-di-se\/","title":{"rendered":"Huyen Negri (Huy per gli amici) \u00e8 la modella che ci racconta di s\u00e8."},"content":{"rendered":"<p><a href=\"http:\/\/nonsolomodanews.files.wordpress.com\/2013\/04\/dsc3317.jpg\"><img loading=\"lazy\" decoding=\"async\" class=\"aligncenter size-medium wp-image-180\" alt=\"_DSC3317\" src=\"http:\/\/nonsolomodanews.files.wordpress.com\/2013\/04\/dsc3317.jpg?w=198\" width=\"198\" height=\"300\" \/><\/a>Huyen Negri (Huy per gli amici) \u00e8 una giovane ragazza di origine asiatiche che all\u2019et\u00e0 di due mesi fu adottata da una famiglia italiana. Cresciuta come tante ragazze italiane, vive in un piccolo paese della provincia di Milano insieme ai suoi genitori adottivi e a suo fratello. In questo momento il suo impegno \u00e8 quello di dedicarsi allo studio nel campo della moda e quando \u00e8 libera dagli impegni scolastici fa la modella e fotomodella. Caratteristica di Huy sono i capelli lunghissimi, 70 cm.<\/p>\n<p><b><i>Ciao Huyen, grazie per la tua disponibilit\u00e0 a permetterci di conoscerti meglio <\/i><\/b><\/p>\n<p><i>\u201cGrazie a voi\u201d.<\/i><\/p>\n<p><b>Chi \u00e8 Huyen Negri, ti vuoi presentare ?<\/b><i>&#8220;<\/i><br \/>\nSono di origini asiatiche essendo nata ad Hanoi, la capitale del Vietnam, ma ho avuto la fortuna di essere stata adottata quando avevo due mese da due persone splendide come mamma e pap\u00e0\u201d.<\/p>\n<p><b>Come si chiamano mamma e pap\u00e0?<br \/>\n<\/b><i>\u201cPaola e Carlo\u201d.<\/i><\/p>\n<p><b><a href=\"http:\/\/nonsolomodanews.files.wordpress.com\/2013\/04\/dsc3427.jpg\"><img loading=\"lazy\" decoding=\"async\" class=\"alignleft size-medium wp-image-186\" alt=\"_DSC3427\" src=\"http:\/\/nonsolomodanews.files.wordpress.com\/2013\/04\/dsc3427.jpg?w=300\" width=\"300\" height=\"198\" \/><\/a>Come sei di carattere<\/b>?<br \/>\n<i>\u201cSono testarda e se mi metto un mente qualcosa difficile che me la si tolga\u201d <\/i><\/p>\n<p><b>Stai andando a scuola? <\/b><br \/>\n<i>Si, frequento l\u2019Istituto Professionale per i servizi Commerciali Kandisky a Milano\u201d.<\/i><\/p>\n<p><b><a href=\"http:\/\/nonsolomodanews.files.wordpress.com\/2013\/04\/dsc3344.jpg\"><img loading=\"lazy\" decoding=\"async\" class=\"alignright size-medium wp-image-183\" alt=\"_DSC3344\" src=\"http:\/\/nonsolomodanews.files.wordpress.com\/2013\/04\/dsc3344.jpg?w=198\" width=\"198\" height=\"300\" \/><\/a>Che cosa stai studiando?<\/b><br \/>\n<i>\u201cIl mio indirizzo \u00e8 abbigliamento e moda, sono al 5 e ultimo anno, anche se avevo iniziato con il liceo linguistico ma non mi trovavo bene e cos\u00ec ho cambiato\u201d.<\/i><\/p>\n<p><b>Perch\u00e9 hai scelto una scuola professionale?<\/b><br \/>\n<i>&#8220;Mi \u00e9 sempre piaciuta la moda a 360 gradi e non solo per la moda in s\u00e9. Anche se ora, per l&#8217;indirizzo che ho scelto, penso di fare all&#8217; universit\u00e0 management\u201d. <\/i><\/p>\n<p><b>Adesso fai la fotomodella per passione ma ho saputo che tu in passato ha lavorato con personaggi importanti della tv e fatto servizi per famose marche di moda. Ci racconti?<\/b><br \/>\n<i>\u201cVero. Dai 9 ai 13 anni, ho fatto servizi fotografici dai Per Trussardi, Dolce e Gabbana e Nike. Poi ho anche fatto servizi con Natalia Estrada\u201d.<\/i><\/p>\n<p><b>Come ricordi quei periodi?<\/b><br \/>\n<i>\u201cBelli, anche sen non ricordo bene, ero troppo piccola e solo ora ho compreso la fortuna che ho avuto\u201d.<\/i><\/p>\n<p><b>Hai fotografie, immagini, video di quel periodo?<\/b><br \/>\n<i>\u201cNo, purtroppo. Il servizio con Natalia Estrada \u00e8 finito su una rivista ma non so se ce lo ancora, il servizio<\/i> <i>l\u2019ho fatto quando avevo 9 anni\u2026\u201d<\/i><\/p>\n<p><b><a href=\"http:\/\/nonsolomodanews.files.wordpress.com\/2013\/04\/dsc3411.jpg\"><img loading=\"lazy\" decoding=\"async\" class=\"aligncenter size-medium wp-image-185\" alt=\"_DSC3411\" src=\"http:\/\/nonsolomodanews.files.wordpress.com\/2013\/04\/dsc3411.jpg?w=198\" width=\"198\" height=\"300\" \/><\/a>Mamma e pap\u00e0 sono contenti della tua scelta di fare la fotomodella a &#8220;tempo perso&#8221;?<\/b><br \/>\n<i>&#8220;Non si sono mai espressi&#8221;<\/i><\/p>\n<p><b>Cosa porti della scuola di moda nel tuo lavoro? Tu sei modella o solo fotomodella?<\/b><br \/>\n<i>\u201cNon molto anche se vorrei portare di pi\u00f9, spero in futuro. Io sono Fotomodella ma molto occasionale. Se mi viene data opportunit\u00e0 la colgo al volo\u201d.<\/i><\/p>\n<div id=\"attachment_173\" style=\"width: 209px\" class=\"wp-caption alignnone\"><a href=\"http:\/\/nonsolomodanews.files.wordpress.com\/2013\/04\/image_1367010137058838.jpg\"><img loading=\"lazy\" decoding=\"async\" aria-describedby=\"caption-attachment-173\" class=\"size-medium wp-image-173\" alt=\"ph. Stefano Boccuzzi\" src=\"http:\/\/nonsolomodanews.files.wordpress.com\/2013\/04\/image_1367010137058838.jpg?w=199\" width=\"199\" height=\"300\" \/><\/a><p id=\"caption-attachment-173\" class=\"wp-caption-text\">ph. Stefano Boccuzzi<\/p><\/div>\n<p><strong>Tu sei di origine asiatica. Come \u00e8 stata la tua infanzia da italiana con tratti somatici differenti. Come sono stati i rapporti con i tuoi compagni?<\/strong><br \/>\n<i>\u201cNormali, mai avuto diversit\u00e0. Sono sempre stata considerata come una di loro, ma avuto ostacoli\u201d.<\/i><\/p>\n<p><b>Del tuo paese di origine porti ancora qualche tradizione, ci sei mai tornata?<\/b><br \/>\n\u201c<i>No, non conosco nulla e non ci sono mai tornata. Sono stata adottata a 2 mesi non ricordo niente\u201d.<\/i><\/p>\n<p><b>Sei fidanzata?<\/b><br \/>\n<i>\u201cOra no, ho lasciato da poco il moroso\u201d.<\/i><\/p>\n<p><b><a href=\"http:\/\/nonsolomodanews.files.wordpress.com\/2013\/04\/dsc3315.jpg\"><img loading=\"lazy\" decoding=\"async\" class=\"alignnone size-medium wp-image-179\" alt=\"_DSC3315\" src=\"http:\/\/nonsolomodanews.files.wordpress.com\/2013\/04\/dsc3315.jpg?w=198\" width=\"198\" height=\"300\" \/><\/a>Cosa cerchi in un ragazzo?<\/b><br \/>\n<i>\u201cUn ragazzo che mi deve attrarre ma che mi faccia stare bene che mi prenda sentimentalmente che non faccia il codardo. Che non abbia paura ad esporsi, spontaneo e sincero. Intelligente nella norma e ovviamente simpatico. Che mi faccia ridere, che sia il mio ragazzo ma anche che mi possa confidare con lui\u201d.<\/i><\/p>\n<p><b>Hai amiche del cuore?<\/b><br \/>\n<i>\u201cMolte e mi dimostrano comunque sempre qualcosa\u201d<\/i><\/p>\n<p><b><a href=\"http:\/\/nonsolomodanews.files.wordpress.com\/2013\/04\/image_1367010164734198.jpg\"><img loading=\"lazy\" decoding=\"async\" class=\"alignnone size-medium wp-image-174\" alt=\"image_1367010164734198\" src=\"http:\/\/nonsolomodanews.files.wordpress.com\/2013\/04\/image_1367010164734198.jpg?w=300\" width=\"300\" height=\"225\" \/><\/a><\/b><\/p>\n<p><b>In che senso? che cosa ti dimostrano?<\/b><br \/>\n<i>\u201cMi stanno vicino in tutti i momenti anche in quelli piu difficili ora come ora ho piu intuito con le amicizie meno con i ragazzi ma questa e un altra storia\u201d.<\/i><\/p>\n<p><b>La gente desidera sapere cosa spinga una ragazza a mettersi in gioco e farsi fotografare. Tu come hai iniziato e pensi che tu essendo di origini asiatiche (esattamente di dove sei) sei stata agevolata nella tua attivit\u00e0?<\/b><br \/>\n<i>\u201cA me piace farmi fotografare, poi mi sono fermata per gli studi e anche perch\u00e8 mia mamma non riusciva pi\u00f9 a seguirmi. Io mi diverti e se non lo prendi come un lavoro tutto va bene, senno dopo lo odi e non ti piace pi\u00f9 come all&#8217;inizio. Sono nata ad Hanoi, capitale del Vietnam. \u00a0Agevolata no, ma le caratteristiche diverse rispetto alle altre persone si.<a href=\"http:\/\/nonsolomodanews.files.wordpress.com\/2013\/04\/dsc3359.jpg\"><img loading=\"lazy\" decoding=\"async\" class=\"alignright size-medium wp-image-184\" alt=\"_DSC3359\" src=\"http:\/\/nonsolomodanews.files.wordpress.com\/2013\/04\/dsc3359.jpg?w=198\" width=\"198\" height=\"300\" \/><\/a><\/i><\/p>\n<p><b>Figlia unica o hai fratelli?<\/b><i><\/i><br \/>\n<i>\u201cUn fratello di 26 anni con il quale ho un ottimo rapporto\u201d.<\/i><\/p>\n<p><b>Come hai iniziato, chi ti ha aiutato a fare la fotomodella?<\/b><br \/>\n<em>\u201cMia mamma e gli amici che dicevano che ero una bella bambina e a me piaceva. Non c&#8217;era il problema. Quando diventi grande le regole cambiano e non vieni pi\u00f9 considerata bambina ma ragazza e tutto cambia\u201d.<\/em><\/p>\n<p><b>Quando hai iniziato a calcare i set fotografici qual era il pensiero dominante prima &#8211; durante e dopo lo scatto, se ne hai avuto uno? Qual \u00e8 stato il tuo percorso professionale?<\/b><br \/>\n<i>\u201cNon ne ho avuti di particolare .. Pensavo a divertirmi\u201d.<\/i><\/p>\n<p><b>Che cosa apprezzi di pi\u00f9 del tuo fisico, la parte fisica che ti piace di pi\u00f9?<\/b><br \/>\n<i>\u201cA dire la verit\u00e0 sono molto critica con me stessa ma non posso fare nulla, sono cosi\u201d.<\/i><\/p>\n<p><b>Se avessi una bacchetta magica cosa vorresti di differente nel tuo fisico?<\/b><br \/>\n<i>&#8220;L&#8217;altezza\u201d.<\/i><\/p>\n<p><b>Ma non sei bassa!<\/b><br \/>\n<i>\u201cNella media\u201d.<\/i><\/p>\n<p><b><a href=\"http:\/\/nonsolomodanews.files.wordpress.com\/2013\/04\/dsc3342.jpg\"><img loading=\"lazy\" decoding=\"async\" class=\"alignleft size-medium wp-image-182\" alt=\"_DSC3342\" src=\"http:\/\/nonsolomodanews.files.wordpress.com\/2013\/04\/dsc3342.jpg?w=198\" width=\"198\" height=\"300\" \/><\/a>Hai detto che sei testarda quali sono altri punti forti del tuo carattere?<\/b><br \/>\n<i>\u201cDeterminata e Socievole\u201d.<\/i><\/p>\n<p><b>Quali sono i tuoi generi di fotografia e quali ti piacciono di pi\u00f9? <\/b><br \/>\n<i>\u201cNormali in costume si sono carini mi ricorda l&#8217;estate. Un po\u2019 tutti, tranne il nudo che non lo faccio\u201d.<\/i><\/p>\n<p><b>Quando sei in sala o nei vari ambienti, cosa cercano nella tua persona. Spontaneit\u00e0, diversit\u00e0 essendo tu di origine asiatiche o parlando con loro hai visto esigenze differenti?<\/b><br \/>\n<i>\u201cCercano spontaneit\u00e0 e io cerco di esserlo il pi\u00f9 possibile<\/i>\u201d<\/p>\n<p><b>Tu vivi nella provincia di Milano, come vive una ragazza della tua et\u00e0 la provincia. Ti piace il tuo paese o preferisci la grande citt\u00e0?<\/b><br \/>\n<i>\u201cNon mi piace molto vivere nel mio paese ma non sono sicura di Milano. Mi piacerebbe spostarmi verso il veneto naturalmente dipende dalle opportunit\u00e0 di lavoro. In Milano c&#8217;e molta confusione, casino, alcune volte la odio ma forse perch\u00e9 ci vado a scuola. Mi e sempre piaciuto il veneto\u201d<\/i><\/p>\n<p><b>Tu sei giovanissima, qual \u00e8 il rapporto con i social network come Facebook e twitter? Tu sei sempre collegata oppure ogni tanto stacchi?<\/b><br \/>\n<i>\u201cCollegata a casa su internet e poi con l\u2019iphone quando sono in giro\u00a0ma twitter non lo uso\u201d.<a href=\"http:\/\/nonsolomodanews.files.wordpress.com\/2013\/04\/dsc3613.jpg\"><img loading=\"lazy\" decoding=\"async\" class=\"alignnone size-medium wp-image-196\" alt=\"_DSC3613\" src=\"http:\/\/nonsolomodanews.files.wordpress.com\/2013\/04\/dsc3613.jpg?w=300\" width=\"300\" height=\"198\" \/><\/a><\/i><\/p>\n<p><b>Lo usi per lavoro oppure per stare in contatto con i parenti e gli amici?<\/b><br \/>\nAmici principalmente ma ora molti fotografi mi chiedono di fare foto\u201d<br \/>\n<a href=\"http:\/\/nonsolomodanews.files.wordpress.com\/2013\/04\/dsc3523.jpg\"><img loading=\"lazy\" decoding=\"async\" class=\"alignnone size-medium wp-image-191\" alt=\"_DSC3523\" src=\"http:\/\/nonsolomodanews.files.wordpress.com\/2013\/04\/dsc3523.jpg?w=198\" width=\"198\" height=\"300\" \/><\/a><\/p>\n<p><b>Grazie a nome mio e dei nostri lettori per la tua disponibilit\u00e0 e cortesia.<\/b><\/p>\n<p>Fotografie di Bruno Angelo Porcellana ad eccezione di quelle con credit.<\/p>\n","protected":false},"excerpt":{"rendered":"<p>Huyen Negri (Huy per gli amici) &egrave; una giovane ragazza di origine asiatiche che all&rsquo;et&agrave; di due mesi fu adottata da una famiglia italiana. Cresciuta come tante ragazze italiane, vive in un piccolo paese della provincia di Milano insieme ai suoi genitori adottivi e a suo fratello. In questo momento il suo impegno &egrave; quello di dedicarsi allo studio nel campo della moda e quando &egrave; libera dagli impegni scolastici fa la modella e fotomodella. Caratteristica di Huy sono i capelli lunghissimi, 70 cm. Ciao Huyen, grazie per la tua disponibilit&agrave; a permetterci di conoscerti meglio &ldquo;Grazie a voi&rdquo;. Chi &egrave; Huyen Negri, ti vuoi presentare ?&ldquo; Sono di origini asiatiche essendo nata ad Hanoi, la capitale del Vietnam, ma ho avuto la fortuna di essere stata adottata quando avevo due mese da due persone splendide come mamma e pap&agrave;&rdquo;. Come si chiamano mamma e pap&agrave;? &ldquo;Paola e Carlo&rdquo;. Come sei di carattere? &ldquo;Sono testarda e se mi metto un mente qualcosa difficile che me la si tolga&rdquo; Stai andando a scuola? Si, frequento l&rsquo;Istituto Professionale per i servizi Commerciali Kandisky a Milano&rdquo;. Che cosa stai studiando? &ldquo;Il mio indirizzo &egrave; abbigliamento e moda, sono al 5 e ultimo anno, [&hellip;]<\/p>\n","protected":false},"author":1,"featured_media":0,"comment_status":"open","ping_status":"open","sticky":false,"template":"","format":"standard","meta":{"rop_custom_images_group":[],"rop_custom_messages_group":[],"rop_publish_now":"initial","rop_publish_now_accounts":[],"rop_publish_now_history":[],"rop_publish_now_status":"pending","footnotes":""},"categories":[16],"tags":[588,725,746,994,1099,1289],"class_list":["post-170","post","type-post","status-publish","format-standard","hentry","category-articolo","tag-fotomodella","tag-huyen-negri","tag-intervista","tag-milano","tag-nonsolomodanews","tag-scuola"],"_links":{"self":[{"href":"https:\/\/www.nonsolomodanews.it\/wordpress\/wp-json\/wp\/v2\/posts\/170","targetHints":{"allow":["GET"]}}],"collection":[{"href":"https:\/\/www.nonsolomodanews.it\/wordpress\/wp-json\/wp\/v2\/posts"}],"about":[{"href":"https:\/\/www.nonsolomodanews.it\/wordpress\/wp-json\/wp\/v2\/types\/post"}],"author":[{"embeddable":true,"href":"https:\/\/www.nonsolomodanews.it\/wordpress\/wp-json\/wp\/v2\/users\/1"}],"replies":[{"embeddable":true,"href":"https:\/\/www.nonsolomodanews.it\/wordpress\/wp-json\/wp\/v2\/comments?post=170"}],"version-history":[{"count":0,"href":"https:\/\/www.nonsolomodanews.it\/wordpress\/wp-json\/wp\/v2\/posts\/170\/revisions"}],"wp:attachment":[{"href":"https:\/\/www.nonsolomodanews.it\/wordpress\/wp-json\/wp\/v2\/media?parent=170"}],"wp:term":[{"taxonomy":"category","embeddable":true,"href":"https:\/\/www.nonsolomodanews.it\/wordpress\/wp-json\/wp\/v2\/categories?post=170"},{"taxonomy":"post_tag","embeddable":true,"href":"https:\/\/www.nonsolomodanews.it\/wordpress\/wp-json\/wp\/v2\/tags?post=170"}],"curies":[{"name":"wp","href":"https:\/\/api.w.org\/{rel}","templated":true}]}}