{"id":16977,"date":"2017-11-28T13:15:52","date_gmt":"2017-11-28T13:15:52","guid":{"rendered":"http:\/\/www.nonsolomodanews.it\/wordpress\/?p=16977"},"modified":"2017-11-28T14:11:08","modified_gmt":"2017-11-28T14:11:08","slug":"il-motor-show-delle-grandi-passioni-is-coming-stay-tuned","status":"publish","type":"post","link":"https:\/\/www.nonsolomodanews.it\/wordpress\/il-motor-show-delle-grandi-passioni-is-coming-stay-tuned\/","title":{"rendered":"IL MOTOR SHOW DELLE GRANDI PASSIONI IS COMING. STAY TUNED"},"content":{"rendered":"<p style=\"text-align: justify;\"><span style=\"color: #000000;\"><a href=\"http:\/\/www.nonsolomodanews.it\/wordpress\/wp-content\/uploads\/2017\/11\/IMG_7484-e1511873742643.jpg\"><img loading=\"lazy\" decoding=\"async\" class=\"alignleft size-medium wp-image-16960\" src=\"http:\/\/www.nonsolomodanews.it\/wordpress\/wp-content\/uploads\/2017\/11\/IMG_7484-e1511873742643-225x300.jpg\" alt=\"IMG_7484\" width=\"225\" height=\"300\" srcset=\"https:\/\/www.nonsolomodanews.it\/wordpress\/wp-content\/uploads\/2017\/11\/IMG_7484-e1511873742643-225x300.jpg 225w, https:\/\/www.nonsolomodanews.it\/wordpress\/wp-content\/uploads\/2017\/11\/IMG_7484-e1511873742643-768x1024.jpg 768w, https:\/\/www.nonsolomodanews.it\/wordpress\/wp-content\/uploads\/2017\/11\/IMG_7484-e1511873742643-1080x1440.jpg 1080w\" sizes=\"auto, (max-width: 225px) 100vw, 225px\" \/><\/a>Dal 2 al 10 dicembre 2017 lo spettacolo dell\u2019auto in Italia torna a Bologna<\/span><br \/>\n<span style=\"color: #000000;\">L\u2019edizione 2017 del Motor Show di BolognaFiere sar\u00e0 indimenticabile! Il Motor Show, in calendario dal 2 al 10 dicembre, porter\u00e0 in pista pi\u00f9 motorsport, pi\u00f9 autoshow, pi\u00f9 competizioni, pi\u00f9 acrobazie.<\/span><\/p>\n<p style=\"text-align: justify;\"><!--more--><\/p>\n<p style=\"text-align: justify;\"><span style=\"color: #000000;\">\u201cIl Motor Show \u00e8 un cantiere in continua evoluzione, \u00e8 un concept che evolve come il mercato, assecondando le scelte dei visitatori, i nostri consumatori, e le strategie commerciali delle aziende, i nostri prospect. &#8211; afferma <strong>Rino <\/strong><strong>Drogo<\/strong>, Motor Show Director &#8211; <em>Nel 2016 erano 200 i brand presenti tra case\u00a0 automobilistiche, componentisti, sistemisti e rappresentanti a vario titolo del business che il sistema auto muove. Nel 2017 i brand esposti saranno<\/em><\/span><br \/>\n<span style=\"color: #000000;\"><em>370\u201d<\/em>. Protagoniste nel 2017 saranno le auto da corsa dove la passione per i motori diventa massima. Le case saranno presenti sia in esposizione che in azione, con modelli innovativi presentati nei padiglioni, esibizioni straordinarie e vetture a disposizione del pubblico nelle aree test.<\/span><br \/>\n<span style=\"color: #000000;\">I brand automotive che hanno scelto di esserci quest\u2019anno sono <strong>Fiat, Lancia, Alfa Romeo, Jeep, Abarth, Mopar, <\/strong><strong>Peugeot, Citroen, Ds, Hyundai, Kia, Volvo, Honda, Tesla, Suzuki, Ferrari, Lamborghini, Militem, Cadillac, Corvette, <\/strong><strong>Chevrolet, Bentley, Mc Laren, Maserati<\/strong>, mentre <strong>SsangYong, Toyota, Mitsubishi<\/strong> saranno presenti nell\u2019area test drive<\/span><br \/>\n<span style=\"color: #000000;\">4&#215;4 e Ford sar\u00e0 presente con i raduni di Mustang e Focus RS. Ci saranno anche le moto, con <strong>Harley Davidson, <\/strong><strong>Suzuki, Honda, Quadro, Red Moto, Gruppo Buscaroli con Triumph e BMW.<\/strong><\/span><br \/>\n<span style=\"color: #000000;\">Partner del Motor Show saranno i rappresentanti di tutta la filiera e del mondo automotive italiano: ACI, ACI Sport, ANFIA, Autopromotec, Econometrica, UNRAE, Motor Valley dell\u2019Emilia Romagna.<\/span><br \/>\n<span style=\"color: #000000;\">\u201c<em>ANFIA sostiene il Motor Show come immancabile appuntamento per il mondo automotive, che ha saputo <\/em><em>mantenere al centro il prodotto auto e, al contempo, trovare stimoli nuovi per il suo pubblico, stando al passo con le <\/em><em>trasformazioni e le sfide che il settore sta vivendo in questi anni<\/em> \u2013 dichiara <strong>Gianmarco Giorda<\/strong>, Direttore di ANFIA.<\/span><\/p>\n<div id=\"attachment_16962\" style=\"width: 235px\" class=\"wp-caption alignleft\"><a href=\"http:\/\/www.nonsolomodanews.it\/wordpress\/wp-content\/uploads\/2017\/11\/IMG_7517-e1511873836899.jpg\"><img loading=\"lazy\" decoding=\"async\" aria-describedby=\"caption-attachment-16962\" class=\"size-medium wp-image-16962\" src=\"http:\/\/www.nonsolomodanews.it\/wordpress\/wp-content\/uploads\/2017\/11\/IMG_7517-e1511873836899-225x300.jpg\" alt=\"Presidente Bologna Fiere\" width=\"225\" height=\"300\" srcset=\"https:\/\/www.nonsolomodanews.it\/wordpress\/wp-content\/uploads\/2017\/11\/IMG_7517-e1511873836899-225x300.jpg 225w, https:\/\/www.nonsolomodanews.it\/wordpress\/wp-content\/uploads\/2017\/11\/IMG_7517-e1511873836899-768x1024.jpg 768w, https:\/\/www.nonsolomodanews.it\/wordpress\/wp-content\/uploads\/2017\/11\/IMG_7517-e1511873836899-1080x1440.jpg 1080w\" sizes=\"auto, (max-width: 225px) 100vw, 225px\" \/><\/a><p id=\"caption-attachment-16962\" class=\"wp-caption-text\">Presidente Bologna Fiere<\/p><\/div>\n<p style=\"text-align: justify;\"><span style=\"color: #000000;\">Il comparto automotive si conferma trainante nella nostra industria, con 1,16 milioni di <em>addetti<\/em> \u2013 il 7% della manifattura \u2013 e una produzione che chiude a +7,1% i primi 9 mesi del 2017. E\u2019 importante avere manifestazioni, come il Motor Show, che portino l\u2019attenzione sui temi pi\u00f9 attuali, come il rapporto aziende-universit\u00e0, a cui anche ANFIA dar\u00e0 un contributo, con l\u2019organizzazione, il 1\u00b0 dicembre, della Formula Challenge, dedicata agli studenti di ingegneria\u201d.<\/span><br \/>\n<span style=\"color: #000000;\"><em>\u201cAnche quest\u2019anno UNRAE ha dato il proprio patrocinio al Bologna Motor Show. UNRAE tutta \u00e8 infatti convinta che <\/em><em>un Paese come l\u2019Italia, con la propria, ingente cultura e tradizione motoristica debba avere un evento come quello di <\/em><em>Bologna, capace di riaggregare le persone attorno al mondo dell\u2019auto<\/em> \u2013 conferma <strong>Romano Valente<\/strong>, Direttore Generale UNRAE &#8211; tenendo vive passione e curiosit\u00e0 verso le nuove tecnologie e quindi indirettamente essere di stimolo a promuovere il bisogno di rinnovo del nostro parco circolante anziano. Proprio sul tema del parco circolante avr\u00e0 modo di soffermarsi il presidente dell\u2019UNRAE Michele Crisci nel suo intervento al convegno di apertura il 1<\/span><br \/>\n<span style=\"color: #000000;\">dicembre\u201d.<\/span><br \/>\n<span style=\"color: #000000;\">Grande novit\u00e0 di questa edizione sar\u00e0 il ritorno a Bologna delle <strong>Ferrari<\/strong>, che saranno sotto i riflettori sabato 2 dicembre, giornata inaugurale del Motor Show, saranno protagoniste <strong>nell\u2019Area 48 \u2013 Motul Arena nel \u201cFerrari Day\u201d <\/strong>che culminer\u00e0 con il Ferrari F1 Pit Stop, due esibizioni della Scuderia di Maranello con la monoposto in pista ed una sosta ai box.<\/span><br \/>\n<span style=\"color: #000000;\">Per chi vorr\u00e0 sognare, ci sar\u00e0 <strong>\u201cThe World of Motorsport\u201d,<\/strong> un concept realizzato per la prima volta in Italia, dove il pubblico avr\u00e0 l\u2019opportunit\u00e0 di entrare nell\u2019emozionante mondo delle squadre corse pi\u00f9 famosi, un\u2019area\u00a0 completamente dedicata alle vetture racing tra le pi\u00f9 rappresentative di ogni categoria del Motorsport attuale. Ci saranno tra gli altri Scuderia Toro Rosso e Red Bull che esporranno le F1, Prema Power Team, con la F2, AFCorse con le Ferrari GT.<\/span><br \/>\n<span style=\"color: #000000;\">Ci saranno anche la Ducati MotoGp di Dovizioso, la Suzuki di Iannone e tanti altri! Adrenalina alle stelle, grazie alla collaborazione di ACI Sport, che ha organizzato un ricco calendario di gare ed esibizioni all\u2019interno dell&#8217;Area48-Motul Arena, l\u2019unica pista al mondo che diventa il palcoscenico esclusivo per gare<\/span><br \/>\n<span style=\"color: #000000;\">velocit\u00e0, esibizioni, rally, stuntman, drifting, motocross, quad, test drive. Gran finale con il 30\u00b0 Memorial Bettega che sar\u00e0 un evento spettacolare, dove il pubblico ha l\u2019opportunit\u00e0 di assistere ad una gara di rally stando comodamente seduto in tribuna. Un challenge davvero unico assolutamente da non perdere! Tra gli ospiti pi\u00f9 attesi ci sar\u00e0 Tony Cairoli, il pluri premiato campione del Motocross italiano e pilota amatissimo dal pubblico per le sue capacit\u00e0.<\/span><br \/>\n<span style=\"color: #000000;\">Con \u201cPassione Classica Racing\u201d protagoniste saranno la storia e la tradizione motoristica, in un percorso espositivo realizzato in collaborazione con i pi\u00f9 importanti musei e collezioni. Parteciperanno a questo progetto: Musei Ferrari, il museo Nazionale dell&#8217;Automobile di Torino, ACI Storico e ASI. Ci sar\u00e0 anche \u201cPassione Classica Mercato\u201d, l\u2019area dedicata alla compravendita di auto, moto e ricambi d&#8217;epoca. Le automobili storiche sfrecceranno anche su pista e lo spettacolo \u00e8 assicurato con le Formula 1, la Scuderia del Portello e l\u201911\u00b0 Historic Challenge Scuderia BolognaCorse.<\/span><br \/>\n<span style=\"color: #000000;\">Nelle giornate 8-9-10 dicembre invece nel padiglione 19 la rassegna Passione Classica Mercato riservata a auto, moto e ricambi d\u2019epoca.<\/span><br \/>\n<span style=\"color: #000000;\">In grande stile anche il ritorno delle moto, sia da cross che da corsa, nelle aree interne ed esterne, con la partecipazione di pi\u00f9 di cento moto racer che faranno tappa a BolognaFiere nell&#8217;Arena Free Style. Saranno imperdibili gli show acrobatici sulle due ruote, drifting, racing experience. Si rinnova anche quest\u2019anno la<\/span><br \/>\n<span style=\"color: #000000;\">collaborazione del Motor Show con CarraraFiere e F.I.F. (Federazione Italiana Fuoristrada) che gestiranno l\u2019area<\/span><br \/>\n<span style=\"color: #000000;\">dedicata ai test drive delle vetture 4&#215;4.<\/span><br \/>\n<span style=\"color: #000000;\"><a href=\"http:\/\/www.nonsolomodanews.it\/wordpress\/wp-content\/uploads\/2017\/11\/IMG_7496.jpg\"><img loading=\"lazy\" decoding=\"async\" class=\"alignleft size-medium wp-image-16963\" src=\"http:\/\/www.nonsolomodanews.it\/wordpress\/wp-content\/uploads\/2017\/11\/IMG_7496-300x225.jpg\" alt=\"IMG_7496\" width=\"300\" height=\"225\" srcset=\"https:\/\/www.nonsolomodanews.it\/wordpress\/wp-content\/uploads\/2017\/11\/IMG_7496-300x225.jpg 300w, https:\/\/www.nonsolomodanews.it\/wordpress\/wp-content\/uploads\/2017\/11\/IMG_7496-768x576.jpg 768w, https:\/\/www.nonsolomodanews.it\/wordpress\/wp-content\/uploads\/2017\/11\/IMG_7496-1024x768.jpg 1024w, https:\/\/www.nonsolomodanews.it\/wordpress\/wp-content\/uploads\/2017\/11\/IMG_7496-1080x810.jpg 1080w\" sizes=\"auto, (max-width: 300px) 100vw, 300px\" \/><\/a>Ci sar\u00e0 anche quest\u2019anno il Ministero della Difesa con le quatto forze armate, Esercito, Marina, Aereonautica, Arma dei Carabinieri, non solo esposizioni statiche, ma anche dinamiche con il lancio in programma il 2 dicembre alle 12.00 degli atleti del Centro Sportivo Paracadutisti dell\u2019Esercito.<\/span><br \/>\n<span style=\"color: #000000;\">Nel primo weekend ci sar\u00e0 nel padiglione 19 la rassegna Model Game riservata al modellismo statico e dinamico.<\/span><br \/>\n<span style=\"color: #000000;\">Al Motor Show ci sar\u00e0 posto anche gli amanti del tuning e al padiglione 31 avranno l\u2019opportunit\u00e0 di vedere da vicino cinquanta esemplari unici, in esposizione grazie alla collaborazione con Uisp (Unione Italiana Sport Per Tutti). Ma le sorprese non finiranno qui, per i pi\u00f9 giovani e non solo, tantissimo divertimento e velocit\u00e0 al padiglione 36 \u201cPiste Kart \u2013 Subito\u201d, una vera e propria \u201csala giochi\u201d con due piste dedicate e con una pista delle e-bike, che saranno aperte per il pubblico dal 9 al 10 dicembre.<\/span><br \/>\n<span style=\"color: #000000;\">Una formula, quella del Motor Show, che si propone anche come punto di riferimento anche per gli addetti del mondo automotive per l\u2019approfondimento di temi legati alla mobilit\u00e0 del futuro, attraverso gli incontri dedicati \u201cMotor Show Incontra\u201d.<\/span><br \/>\n<span style=\"color: #000000;\">Un articolato programma che prender\u00e0 il via venerd\u00ec 1\u00b0 dicembre, giornata dedicata ai media e operatori del settore, con il convegno dal titolo \u201cInvecchiamento del Parco Circolante in Italia\u201d alle ore 15.00 al Centro Servizi di BolognaFiere, al quale interverr\u00e0 il Vice Ministro dei Trasporti Riccardo Nencini. A seguire alle ore 17.00, la conferenza stampa \u201cLa situazione e le prospettive del mercato automobilistico italiano\u201d a cura del Centro Studi Promotor.<\/span><br \/>\n<span style=\"color: #000000;\">Nella giornata d\u2019apertura al pubblico, sabato 2 dicembre alle ore 10.00, ci sar\u00e0 il convegno inaugurale, \u201cCina mercato chiave dell\u2019automotive, la sfida dell\u2019elettrico: opportunit\u00e0 per la filiera italiana\u201d al Palazzo dei Congressi, con il key note di Jack Cheng, Co-Founder e Executive Vice President Nio, azienda cinese che ha gi\u00e0 raccolto risorse finanziarie per 5 miliardi di euro e che sta lanciando una gamma completa di vetture elettriche tra cui l\u2019auto elettrica pi\u00f9 veloce al mondo, e Gianluca Camplone, Senior Partner McKinsey &amp; Company, che offrir\u00e0 una prospettiva sul mercato dell\u2019auto in Cina. Interverr\u00e0 il Ministro dell\u2019Ambiente Gianluca Galletti.<\/span><br \/>\n<span style=\"color: #000000;\">Sempre il 2 dicembre alle ore 14.30 il convegno \u201cGuida Autonoma: le sfide e le opportunit\u00e0 legate allo sviluppo di auto autonome a livello 4\u201d a cura di Quattroruote e quello dedicato al tema \u201cDalla pista alla strada\u201d, marted\u00ec 5 dicembre alle ore 15.00 con ospite l\u2018imprenditore ed ingegnere italiano, genio delle corse Giampaolo Dallara.<\/span><br \/>\n<span style=\"color: #000000;\"><a href=\"http:\/\/www.nonsolomodanews.it\/wordpress\/wp-content\/uploads\/2017\/11\/IMG_7502.jpg\"><img loading=\"lazy\" decoding=\"async\" class=\"alignleft size-medium wp-image-16964\" src=\"http:\/\/www.nonsolomodanews.it\/wordpress\/wp-content\/uploads\/2017\/11\/IMG_7502-300x225.jpg\" alt=\"IMG_7502\" width=\"300\" height=\"225\" srcset=\"https:\/\/www.nonsolomodanews.it\/wordpress\/wp-content\/uploads\/2017\/11\/IMG_7502-300x225.jpg 300w, https:\/\/www.nonsolomodanews.it\/wordpress\/wp-content\/uploads\/2017\/11\/IMG_7502-768x576.jpg 768w, https:\/\/www.nonsolomodanews.it\/wordpress\/wp-content\/uploads\/2017\/11\/IMG_7502-1024x768.jpg 1024w, https:\/\/www.nonsolomodanews.it\/wordpress\/wp-content\/uploads\/2017\/11\/IMG_7502-1080x810.jpg 1080w\" sizes=\"auto, (max-width: 300px) 100vw, 300px\" \/><\/a>Centrale rimane tra gli altri anche il coinvolgimento delle universit\u00e0 italiane eccellenti nel settore dell\u2019automotive. Il padiglione 16 avr\u00e0 un \u201cOpen Innovation Hub\u201d dove, grazie alla collaborazione di Octo Telematics, gli studenti avranno la possibilit\u00e0 di mostrare alla stampa i loro prototipi in azione. La sfida sar\u00e0 realizzata grazie al contributo di Anfia. In questo modo le grandi aziende avranno l&#8217;occasione di conoscere nuovi talenti e nuove idee, e allo stesso tempo i giovani potranno toccare con mano le ultime novit\u00e0 del mondo automobilistico.<\/span><br \/>\n<span style=\"color: #000000;\">Tra i protagonisti Brembo, Bosch, Continental, Magneti Marelli, Texa e Autolive, che hanno ideato per questa edizione un laboratorio sperimentale dove i giovani parteciperanno ad alcune sfide creative con i digital lab e un grande Hackaton organizzato dal PoliHub del Politecnico di Milano.<\/span><br \/>\n<span style=\"color: #000000;\">Il Comune di Bologna ribadisce la sua collaborazione con BolognaFiere. In occasione dell\u2019edizione 2017 del Motor Show in citt\u00e0 ci saranno due iniziative, una coinvolger\u00e0 alcuni street artist che decoreranno alcune facciate di Borgo Panigale con creativit\u00e0 ispirate al mondo dell\u2019automotive; l\u2019altra interesser\u00e0 invece Piazza Galvani, dove Hyundai e Tesla esporranno le loro innovazioni tecnologiche, facilitando un percorso conoscitivo rivolto al pubblico sulle auto<\/span><br \/>\n<span style=\"color: #000000;\">intelligenti del presente e del futuro.<\/span><br \/>\n<span style=\"color: #000000;\">Il partner etico del Motor Show \u00e8 anche per quest\u2019anno la Fondazione ANT Italia Onlus.<\/span><br \/>\n<span style=\"color: #000000;\">Il Motor Show aprir\u00e0 al pubblico dal 2 al 10 dicembre, gli orari di apertura nei giorni feriali saranno dalle ore 9.00 alle ore 18.00, nei festivi e pre festivi dalle ore 8.30 alle ore 18.30. La data riservata per i media e operatori del settore sar\u00e0 il 1\u00b0 dicembre.<\/span><\/p>\n<p style=\"text-align: center;\"><span style=\"color: #000000;\"> Tutti i diritti riservati \u00a9 2017 \u2013 Email: nonsolomodanews@gmail.com<\/span><\/p>\n","protected":false},"excerpt":{"rendered":"<p>Dal 2 al 10 dicembre 2017 lo spettacolo dell&rsquo;auto in Italia torna a Bologna L&rsquo;edizione 2017 del Motor Show di BolognaFiere sar&agrave; indimenticabile! Il Motor Show, in calendario dal 2 al 10 dicembre, porter&agrave; in pista pi&ugrave; motorsport, pi&ugrave; autoshow, pi&ugrave; competizioni, pi&ugrave; acrobazie.<\/p>\n","protected":false},"author":1,"featured_media":16963,"comment_status":"open","ping_status":"open","sticky":false,"template":"","format":"standard","meta":{"rop_custom_images_group":[],"rop_custom_messages_group":[],"rop_publish_now":"initial","rop_publish_now_accounts":[],"rop_publish_now_history":[],"rop_publish_now_status":"pending","footnotes":""},"categories":[16],"tags":[2453,2452,2146],"class_list":["post-16977","post","type-post","status-publish","format-standard","has-post-thumbnail","hentry","category-articolo","tag-calzolari","tag-drogo","tag-motorshow"],"_links":{"self":[{"href":"https:\/\/www.nonsolomodanews.it\/wordpress\/wp-json\/wp\/v2\/posts\/16977","targetHints":{"allow":["GET"]}}],"collection":[{"href":"https:\/\/www.nonsolomodanews.it\/wordpress\/wp-json\/wp\/v2\/posts"}],"about":[{"href":"https:\/\/www.nonsolomodanews.it\/wordpress\/wp-json\/wp\/v2\/types\/post"}],"author":[{"embeddable":true,"href":"https:\/\/www.nonsolomodanews.it\/wordpress\/wp-json\/wp\/v2\/users\/1"}],"replies":[{"embeddable":true,"href":"https:\/\/www.nonsolomodanews.it\/wordpress\/wp-json\/wp\/v2\/comments?post=16977"}],"version-history":[{"count":1,"href":"https:\/\/www.nonsolomodanews.it\/wordpress\/wp-json\/wp\/v2\/posts\/16977\/revisions"}],"predecessor-version":[{"id":16978,"href":"https:\/\/www.nonsolomodanews.it\/wordpress\/wp-json\/wp\/v2\/posts\/16977\/revisions\/16978"}],"wp:featuredmedia":[{"embeddable":true,"href":"https:\/\/www.nonsolomodanews.it\/wordpress\/wp-json\/wp\/v2\/media\/16963"}],"wp:attachment":[{"href":"https:\/\/www.nonsolomodanews.it\/wordpress\/wp-json\/wp\/v2\/media?parent=16977"}],"wp:term":[{"taxonomy":"category","embeddable":true,"href":"https:\/\/www.nonsolomodanews.it\/wordpress\/wp-json\/wp\/v2\/categories?post=16977"},{"taxonomy":"post_tag","embeddable":true,"href":"https:\/\/www.nonsolomodanews.it\/wordpress\/wp-json\/wp\/v2\/tags?post=16977"}],"curies":[{"name":"wp","href":"https:\/\/api.w.org\/{rel}","templated":true}]}}