{"id":16925,"date":"2017-11-26T11:23:29","date_gmt":"2017-11-26T11:23:29","guid":{"rendered":"http:\/\/www.nonsolomodanews.it\/wordpress\/?p=16925"},"modified":"2017-11-26T11:43:03","modified_gmt":"2017-11-26T11:43:03","slug":"greta-ray-modella-e-cantante-ora-nei-digital-store-con-il-mio-domani-2","status":"publish","type":"post","link":"https:\/\/www.nonsolomodanews.it\/wordpress\/greta-ray-modella-e-cantante-ora-nei-digital-store-con-il-mio-domani-2\/","title":{"rendered":"Greta Ray, modella e cantante, ora nei digital store con &#8211; Il mio domani"},"content":{"rendered":"<div>\n<div id=\"attachment_16910\" style=\"width: 210px\" class=\"wp-caption alignleft\"><a href=\"http:\/\/www.nonsolomodanews.it\/wordpress\/wp-content\/uploads\/2017\/11\/Greta-Ray-Model-Milan-Rock-Street-2016-5.jpg\"><img loading=\"lazy\" decoding=\"async\" aria-describedby=\"caption-attachment-16910\" class=\"size-medium wp-image-16910\" src=\"http:\/\/www.nonsolomodanews.it\/wordpress\/wp-content\/uploads\/2017\/11\/Greta-Ray-Model-Milan-Rock-Street-2016-5-200x300.jpg\" alt=\"Greta Ray Model - Milan Rock Street 2016 5\" width=\"200\" height=\"300\" srcset=\"https:\/\/www.nonsolomodanews.it\/wordpress\/wp-content\/uploads\/2017\/11\/Greta-Ray-Model-Milan-Rock-Street-2016-5-200x300.jpg 200w, https:\/\/www.nonsolomodanews.it\/wordpress\/wp-content\/uploads\/2017\/11\/Greta-Ray-Model-Milan-Rock-Street-2016-5-768x1154.jpg 768w, https:\/\/www.nonsolomodanews.it\/wordpress\/wp-content\/uploads\/2017\/11\/Greta-Ray-Model-Milan-Rock-Street-2016-5-681x1024.jpg 681w, https:\/\/www.nonsolomodanews.it\/wordpress\/wp-content\/uploads\/2017\/11\/Greta-Ray-Model-Milan-Rock-Street-2016-5-1080x1623.jpg 1080w\" sizes=\"auto, (max-width: 200px) 100vw, 200px\" \/><\/a><p id=\"caption-attachment-16910\" class=\"wp-caption-text\">Greta Ray Model &#8211; Milan Rock Street 2016 5<\/p><\/div>\n<p><span style=\"color: #000000;\"><strong>Greta Ray<\/strong> (nome d&#8217;arte) \u00e8 una giovanissima cantante di origini lombarde (\u00e8 nata a Cant\u00f9 &#8211; citt\u00e0 famosa per i mobili e per il basket) che\u00a0 prima di cimentarsi nel mondo della musica con ottimi risultati (\u00e8 ora sul mercato discografico con il suo il brano &lt;&lt;il mio domani&gt;&gt; ha conosciuto le luci dei set fotografici gi\u00e0 in tenerissima et\u00e0.\u00a0 Nonsolomodanews \u00e8 sempre alla ricerca di talenti che possano trasferire qualcosa a chi ci legge e questo \u00e8 il caso di Greta che oltre alla musica ha alle spalle moltissimi shooting fotografici. Oltre a ringraziare Greta, Nonsolomodanews desidera ringraziare\u00a0 il suo staff e in modo particolare il\u00a0 suo manager Massimiliano Cenatiempo. Auguriamo ai lettori di <strong>Nonsolomodanews<\/strong> buona lettura.\u00a0<\/span><\/p>\n<\/div>\n<div><\/div>\n<div><\/div>\n<p><!--more--><\/p>\n<div>\n<div style=\"text-align: justify;\"><span style=\"color: #000000;\"><strong>Ciao Greta, grazie per avere accettato questa intervista.<\/strong><\/span><br \/>\n<span style=\"color: #000000;\"> <em>\u201cCiao Bruno! Grazie a te per questa bellissima opportunit\u00e0!\u201d<\/em><\/span><\/div>\n<div style=\"text-align: justify;\"><span style=\"color: #000000;\"><strong>Chi \u00e8 Greta Ray?<\/strong><\/span><br \/>\n<span style=\"color: #000000;\"> <em>\u201cSono nata a Cant\u00f9 il 23 Aprile 1999, mi reputo una ragazza semplice e solare che ama le sue due pi\u00f9 grandi passioni fin da piccola, ovvero la moda e il canto\u201d.<\/em><\/span><\/div>\n<div style=\"text-align: justify;\"><span style=\"color: #000000;\"><strong><span style=\"color: #000000;\">Pi\u00f9 cantante<\/span> o modella?<i> <\/i><\/strong><\/span><span style=\"color: #000000;\"><em>\u201cDomanda alquanto complicata\u2026 sono due percorsi totalmente diversi ed \u00e8 difficile dare una risposta. Se devo parlare di emozioni risponderei &lt;&lt;cantante&gt;&gt;, perch\u00e9 secondo me cantare su un grandissimo palco con di fronte a te centinaia di persone che intonano la tua canzone a squarciagola dev\u2019essere un\u2019emozione unica, una grande carica di adrenalina\u2026\u201d.<\/em><\/span><\/div>\n<\/div>\n<div style=\"text-align: justify;\"><span style=\"color: #000000;\"><strong>In questi giorni \u00e8 uscito il tuo nuovo brano \u201cIl mio domani\u201d. Che cosa vuol dire?<\/strong><\/span><br \/>\n<span style=\"color: #000000;\"><em>\u201c&lt;&lt;Il mio domani&gt;&gt; \u00e8 un brano autobiografico che descrive il mio percorso artistico e il sogno di realizzare un obiettivo importante. Nel testo prevalgono le emozioni che provo durante le mie giornate lavorative e non, sia positive che negative\u2026 perch\u00e9 come ben si sa, non sempre tutto \u00e8 positivo, ma il sostegno di Max e Martin, di mia madre e dei miei quasi 32.000 fans mi danno l\u2019energia per continuare il mio percorso a testa alta.<\/em><\/span><br \/>\n<span style=\"color: #000000;\"><em>Mostrando le mie incertezze mi auguro di lanciare un messaggio di speranza ai giovani ragazzi che, come me, affrontano ostacoli e momenti \u201cno\u201d pur di raggiungere i loro obiettivi\u201d.<\/em><\/span><\/div>\n<div style=\"text-align: justify;\"><span style=\"color: #000000;\"><strong>Sei anche autrice dei tuoi brani o li interpreti solo?<\/strong><\/span><br \/>\n<span style=\"color: #000000;\"><em>\u201cIo personalmente scrivo la traccia e in seguito viene elaborata dagli autori, in questo caso da Andrea Gallo, Massimo Tornese e Max Cenatiempo. Mi sono sempre prefissata che i brani che interpreto e che interpreter\u00f2 devono raccontare delle mie esperienze, dei miei pensieri o delle mie sensazioni, anche se il testo non \u00e8 direttamente scritto da me, infatti con &lt;&lt;Il mio domani&gt;&gt; \u00e8 stato alquanto complesso far comprendere le mie emozioni riguardo al tema trattato\u201d.<\/em><\/span><\/div>\n<div style=\"text-align: justify;\"><span style=\"color: #000000;\"><strong>Come ti sei avvicinata al mondo della musica?<\/strong><\/span><br \/>\n<span style=\"color: #000000;\"><em>\u201cHo sempre cantato come autodidatta fin da piccola ispirandomi a grandi star, finch\u00e9 nel 2015 non conobbi Max Cenatiempo che divenne mio maestro di canto, manager e produttore musicale.\u00a0 <\/em><\/span><span style=\"color: #000000;\"><em>Insieme abbiamo pubblicato diverse cover, affrontato nuove esperienze come eventi, concorsi, varie ospitate\u2026 Sempre con Max, nel Marzo 2017, durante uno shooting a Torino, abbiamo conosciuto Martin Moog, fotografo ed imprenditore. Con lui si \u00e8 subito creato un rapporto molto stretto, infatti la seconda volta che ci incontrammo era come se ci conoscessimo da una vita. Insieme, in seguito, abbiamo fondato la casa di produzione MMG Trend Production che si occupa della mia produzione discografica e sponsorizzazione pubblicitaria. Che dire, sto vivendo il sogno che immaginavo da piccola\u2026\u201d.<\/em><\/span><\/div>\n<div style=\"text-align: justify;\"><span style=\"color: #000000;\"><strong>Quali sono i tuoi generi musicali preferiti?<\/strong><\/span><br \/>\n<span style=\"color: #000000;\"><em>\u201cNon ho un genere musicale ben definito, perch\u00e9 secondo me la musica \u00e8 tutta bella, ma se devo dare una preferenza direi &lt;&lt;pop inglese&gt;&gt;, come James Blunt\u201d.<\/em><\/span><\/div>\n<div style=\"text-align: justify;\"><\/div>\n<div style=\"text-align: justify;\"><span style=\"color: #000000;\"><strong>Seppur giovanissima hai gi\u00e0 maturato molte esperienze al tuo attivo. Riprendendo il titolo del tuo ultimo e modificandolo un po\u2019, che cosa vedi nel tuo domani?<\/strong><\/span><br \/>\n<span style=\"color: #000000;\"><em>\u201cIl mio domani\u201d lo vedo come una crescita continua, nuove esperienze e spero tante gratificazioni, l\u2019impegno \u00e8 sempre molto alto, i sacrifici sono tanti e come dico sempre &lt;&lt;incrociamo le dita&gt;&gt;.&#8221;<\/em><\/span><\/div>\n<div style=\"text-align: justify;\"><\/div>\n<div style=\"text-align: justify;\"><span style=\"color: #000000;\"><strong>Come sei di carattere?<\/strong><\/span><br \/>\n<span style=\"color: #000000;\"><em>\u201cSono una ragazza timida, introversa, ci sono momenti in cui amo stare sola\u2026 ma allo stesso tempo sono una ragazza solare, determinata e amo divertirmi\u201d.<\/em><\/span><\/div>\n<div style=\"text-align: justify;\"><\/div>\n<div style=\"text-align: justify;\"><span style=\"color: #000000;\"><strong>Sei una persona determinata?<\/strong><\/span><br \/>\n<span style=\"color: #000000;\"><em>\u201cSi, lo sono ed oltre ad esserlo mi reputo anche costante. Ho sempre voluto raggiungere questo traguardo, e ce la devo fare, anche il detto dice \u201cvolere \u00e8 potere\u201d. Ogni giorno pubblico qualcosa su tutti i miei social network, che pu\u00f2 essere una foto nella maggior parte dei casi, una frase, un video, ed ogni giorno passo circa 4\/5 ore a rispondere a tutti i commenti e a qualche messaggio, e ci tengo a precisare che sono io stessa a farlo, perch\u00e9 se non fosse stato per la gente che tutt\u2019oggi mi segue non sarei qui a parlarne\u201d.<\/em><\/span><\/div>\n<div style=\"text-align: justify;\"><\/div>\n<div style=\"text-align: justify;\"><span style=\"color: #000000;\"><strong>Colore preferito?<\/strong><\/span><br \/>\n<span style=\"color: #000000;\"><em>\u201cRosa, rosa e ancora rosa (ride). Max e Martin stanno diventando matti con questa mia fissazione\u201d.<\/em><\/span><\/div>\n<div style=\"text-align: justify;\"><\/div>\n<div style=\"text-align: justify;\"><span style=\"color: #000000;\"><strong>Piatto preferito?<\/strong><\/span><br \/>\n<span style=\"color: #000000;\"><em>\u201cNon dovrei dirlo ma\u2026 sono le lasagne della nonna! Sono una persona abbastanza fissata con la dieta salutare e lo sport\u2026 ma la cucina della nonna non la batte nessuno\u2026\u201d.<\/em><\/span><\/div>\n<div style=\"text-align: justify;\"><\/div>\n<div style=\"text-align: justify;\"><span style=\"color: #000000;\"><strong>Fotograficamente quando hai iniziato a posare, ti ricordi la prima volta?<\/strong><\/span><br \/>\n<span style=\"color: #000000;\"><em>\u201cMi ricordo eccome, ho pianto quasi tutto il tempo! (ride) Il mio primo lavoro \u00e8 stato per una pubblicit\u00e0 di scarpe per marche molto note, come Nero Giardini, Prada, Valleverde\u2026 avevo circa 4 anni e i miei capelli erano lunghissimi. Odiavo quando l\u2019 hairstylist mi metteva le mani addosso\u2026 ma alla fine \u00e8 stata una bellissima esperienza\u201d.<\/em><\/span><\/div>\n<div style=\"text-align: justify;\"><\/div>\n<div style=\"text-align: justify;\"><span style=\"color: #000000;\"><strong>Quali sono i generi fotografici che preferisci e perch\u00e9?<\/strong><\/span><br \/>\n<span style=\"color: #000000;\"><em>\u201cCome ben sapete, io tratto fashion e glamour. Direi che prediligo il fashion perch\u00e9 come ho gi\u00e0 detto sono una ragazza timida ed introversa, e poi, adoro quei trucchi un po\u2019 strani e quei abiti un po\u2019 sfarzosi. Per\u00f2 mi rendo conto che sono nata per il glamour\u2026\u201d.<\/em><\/span><\/div>\n<div style=\"text-align: justify;\"><\/div>\n<div style=\"text-align: justify;\"><span style=\"color: #000000;\"><strong>Se ti parlo di moda, che cosa \u00e8 per te il fashion?<\/strong><\/span><br \/>\n<span style=\"color: #000000;\"><em>\u201cSecondo me il &lt;&lt;fashion&gt;&gt; \u00e8 quel genere in cui la modella ha un compito importante, ovvero quello di interpretare e mettere in risalto l\u2019abito o ci\u00f2 che indossa, valorizzare i suoi dettagli e la sua eleganza, dando un tocco di particolarit\u00e0 nella posa\u201d.<\/em><\/span><\/div>\n<div style=\"text-align: justify;\"><\/div>\n<div style=\"text-align: justify;\"><span style=\"color: #000000;\"><strong>Hai un fashion designer preferito?<\/strong><\/span><br \/>\n<span style=\"color: #000000;\"><em>\u201cNo, ma do importanza alla gente che si contraddistingue dalla massa, quindi se devo fare una scelta direi \u201cMoschino\u201d, con il suo abbigliamento ed accessori colorati e sfarzosi\u201d.<\/em><\/span><\/div>\n<div style=\"text-align: justify;\"><\/div>\n<div style=\"text-align: justify;\"><span style=\"color: #000000;\"><strong>Qual \u00e8 il capo di vestiario che ami di pi\u00f9 e quello di meno?<\/strong><\/span><br \/>\n<span style=\"color: #000000;\"><em>\u201cIl capo di vestiario che amo di pi\u00f9 \u00e8 il semplicissimo maglione invernale, magari a dolcevita, che tiene tanto caldo, visto che sono molto freddolosa. Il capo che, in poche parole, odio, \u00e8 la gonna a tubino, tutta stretta, scomodissima! (ride)\u201d.<\/em><\/span><\/div>\n<div style=\"text-align: justify;\"><\/div>\n<div style=\"text-align: justify;\"><span style=\"color: #000000;\"><strong>Scarpe basse o tacchi?<\/strong><\/span><\/div>\n<div style=\"text-align: justify;\"><span style=\"color: #000000;\"><em>\u201cBeh per una serata o un\u2019ospitata tacco 12 tutta la vita! Se devo andare a scuola o uscire con gli amici scarpe comode e via\u2026\u201d.<\/em><\/span><\/div>\n<div style=\"text-align: justify;\"><span style=\"color: #000000;\"><strong>Un accessorio che non manca mai quando esci da casa?<\/strong><\/span><\/div>\n<div style=\"text-align: justify;\"><span style=\"color: #000000;\"><em>\u201cIl braccialetto che mi ha regalato mia madre, d\u2019argento con un cuore in oro rosa con scritto &lt;&lt;io tu&gt;&gt;, e poi l\u2019anello solitario che mi \u00e8 stato regalato al mio diciottesimo\u201d.<\/em><\/span><\/div>\n<div style=\"text-align: justify;\"><\/div>\n<div style=\"text-align: justify;\"><span style=\"color: #000000;\"><strong>Ti piace viaggiare o sei una sedentaria?<\/strong><\/span><br \/>\n<span style=\"color: #000000;\"><em>\u201cAmo viaggiare, visitare nuove citt\u00e0 e scoprire nuove culture. Ho girato quasi tutta Italia e negli ultimi tre mesi ho visitato Londra e Berlino, wow che citt\u00e0 <span style=\"color: #000000;\">magiche!\u201d.<\/span><\/em><\/span><\/div>\n<div style=\"text-align: justify;\"><\/div>\n<div style=\"text-align: justify;\"><span style=\"color: #000000;\"><strong>Quale sarebbe la tua citt\u00e0 ideale per vivere?<\/strong><\/span><br \/>\n<span style=\"color: #000000;\"><em>\u201cVivrei sia in una citt\u00e0 caotica, piena di negozi come New York sia in aperta campagna, in mezzo alla natura\u201d.<\/em><\/span><\/div>\n<div style=\"text-align: justify;\"><\/div>\n<div style=\"text-align: justify;\"><span style=\"color: #000000;\"><strong>Ultima domanda, sogno nel cassetto che desideri realizzare?<\/strong><\/span><br \/>\n<span style=\"color: #000000;\"><em>\u201cBeh, sicuramente quello di cui vi ho parlato fino ad ora. <\/em><\/span><span style=\"color: #000000;\"><em>Grazie mille per questa bellissima intervista\u2026 seguitemi su tutti i social come FB\u00a0 &lt;&lt;<a href=\"https:\/\/www.facebook.com\/GretaRayModelSinger\/\">Greta Ray Model &amp; Singer<\/a>&gt;&gt; o\/e\u00a0 Instagram &lt;&lt;<a href=\"https:\/\/www.instagram.com\/greta_ray_official\/\">greta_ray_official<\/a>&gt;&gt;, mentre il mio sito ufficiale \u00e8 <a style=\"color: #000000;\" href=\"http:\/\/www.gretaray.com\">www.gretaray.com<\/a>.\u201d<\/em><\/span><\/div>\n<div><\/div>\n<div><a href=\"https:\/\/www.facebook.com\/bruno.a.porcellana\"><span style=\"color: #000000;\">Bruno Angelo Porcellana<\/span><\/a><\/div>\n<div><\/div>\n<div style=\"text-align: center;\"><span style=\"color: #000000;\">Le fotografie sono state fornite da Greta Ray.\u00a0I diritti appartengono ai relativi fotografi.<\/span><br \/>\n<span style=\"color: #000000;\">Tutti i diritti riservati \u00a9 2017 \u2013 Email: nonsolomodanews@gmail.com<\/span><br \/>\n<span style=\"color: #000000;\">E\u2019 vietata la riproduzione, anche parziale, senza l\u2019autorizzazione scritta.\u00a0 Ogni abuso verr\u00e0 perseguito a termini di legge<\/span><\/div>\n<div style=\"text-align: center;\">\n<style id=\"bwg-style-0\">      #bwg_container1_0 #bwg_container2_0 #bwg_mosaic_thumbnails_div_0 {        width: 100%;        position: relative;        background-color: rgba(255, 255, 255, 0.00);        text-align: center;        justify-content: center;                  margin-left: auto;          margin-right: auto;                    padding-left: 4px;          padding-top: 4px;                }          #bwg_container1_0 #bwg_container2_0 .bwg_mosaic_thumb_spun_0 {        display: block;        position: absolute;\t\t\t\tborder-radius: 0;\t\t\t\tborder: 0px none #CCCCCC;    \t\t    \t\tbackground-color:rgba(0,0,0, 0.30);        -moz-box-sizing: content-box !important;        -webkit-box-sizing: content-box !important;        box-sizing: content-box !important;      }\t\t\t#bwg_container1_0 #bwg_container2_0 .bwg_mosaic_thumb_0 {\t\t\t\tdisplay: block;\t\t\t\t-moz-box-sizing: content-box !important;\t\t\t\t-webkit-box-sizing: content-box !important;\t\t\t\tbox-sizing: content-box !important;\t\t\t\tmargin: 0;\t\t\t\topacity: 1.00;\t\t\t}      #bwg_container1_0 #bwg_container2_0 .bwg_mosaic_thumb_spun_0:hover {        opacity: 1;        backface-visibility: hidden;        -webkit-backface-visibility: hidden;        -moz-backface-visibility: hidden;        -ms-backface-visibility: hidden;        z-index: 102;      }\t      @media only screen and (min-width: 480px) {        #bwg_container1_0 #bwg_container2_0 .bwg_mosaic_thumb_spun_0:hover {          transform: scale(1.1);          -ms-transform: scale(1.1);          -webkit-transform: scale(1.1);        }      }\t      #bwg_container1_0 #bwg_container2_0 .bwg_mosaic_thumbnails_0 {        background-color: rgba(255, 255, 255, 0.00);        font-size: 0;        position: relative;        text-align: center;        display: inline-block;        visibility: hidden;              }\t  \/*image title styles*\/      #bwg_container1_0 #bwg_container2_0 .bwg_mosaic_title_spun1_0,      #bwg_container1_0 #bwg_container2_0 .bwg-mosaic-thumbnails .bwg_ecommerce_spun1_0 {        position: absolute;        display: block;        opacity: 0;        box-sizing: border-box;        text-align: center;\t\t\t\ttop: 50%;\t\t\t\tleft: 50%;\t\t\t\ttransform: translate(-50%, -50%);      }      #bwg_container1_0 #bwg_container2_0 .bwg-mosaic-thumbnails .bwg_mosaic_title_spun2_0,      #bwg_container1_0 #bwg_container2_0 .bwg-mosaic-thumbnails .bwg_ecommerce_spun2_0 {\t\t    color: #CCCCCC;        font-family: segoe ui;        font-size: 16px;        font-weight: bold;        text-shadow: 0px 0px 0px #888888;        vertical-align: middle;        word-wrap: break-word;      }            .bwg_mosaic_play_icon_spun_0 {        display: table;        position: absolute;        left: -10000px;        top: 0px;        opacity: 0;      }      .bwg_mosaic_play_icon_0 {        color: #CCCCCC;        font-size: 32px;        vertical-align: middle;        display: table-cell !important;        z-index: 1;        text-align: center;        margin: 0 auto;      }      #bwg_container1_0 #bwg_container2_0 .bwg_gal_title_0 {        background-color: rgba(0, 0, 0, 0);        color: #323A45;        display: block;        font-family: Ubuntu;        font-size: 16px;        font-weight: bold;        padding: 2px;        text-shadow: ;        text-align: center;      }            @media screen and (max-width: 280px) {      div[class^=\"bwg_mosaic_thumbnails_\"],      span[class^=\"bwg_mosaic_thumb_spun_\"] {      width: 100% !important;      }      img[class^=\"bwg_mosaic_thumb_\"] {      width: 100% !important;      height: auto !important;      margin: 0px auto !important;      }      }      <\/style>    <div id=\"bwg_container1_0\"         class=\"bwg_container bwg_thumbnail bwg_thumbnails_mosaic \"         data-right-click-protection=\"0\"         data-bwg=\"0\"         data-scroll=\"0\"         data-gallery-type=\"thumbnails_mosaic\"         data-gallery-view-type=\"thumbnails_mosaic\"         data-current-url=\"\/wordpress\/wp-json\/wp\/v2\/posts\/16925\"         data-lightbox-url=\"https:\/\/www.nonsolomodanews.it\/wordpress\/wp-admin\/admin-ajax.php?action=GalleryBox&#038;current_view=0&#038;gallery_id=254&#038;tag=0&#038;theme_id=1&#038;shortcode_id=266&#038;sort_by=order&#038;order_by=asc&#038;current_url=%2Fwordpress%2Fwp-json%2Fwp%2Fv2%2Fposts%2F16925\"         data-gallery-id=\"254\"         data-popup-width=\"800\"         data-popup-height=\"500\"         data-is-album=\"gallery\"         data-buttons-position=\"bottom\">      <div id=\"bwg_container2_0\">             <div id=\"ajax_loading_0\" class=\"bwg_loading_div_1\">      <div class=\"bwg_loading_div_2\">        <div class=\"bwg_loading_div_3\">          <div id=\"loading_div_0\" class=\"bwg_spider_ajax_loading\">          <\/div>        <\/div>      <\/div>    <\/div>            <form id=\"gal_front_form_0\"              class=\"bwg-hidden\"              method=\"post\"              action=\"#\"              data-current=\"0\"              data-shortcode-id=\"266\"              data-gallery-type=\"thumbnails_mosaic\"              data-gallery-id=\"254\"              data-tag=\"0\"              data-album-id=\"0\"              data-theme-id=\"1\"              data-ajax-url=\"https:\/\/www.nonsolomodanews.it\/wordpress\/wp-admin\/admin-ajax.php?action=bwg_frontend_data\">          <div id=\"bwg_container3_0\" class=\"bwg-background bwg-background-0\">                <div id=\"bwg_mosaic_thumbnails_div_0\"         class=\"bwg-container-0 bwg-container bwg-mosaic-thumbnails\"         data-bwg=\"0\"         data-mosaic-direction=\"vertical\"         data-resizable=\"0\"         data-width=\"180\"         data-height=\"90\"         data-total-width=\"100\"         data-block-id=\"bwg_thumbnails_mosaic_0\"         data-thumb-padding=\"4\"         data-thumb-border=\"0\"         data-title-margin=\"2px\"         data-image-title=\"none\"         data-play-icon=\"1\"         data-ecommerce-icon=\"none\"         data-gallery-id=\"254\"         data-lightbox-url=\"https:\/\/www.nonsolomodanews.it\/wordpress\/wp-admin\/admin-ajax.php?action=GalleryBox&#038;current_view=0&#038;gallery_id=254&#038;tag=0&#038;theme_id=1&#038;shortcode_id=266&#038;sort_by=order&#038;order_by=asc&#038;current_url=%2Fwordpress%2Fwp-json%2Fwp%2Fv2%2Fposts%2F16925\"         data-mosaic-thumb-transition=\"1\"         style=\"visibility: hidden\" >      <div id=\"bwg_thumbnails_mosaic_0\" class=\"bwg_mosaic_thumbnails_0\">                  <a class=\"bwg-a\" >          <div class=\"bwg_mosaic_thumb_spun_0 bwg-item0 bwg-mosaic-thumb-span \">            <img decoding=\"async\" class=\"bwg_mosaic_thumb_0 skip-lazy bwg_img_clear bwg_img_custom \"                 id=\"21994\"                 src=\"https:\/\/www.nonsolomodanews.it\/wordpress\/wp-content\/uploads\/photo-gallery\/greta%20ray\/thumb\/Greta%20Ray%20Model%20-%20White%20Glamour%202017%2016.jpg?bwg=1624548760\"                 data-src=\"https:\/\/www.nonsolomodanews.it\/wordpress\/wp-content\/uploads\/photo-gallery\/greta%20ray\/thumb\/Greta%20Ray%20Model%20-%20White%20Glamour%202017%2016.jpg?bwg=1624548760\"                 data-width=\"\"                 data-height=\"\"                 alt=\"Greta Ray Model - White Glamour 2017 16\"                 title=\"Greta Ray Model - White Glamour 2017 16\" \/>                      <\/div>        <\/a>                <a class=\"bwg-a\" >          <div class=\"bwg_mosaic_thumb_spun_0 bwg-item0 bwg-mosaic-thumb-span \">            <img decoding=\"async\" class=\"bwg_mosaic_thumb_0 skip-lazy bwg_img_clear bwg_img_custom \"                 id=\"21993\"                 src=\"https:\/\/www.nonsolomodanews.it\/wordpress\/wp-content\/uploads\/photo-gallery\/greta%20ray\/thumb\/Greta%20Ray%20Model%20-%20White%20Glamour%202017%205%20copia.jpg?bwg=1624548760\"                 data-src=\"https:\/\/www.nonsolomodanews.it\/wordpress\/wp-content\/uploads\/photo-gallery\/greta%20ray\/thumb\/Greta%20Ray%20Model%20-%20White%20Glamour%202017%205%20copia.jpg?bwg=1624548760\"                 data-width=\"\"                 data-height=\"\"                 alt=\"Greta Ray Model - White Glamour 2017 5 copia\"                 title=\"Greta Ray Model - White Glamour 2017 5 copia\" \/>                      <\/div>        <\/a>                <a class=\"bwg-a\" >          <div class=\"bwg_mosaic_thumb_spun_0 bwg-item0 bwg-mosaic-thumb-span \">            <img decoding=\"async\" class=\"bwg_mosaic_thumb_0 skip-lazy bwg_img_clear bwg_img_custom \"                 id=\"21992\"                 src=\"https:\/\/www.nonsolomodanews.it\/wordpress\/wp-content\/uploads\/photo-gallery\/greta%20ray\/thumb\/Greta%20Ray%20Model%20-%20Nature%20in%20Milan%2012.jpg?bwg=1624548760\"                 data-src=\"https:\/\/www.nonsolomodanews.it\/wordpress\/wp-content\/uploads\/photo-gallery\/greta%20ray\/thumb\/Greta%20Ray%20Model%20-%20Nature%20in%20Milan%2012.jpg?bwg=1624548760\"                 data-width=\"\"                 data-height=\"\"                 alt=\"Greta Ray Model - Nature in Milan 12\"                 title=\"Greta Ray Model - Nature in Milan 12\" \/>                      <\/div>        <\/a>                <a class=\"bwg-a\" >          <div class=\"bwg_mosaic_thumb_spun_0 bwg-item0 bwg-mosaic-thumb-span \">            <img decoding=\"async\" class=\"bwg_mosaic_thumb_0 skip-lazy bwg_img_clear bwg_img_custom \"                 id=\"21991\"                 src=\"https:\/\/www.nonsolomodanews.it\/wordpress\/wp-content\/uploads\/photo-gallery\/greta%20ray\/thumb\/Greta%20Ray%20Model%20-%20Milan%20Rock%20Street%202016%205.jpg?bwg=1624548760\"                 data-src=\"https:\/\/www.nonsolomodanews.it\/wordpress\/wp-content\/uploads\/photo-gallery\/greta%20ray\/thumb\/Greta%20Ray%20Model%20-%20Milan%20Rock%20Street%202016%205.jpg?bwg=1624548760\"                 data-width=\"\"                 data-height=\"\"                 alt=\"Greta Ray Model - Milan Rock Street 2016 5\"                 title=\"Greta Ray Model - Milan Rock Street 2016 5\" \/>                      <\/div>        <\/a>                <a class=\"bwg-a\" >          <div class=\"bwg_mosaic_thumb_spun_0 bwg-item0 bwg-mosaic-thumb-span \">            <img decoding=\"async\" class=\"bwg_mosaic_thumb_0 skip-lazy bwg_img_clear bwg_img_custom \"                 id=\"21990\"                 src=\"https:\/\/www.nonsolomodanews.it\/wordpress\/wp-content\/uploads\/photo-gallery\/greta%20ray\/thumb\/Greta%20Ray%20Model%20-%20Glamour%20Boxe%20in%20Milan%202017%20-%20Gaetano%202.jpg?bwg=1624548760\"                 data-src=\"https:\/\/www.nonsolomodanews.it\/wordpress\/wp-content\/uploads\/photo-gallery\/greta%20ray\/thumb\/Greta%20Ray%20Model%20-%20Glamour%20Boxe%20in%20Milan%202017%20-%20Gaetano%202.jpg?bwg=1624548760\"                 data-width=\"\"                 data-height=\"\"                 alt=\"Greta Ray Model - Glamour Boxe in Milan 2017 - Gaetano 2\"                 title=\"Greta Ray Model - Glamour Boxe in Milan 2017 - Gaetano 2\" \/>                      <\/div>        <\/a>                <a class=\"bwg-a\" >          <div class=\"bwg_mosaic_thumb_spun_0 bwg-item0 bwg-mosaic-thumb-span \">            <img decoding=\"async\" class=\"bwg_mosaic_thumb_0 skip-lazy bwg_img_clear bwg_img_custom \"                 id=\"21989\"                 src=\"https:\/\/www.nonsolomodanews.it\/wordpress\/wp-content\/uploads\/photo-gallery\/greta%20ray\/thumb\/Greta%20Ray%20Model%20-%20Deep%20Eyes%202017%201%20Gian.jpg?bwg=1624548760\"                 data-src=\"https:\/\/www.nonsolomodanews.it\/wordpress\/wp-content\/uploads\/photo-gallery\/greta%20ray\/thumb\/Greta%20Ray%20Model%20-%20Deep%20Eyes%202017%201%20Gian.jpg?bwg=1624548760\"                 data-width=\"\"                 data-height=\"\"                 alt=\"Greta Ray Model - Deep Eyes 2017 1 Gian\"                 title=\"Greta Ray Model - Deep Eyes 2017 1 Gian\" \/>                      <\/div>        <\/a>                <a class=\"bwg-a\" >          <div class=\"bwg_mosaic_thumb_spun_0 bwg-item0 bwg-mosaic-thumb-span \">            <img decoding=\"async\" class=\"bwg_mosaic_thumb_0 skip-lazy bwg_img_clear bwg_img_custom \"                 id=\"21988\"                 src=\"https:\/\/www.nonsolomodanews.it\/wordpress\/wp-content\/uploads\/photo-gallery\/greta%20ray\/thumb\/Greta%20Ray%20Model%20-%20Black%20&#038;%20White%20Torino%202017%20Bianc%204.jpg?bwg=1624548760\"                 data-src=\"https:\/\/www.nonsolomodanews.it\/wordpress\/wp-content\/uploads\/photo-gallery\/greta%20ray\/thumb\/Greta%20Ray%20Model%20-%20Black%20&#038;%20White%20Torino%202017%20Bianc%204.jpg?bwg=1624548760\"                 data-width=\"\"                 data-height=\"\"                 alt=\"Greta Ray Model - Black &amp; White Torino 2017 Bianc 4\"                 title=\"Greta Ray Model - Black &amp; White Torino 2017 Bianc 4\" \/>                      <\/div>        <\/a>            <\/div>    <\/div>    <style>      \/*pagination styles*\/      #bwg_container1_0 #bwg_container2_0 .tablenav-pages_0 {\t\t\t\ttext-align: center;\t\t\t\tfont-size: 12px;\t\t\t\tfont-family: segoe ui;\t\t\t\tfont-weight: bold;\t\t\t\tcolor: #666666;\t\t\t\tmargin: 6px 0 4px;\t\t\t\tdisplay: block;      }      @media only screen and (max-width : 320px) {      #bwg_container1_0 #bwg_container2_0 .displaying-num_0 {     \t display: none;      }      }      #bwg_container1_0 #bwg_container2_0 .displaying-num_0 {\t\t\t\tfont-size: 12px;\t\t\t\tfont-family: segoe ui;\t\t\t\tfont-weight: bold;\t\t\t\tcolor: #666666;\t\t\t\tmargin-right: 10px;\t\t\t\tvertical-align: middle;      }      #bwg_container1_0 #bwg_container2_0 .paging-input_0 {\t\t\t\tfont-size: 12px;\t\t\t\tfont-family: segoe ui;\t\t\t\tfont-weight: bold;\t\t\t\tcolor: #666666;\t\t\t\tvertical-align: middle;      }      #bwg_container1_0 #bwg_container2_0 .tablenav-pages_0 a.disabled,      #bwg_container1_0 #bwg_container2_0 .tablenav-pages_0 a.disabled:hover,      #bwg_container1_0 #bwg_container2_0 .tablenav-pages_0 a.disabled:focus,\t\t\t#bwg_container1_0 #bwg_container2_0 .tablenav-pages_0 input.bwg_current_page {\t\t\t\tcursor: default;\t\t\t\tcolor: rgba(102, 102, 102, 0.5);      }      #bwg_container1_0 #bwg_container2_0 .tablenav-pages_0 a,      #bwg_container1_0 #bwg_container2_0 .tablenav-pages_0 input.bwg_current_page {\t\t\t\tcursor: pointer;\t\t\t\ttext-align: center;\t\t\t\tfont-size: 12px;\t\t\t\tfont-family: segoe ui;\t\t\t\tfont-weight: bold;\t\t\t\tcolor: #666666;\t\t\t\ttext-decoration: none;\t\t\t\tpadding: 3px 6px;\t\t\t\tmargin: 0;\t\t\t\tborder-radius: 0;\t\t\t\tborder-style: solid;\t\t\t\tborder-width: 1px;\t\t\t\tborder-color: #E3E3E3;\t\t\t\t\t\t\t\tbackground-color: rgba(255, 255, 255, 1.00);\t\t\t\tbox-shadow: 0;\t\t\t\ttransition: all 0.3s ease 0s;-webkit-transition: all 0.3s ease 0s;      }      <\/style>      <span class=\"bwg_nav_cont_0\">              <div class=\"tablenav-pages_0\">                  <\/div>                <input type=\"hidden\" id=\"page_number_0\" name=\"page_number_0\" value=\"1\" \/>      <script type=\"text\/javascript\">        if( jQuery('.bwg_nav_cont_0').length > 1 ) {          jQuery('.bwg_nav_cont_0').first().remove()        }        function spider_page_0(cur, x, y, load_more) {          if (typeof load_more == \"undefined\") {            var load_more = false;          }          if (jQuery(cur).hasClass('disabled')) {            return false;          }          var items_county_0 = 1;          switch (y) {            case 1:              if (x >= items_county_0) {                document.getElementById('page_number_0').value = items_county_0;              }              else {                document.getElementById('page_number_0').value = x + 1;              }              break;            case 2:              document.getElementById('page_number_0').value = items_county_0;              break;            case -1:              if (x == 1) {                document.getElementById('page_number_0').value = 1;              }              else {                document.getElementById('page_number_0').value = x - 1;              }              break;            case -2:              document.getElementById('page_number_0').value = 1;              break;\t\t\t\t\t\tcase 0:              document.getElementById('page_number_0').value = x;              break;            default:              document.getElementById('page_number_0').value = 1;          }          bwg_ajax('gal_front_form_0', '0', 'bwg_thumbnails_mosaic_0', '0', '', 'gallery', 0, '', '', load_more, '', 1);        }                    jQuery('.first-page-0').on('click', function () {              spider_page_0(this, 1, -2, 'numeric');              return false;            });            jQuery('.prev-page-0').on('click', function () {              spider_page_0(this, 1, -1, 'numeric');              return false;            });            jQuery('.next-page-0').on('click', function () {              spider_page_0(this, 1, 1, 'numeric');              return false;            });            jQuery('.last-page-0').on('click', function () {              spider_page_0(this, 1, 2, 'numeric');              return false;            });        \t\t\t\t\/* Change page on input enter. *\/        function bwg_change_page_0( e, that ) {          if (  e.key == 'Enter' ) {            var to_page = parseInt(jQuery(that).val());            var pages_count = jQuery(that).parents(\".pagination-links\").data(\"pages-count\");            var current_url_param = jQuery(that).attr('data-url-info');            if (to_page > pages_count) {              to_page = 1;            }\t \t\t\t\t\t\t\t\t\t\t\t\tspider_page_0(this, to_page, 0, 'numeric');\t\t\t\t\t\t\treturn false;\t\t\t\t\t\t          }          return true;        }        jQuery('.bwg_load_btn_0').on('click', function () {            spider_page_0(this, 1, 1, true);            return false;        });      <\/script>      <\/span>                <\/div>        <\/form>              <\/div>    <\/div>    <script>      if (document.readyState === 'complete') {        if( typeof bwg_main_ready == 'function' ) {          if ( jQuery(\"#bwg_container1_0\").height() ) {            bwg_main_ready(jQuery(\"#bwg_container1_0\"));          }        }      } else {        document.addEventListener('DOMContentLoaded', function() {          if( typeof bwg_main_ready == 'function' ) {            if ( jQuery(\"#bwg_container1_0\").height() ) {             bwg_main_ready(jQuery(\"#bwg_container1_0\"));            }          }        });      }    <\/script>    \n<\/div>\n","protected":false},"excerpt":{"rendered":"<p>Greta Ray (nome d&rsquo;arte) &egrave; una giovanissima cantante di origini lombarde (&egrave; nata a Cant&ugrave; &ndash; citt&agrave; famosa per i mobili e per il basket) che&nbsp; prima di cimentarsi nel mondo della musica con ottimi risultati (&egrave; ora sul mercato discografico con il suo il brano &lt;&lt;il mio domani&gt;&gt; ha conosciuto le luci dei set fotografici gi&agrave; in tenerissima et&agrave;.&nbsp; Nonsolomodanews &egrave; sempre alla ricerca di talenti che possano trasferire qualcosa a chi ci legge e questo &egrave; il caso di Greta che oltre alla musica ha alle spalle moltissimi shooting fotografici. Oltre a ringraziare Greta, Nonsolomodanews desidera ringraziare&nbsp; il suo staff e in modo particolare il&nbsp; suo manager Massimiliano Cenatiempo. Auguriamo ai lettori di Nonsolomodanews buona lettura.&nbsp;<\/p>\n","protected":false},"author":1,"featured_media":16934,"comment_status":"open","ping_status":"open","sticky":false,"template":"","format":"standard","meta":{"rop_custom_images_group":[],"rop_custom_messages_group":[],"rop_publish_now":"initial","rop_publish_now_accounts":[],"rop_publish_now_history":[],"rop_publish_now_status":"pending","footnotes":""},"categories":[16],"tags":[303,2441,2442,1036,1062],"class_list":["post-16925","post","type-post","status-publish","format-standard","has-post-thumbnail","hentry","category-articolo","tag-cantante","tag-greta-ray","tag-il-mio-domani","tag-modella","tag-musica-2"],"_links":{"self":[{"href":"https:\/\/www.nonsolomodanews.it\/wordpress\/wp-json\/wp\/v2\/posts\/16925","targetHints":{"allow":["GET"]}}],"collection":[{"href":"https:\/\/www.nonsolomodanews.it\/wordpress\/wp-json\/wp\/v2\/posts"}],"about":[{"href":"https:\/\/www.nonsolomodanews.it\/wordpress\/wp-json\/wp\/v2\/types\/post"}],"author":[{"embeddable":true,"href":"https:\/\/www.nonsolomodanews.it\/wordpress\/wp-json\/wp\/v2\/users\/1"}],"replies":[{"embeddable":true,"href":"https:\/\/www.nonsolomodanews.it\/wordpress\/wp-json\/wp\/v2\/comments?post=16925"}],"version-history":[{"count":3,"href":"https:\/\/www.nonsolomodanews.it\/wordpress\/wp-json\/wp\/v2\/posts\/16925\/revisions"}],"predecessor-version":[{"id":16935,"href":"https:\/\/www.nonsolomodanews.it\/wordpress\/wp-json\/wp\/v2\/posts\/16925\/revisions\/16935"}],"wp:featuredmedia":[{"embeddable":true,"href":"https:\/\/www.nonsolomodanews.it\/wordpress\/wp-json\/wp\/v2\/media\/16934"}],"wp:attachment":[{"href":"https:\/\/www.nonsolomodanews.it\/wordpress\/wp-json\/wp\/v2\/media?parent=16925"}],"wp:term":[{"taxonomy":"category","embeddable":true,"href":"https:\/\/www.nonsolomodanews.it\/wordpress\/wp-json\/wp\/v2\/categories?post=16925"},{"taxonomy":"post_tag","embeddable":true,"href":"https:\/\/www.nonsolomodanews.it\/wordpress\/wp-json\/wp\/v2\/tags?post=16925"}],"curies":[{"name":"wp","href":"https:\/\/api.w.org\/{rel}","templated":true}]}}