{"id":16663,"date":"2017-09-11T05:43:33","date_gmt":"2017-09-11T05:43:33","guid":{"rendered":"http:\/\/www.nonsolomodanews.it\/wordpress\/?p=16663"},"modified":"2017-09-11T05:43:33","modified_gmt":"2017-09-11T05:43:33","slug":"alice-rachele-arlanch-e-miss-italia-2017","status":"publish","type":"post","link":"https:\/\/www.nonsolomodanews.it\/wordpress\/alice-rachele-arlanch-e-miss-italia-2017\/","title":{"rendered":"Alice Rachele Arlanch \u00e8 Miss Italia 2017"},"content":{"rendered":"<div id=\"attachment_16658\" style=\"width: 210px\" class=\"wp-caption alignleft\"><a href=\"http:\/\/www.nonsolomodanews.it\/wordpress\/wp-content\/uploads\/2017\/09\/07-Alice-Rachele-Arlanch-Miss-Italia-2017.jpg\"><img loading=\"lazy\" decoding=\"async\" aria-describedby=\"caption-attachment-16658\" class=\"size-medium wp-image-16658\" src=\"http:\/\/www.nonsolomodanews.it\/wordpress\/wp-content\/uploads\/2017\/09\/07-Alice-Rachele-Arlanch-Miss-Italia-2017-200x300.jpg\" alt=\"07-Alice-Rachele-Arlanch-Miss-Italia-2017\" width=\"200\" height=\"300\" srcset=\"https:\/\/www.nonsolomodanews.it\/wordpress\/wp-content\/uploads\/2017\/09\/07-Alice-Rachele-Arlanch-Miss-Italia-2017-200x300.jpg 200w, https:\/\/www.nonsolomodanews.it\/wordpress\/wp-content\/uploads\/2017\/09\/07-Alice-Rachele-Arlanch-Miss-Italia-2017.jpg 650w\" sizes=\"auto, (max-width: 200px) 100vw, 200px\" \/><\/a><p id=\"caption-attachment-16658\" class=\"wp-caption-text\">07-Alice-Rachele-Arlanch-Miss-Italia-2017<\/p><\/div>\n<p><span style=\"color: #000000;\"><strong>Alice Rachele Arlanch<\/strong> \u00e8 Miss Italia 2017. La ventunenne nata a Rovereto e residente a Vallarsa, era arrivata a Jesolo con la fascia di Miss Trentino Alto Adige. \u00c8 stata eletta al termine della lunga diretta televisiva dal Pala Arrex di Jesolo, condotta da <strong>Francesco Facchinetti<\/strong> su La7. Seconda classificata <strong>Laura Cod\u00e9n<\/strong> di Feltre (BL), in gara con il titolo di Miss Romagna 2017 per aver disputato le selezioni regionali in Emilia Romagna, dove studia. Terza <strong>Samira Lui<\/strong>, 19 anni di Udine, la prima Miss Italia Chef della storia, che si \u00e8 cimentata ai fornelli nei giorni scorsi aggiudicandosi il titolo dopo aver cucinato il frico, il piatto tipico friulano, davanti alle telecamere dell\u2019emittente di Urbano Cairo.<\/span><\/p>\n<p><!--more--><\/p>\n<p><span style=\"color: #000000;\">Alta 1,78, occhi verdi e capelli castani, Alice Rachele \u00e8 diplomata al liceo classico, studia giurisprudenza all\u2019Universit\u00e0 di Trento, con indirizzo diritto internazionale e transeuropeo e sogna di diventare un bravo avvocato \u201cimpegnato &#8211; dice &#8211; a garantire l\u2019uguaglianza sociale e la tutela dei diritti delle minoranze\u201d. Alice Rachele viene da una piccola frazione del Comune di Vallarsa (TN), che conta 14 abitanti, dei quali lei &#8211; assieme al fratello minore Andrea &#8211; \u00e8 la pi\u00f9 piccola \u201ce anche la pi\u00f9 bella\u201d, confessa ridendo.\u00a0 Sportiva come le ultime due Miss Italia, di cui porta entrambi i nomi, Alice Rachele ha praticato nuoto per molti anni ed ora si dedica alla corsa e alla palestra per mantenersi in forma. Tifosa del Milan e amante dei viaggi, \u00e8 appassionata di fotografia e ha da poco acquistato una fotocamera professionale con la quale vorrebbe immortalare \u201ci momenti pi\u00f9 belli\u201d della sua vita.\u00a0 La mamma, insegnante di tedesco, gestisce un bed and breakfast e ha rivolto un appello alla nazione (novit\u00e0 della 78^ edizione) in entrambe le lingue. Il padre \u00e8 responsabile sicurezza, protezione e prevenzione e health safety environment manager. Fidanzata con Andrea, si ispira ad Angelina Jolie, una donna impegnata con le Nazioni Unite nella difesa dei diritti delle minoranze e dei profughi e rifugiati, famosa per aver intrapreso numerose missioni umanitarie nei paesi pi\u00f9 poveri del mondo.\u00a0 Si definisce \u201ccreativa e intraprendente, amo cantare &#8211; racconta &#8211; ma purtroppo sono completamente stonata\u201d.\u00a0 Per quanto riguarda il titolo, dice: \u201cPer me la bellezza non \u00e8 un fattore esclusivamente esteriore, contano le doti caratteriali e di spirito, ma anche l\u2019intelligenza e la cultura. Io voglio rappresentare questo modello femminile per sfatare lo stereotipo secondo il quale la donna bella sarebbe priva di sostanza\u201d.Alice Rachele svela: \u201cInizialmente avevo paura di espormi, ma ho deciso di accettare la sfida e di mettermi in gioco fino in fondo, per superare i miei limiti e acquisire una maggiore sicurezza. Uno degli aspetti che maggiormente mi caratterizza \u00e8 la sensibilit\u00e0 nei confronti delle persone meno fortunate. Inoltre, sono molto competitiva e ci\u00f2 mi aiuta a raggiungere i miei obiettivi\u201d.Alice Rachele Arlanch \u00e8 una ragazza social: \u201cUtilizzo prevalentemente Instagram, mi piace pubblicare foto con messaggi scherzosi e, soprattutto, cimentarmi in \u2018stories\u2019 in cui racconto i momenti migliori e pi\u00f9 buffi della giornata. Amo farmi vedere come sono realmente, senza filtri\u201d.Con Alice Rachele il Trentino conquista il titolo per la seconda volta nella storia del Concorso, dopo la vittoria di Claudia Andreatti nel 2006.Le regioni che hanno collezionato il maggior numero di Miss Italia \u00e8 la Sicilia, con ben 11 vincitrici. Seguono il Lazio e la Lombardia con 10, il Veneto con 6, il Friuli e la Calabria con 5, il Piemonte e la Toscana con 4 a testa, Campagna e Marche con 3, Emilia Romagna, Liguria, Sardegna e Umbria con 2, Puglia e Abruzzo con una sola miss.\u00a0Alice Rachele Arlanch cede la fascia nazionale di Miss Miluna 2017, conquistata nei giorni scorsi, alla veneta Anna Bardi, ventenne di Spinea (VE), studentessa di archeologia, classificata seconda nell\u2019assegnazione del titolo legato allo sponsor che realizza la corona di Miss Italia.<\/span><\/p>\n<p>Testi e foto, sito ufficiale <a href=\"http:\/\/www.missitalia.it\/\">Miss Italia\u00a0<\/a><\/p>\n<p style=\"text-align: center;\">Tutti i diritti riservati \u00a9 2017 \u2013 Email: nonsolomodanews@gmail.com<\/p>\n","protected":false},"excerpt":{"rendered":"<p>Alice Rachele Arlanch &egrave; Miss Italia 2017. La ventunenne nata a Rovereto e residente a Vallarsa, era arrivata a Jesolo con la fascia di Miss Trentino Alto Adige. &Egrave; stata eletta al termine della lunga diretta televisiva dal Pala Arrex di Jesolo, condotta da Francesco Facchinetti su La7. Seconda classificata Laura Cod&eacute;n di Feltre (BL), in gara con il titolo di Miss Romagna 2017 per aver disputato le selezioni regionali in Emilia Romagna, dove studia. Terza Samira Lui, 19 anni di Udine, la prima Miss Italia Chef della storia, che si &egrave; cimentata ai fornelli nei giorni scorsi aggiudicandosi il titolo dopo aver cucinato il frico, il piatto tipico friulano, davanti alle telecamere dell&rsquo;emittente di Urbano Cairo.<\/p>\n","protected":false},"author":1,"featured_media":16659,"comment_status":"open","ping_status":"open","sticky":false,"template":"","format":"standard","meta":{"rop_custom_images_group":[],"rop_custom_messages_group":[],"rop_publish_now":"initial","rop_publish_now_accounts":[],"rop_publish_now_history":[],"rop_publish_now_status":"pending","footnotes":""},"categories":[16],"tags":[2403,2404,1016,2405],"class_list":["post-16663","post","type-post","status-publish","format-standard","has-post-thumbnail","hentry","category-articolo","tag-alice-rachele-arlanch","tag-jesolo","tag-miss-italia","tag-trentino"],"_links":{"self":[{"href":"https:\/\/www.nonsolomodanews.it\/wordpress\/wp-json\/wp\/v2\/posts\/16663","targetHints":{"allow":["GET"]}}],"collection":[{"href":"https:\/\/www.nonsolomodanews.it\/wordpress\/wp-json\/wp\/v2\/posts"}],"about":[{"href":"https:\/\/www.nonsolomodanews.it\/wordpress\/wp-json\/wp\/v2\/types\/post"}],"author":[{"embeddable":true,"href":"https:\/\/www.nonsolomodanews.it\/wordpress\/wp-json\/wp\/v2\/users\/1"}],"replies":[{"embeddable":true,"href":"https:\/\/www.nonsolomodanews.it\/wordpress\/wp-json\/wp\/v2\/comments?post=16663"}],"version-history":[{"count":1,"href":"https:\/\/www.nonsolomodanews.it\/wordpress\/wp-json\/wp\/v2\/posts\/16663\/revisions"}],"predecessor-version":[{"id":16664,"href":"https:\/\/www.nonsolomodanews.it\/wordpress\/wp-json\/wp\/v2\/posts\/16663\/revisions\/16664"}],"wp:featuredmedia":[{"embeddable":true,"href":"https:\/\/www.nonsolomodanews.it\/wordpress\/wp-json\/wp\/v2\/media\/16659"}],"wp:attachment":[{"href":"https:\/\/www.nonsolomodanews.it\/wordpress\/wp-json\/wp\/v2\/media?parent=16663"}],"wp:term":[{"taxonomy":"category","embeddable":true,"href":"https:\/\/www.nonsolomodanews.it\/wordpress\/wp-json\/wp\/v2\/categories?post=16663"},{"taxonomy":"post_tag","embeddable":true,"href":"https:\/\/www.nonsolomodanews.it\/wordpress\/wp-json\/wp\/v2\/tags?post=16663"}],"curies":[{"name":"wp","href":"https:\/\/api.w.org\/{rel}","templated":true}]}}