{"id":16653,"date":"2017-09-10T09:50:38","date_gmt":"2017-09-10T09:50:38","guid":{"rendered":"http:\/\/www.nonsolomodanews.it\/wordpress\/?p=16653"},"modified":"2017-09-10T09:50:38","modified_gmt":"2017-09-10T09:50:38","slug":"il-ministro-delle-politiche-agricole-alimentari-e-forestali-ospite-della-seconda-giornata-del-salone-internazionale-del-biologico-e-del-naturale","status":"publish","type":"post","link":"https:\/\/www.nonsolomodanews.it\/wordpress\/il-ministro-delle-politiche-agricole-alimentari-e-forestali-ospite-della-seconda-giornata-del-salone-internazionale-del-biologico-e-del-naturale\/","title":{"rendered":"Il Ministro delle Politiche Agricole, Alimentari e Forestali ospite della seconda giornata del Salone internazionale del biologico e del naturale."},"content":{"rendered":"<div id=\"attachment_16651\" style=\"width: 310px\" class=\"wp-caption alignleft\"><a href=\"http:\/\/www.nonsolomodanews.it\/wordpress\/wp-content\/uploads\/2017\/09\/09092017-DSC_4889.jpg\"><img loading=\"lazy\" decoding=\"async\" aria-describedby=\"caption-attachment-16651\" class=\"size-medium wp-image-16651\" src=\"http:\/\/www.nonsolomodanews.it\/wordpress\/wp-content\/uploads\/2017\/09\/09092017-DSC_4889-300x200.jpg\" alt=\"Sana Bologna - Min. Martina\" width=\"300\" height=\"200\" srcset=\"https:\/\/www.nonsolomodanews.it\/wordpress\/wp-content\/uploads\/2017\/09\/09092017-DSC_4889-300x200.jpg 300w, https:\/\/www.nonsolomodanews.it\/wordpress\/wp-content\/uploads\/2017\/09\/09092017-DSC_4889-768x513.jpg 768w, https:\/\/www.nonsolomodanews.it\/wordpress\/wp-content\/uploads\/2017\/09\/09092017-DSC_4889-1024x684.jpg 1024w, https:\/\/www.nonsolomodanews.it\/wordpress\/wp-content\/uploads\/2017\/09\/09092017-DSC_4889-1080x721.jpg 1080w, https:\/\/www.nonsolomodanews.it\/wordpress\/wp-content\/uploads\/2017\/09\/09092017-DSC_4889.jpg 2000w\" sizes=\"auto, (max-width: 300px) 100vw, 300px\" \/><\/a><p id=\"caption-attachment-16651\" class=\"wp-caption-text\">Sana Bologna &#8211; Min. Martina<\/p><\/div>\n<p><span style=\"color: #000000;\">Il Ministro delle Politiche Agricole, Alimentari e Forestali ospite della seconda giornata del Salone internazionale del biologico e del naturale.<\/span><br \/>\n<span style=\"color: #000000;\">\u201cL&#8217;Italia conferma la leadership nel settore biologico in Europa: 300mila ettari convertiti in Italia nel 2016, una superficie pari a tutta la provincia di Bologna, case e uffici compresi&#8221;. Lo ha dichiarato il\u00a0Ministro delle Politiche Agricole, Maurizio Martina,\u00a0questo pomeriggio in visita al Salone Internazionale del Biologico e del Naturale a Bologna.<\/span><\/p>\n<p><!--more--><\/p>\n<p><span style=\"color: #000000;\">&#8220;Il tasso di crescita \u00e8 del 20% nelle superfici coltivate, negli operatori impegnati e nei consumi. Un patrimonio che si basa sulla fiducia e sulla voglia dei consumatori di sostenere un sistema produttivo col minor impatto sull&#8217;ambiente possibile&#8221;, continua Martina. Al Sana di Bologna, la pi\u00f9 importante manifestazione del settore, il Ministro ha incontrato imprenditori, agricoltori e giovani &#8220;le colonne portanti di questo successo -sottolinea -. Con loro stiamo lavorando a rendere pi\u00f9 forte il comparto con scelte concrete. Abbiamo istituito per la prima volta le mense scolastiche biologiche certificate, rivisto il sistema dei controlli per renderli pi\u00f9 trasparenti ed efficaci. In Europa dove si discute la riforma del settore non siamo disponibili ad accettare passi indietro sulla sicurezza e sulla sostenibilit\u00e0 dei prodotti. Anzi in Italia vogliamo rilanciare ancora. Serve un salto di qualit\u00e0 con l&#8217;approvazione al Senato del testo unico sul biologico, che ha gi\u00e0 passato il vaglio della Camera. Una legge utile per investire di pi\u00f9 nella ricerca, organizzare meglio i produttori e valorizzare le produzioni sui territori attraverso i distretti del biologico. Un intervento necessario per un settore che ormai ha superato i 5 miliardi di euro di valore e che fa sempre pi\u00f9 parte del carattere distintivo del modello agricolo italiano&#8221;.<\/span><\/p>\n<p><a href=\"http:\/\/www.sana.it\/\"><span style=\"color: #000000;\">Comunicato Stampa<\/span><\/a><\/p>\n<p style=\"text-align: center;\">Tutti i diritti riservati \u00a9 2017 \u2013 Email: nonsolomodanews@gmail.com<\/p>\n","protected":false},"excerpt":{"rendered":"<p>Il Ministro delle Politiche Agricole, Alimentari e Forestali ospite della seconda giornata del Salone internazionale del biologico e del naturale. &ldquo;L&rsquo;Italia conferma la leadership nel settore biologico in Europa: 300mila ettari convertiti in Italia nel 2016, una superficie pari a tutta la provincia di Bologna, case e uffici compresi&rdquo;. Lo ha dichiarato il&nbsp;Ministro delle Politiche Agricole, Maurizio Martina,&nbsp;questo pomeriggio in visita al Salone Internazionale del Biologico e del Naturale a Bologna.<\/p>\n","protected":false},"author":1,"featured_media":16648,"comment_status":"open","ping_status":"open","sticky":false,"template":"","format":"standard","meta":{"rop_custom_images_group":[],"rop_custom_messages_group":[],"rop_publish_now":"initial","rop_publish_now_accounts":[],"rop_publish_now_history":[],"rop_publish_now_status":"pending","footnotes":""},"categories":[16],"tags":[262,372,2399,2401,2402,1265],"class_list":["post-16653","post","type-post","status-publish","format-standard","has-post-thumbnail","hentry","category-articolo","tag-bologna","tag-comunicato-stampa-2","tag-granarolo","tag-luca-braia","tag-min-martina","tag-sana"],"_links":{"self":[{"href":"https:\/\/www.nonsolomodanews.it\/wordpress\/wp-json\/wp\/v2\/posts\/16653","targetHints":{"allow":["GET"]}}],"collection":[{"href":"https:\/\/www.nonsolomodanews.it\/wordpress\/wp-json\/wp\/v2\/posts"}],"about":[{"href":"https:\/\/www.nonsolomodanews.it\/wordpress\/wp-json\/wp\/v2\/types\/post"}],"author":[{"embeddable":true,"href":"https:\/\/www.nonsolomodanews.it\/wordpress\/wp-json\/wp\/v2\/users\/1"}],"replies":[{"embeddable":true,"href":"https:\/\/www.nonsolomodanews.it\/wordpress\/wp-json\/wp\/v2\/comments?post=16653"}],"version-history":[{"count":2,"href":"https:\/\/www.nonsolomodanews.it\/wordpress\/wp-json\/wp\/v2\/posts\/16653\/revisions"}],"predecessor-version":[{"id":16655,"href":"https:\/\/www.nonsolomodanews.it\/wordpress\/wp-json\/wp\/v2\/posts\/16653\/revisions\/16655"}],"wp:featuredmedia":[{"embeddable":true,"href":"https:\/\/www.nonsolomodanews.it\/wordpress\/wp-json\/wp\/v2\/media\/16648"}],"wp:attachment":[{"href":"https:\/\/www.nonsolomodanews.it\/wordpress\/wp-json\/wp\/v2\/media?parent=16653"}],"wp:term":[{"taxonomy":"category","embeddable":true,"href":"https:\/\/www.nonsolomodanews.it\/wordpress\/wp-json\/wp\/v2\/categories?post=16653"},{"taxonomy":"post_tag","embeddable":true,"href":"https:\/\/www.nonsolomodanews.it\/wordpress\/wp-json\/wp\/v2\/tags?post=16653"}],"curies":[{"name":"wp","href":"https:\/\/api.w.org\/{rel}","templated":true}]}}