{"id":16643,"date":"2017-09-08T06:06:07","date_gmt":"2017-09-08T06:06:07","guid":{"rendered":"http:\/\/www.nonsolomodanews.it\/wordpress\/?p=16643"},"modified":"2017-09-08T06:06:53","modified_gmt":"2017-09-08T06:06:53","slug":"il-meglio-del-bio-in-fiera-a-bologna-dall8-all11-settembr","status":"publish","type":"post","link":"https:\/\/www.nonsolomodanews.it\/wordpress\/il-meglio-del-bio-in-fiera-a-bologna-dall8-all11-settembr\/","title":{"rendered":"Il meglio del Bio in Fiera a Bologna dall\u20198 all\u201911 Settembre"},"content":{"rendered":"<div id=\"attachment_16595\" style=\"width: 200px\" class=\"wp-caption alignleft\"><a href=\"http:\/\/www.nonsolomodanews.it\/wordpress\/wp-content\/uploads\/2017\/08\/logo-sana-jpg.jpg\"><img loading=\"lazy\" decoding=\"async\" aria-describedby=\"caption-attachment-16595\" class=\"size-full wp-image-16595\" src=\"http:\/\/www.nonsolomodanews.it\/wordpress\/wp-content\/uploads\/2017\/08\/logo-sana-jpg.jpg\" alt=\"Sana - Bologna 8-11 settembre 2017\" width=\"190\" height=\"128\" \/><\/a><p id=\"caption-attachment-16595\" class=\"wp-caption-text\">Sana &#8211; Bologna 8-11 settembre 2017<\/p><\/div>\n<h3><b>920 espositori (+10% rispetto al 2016) su 22.000 mq di superficie espositiva netta (+ 13%),\u00a0<\/b><b>circa 70 appuntamenti tra convegni, workshop e presentazioni,\u00a0<\/b><b>2.500 incontri programmati tra aziende e buyer internazionali in arrivo da 30 Paesi (+11%).<\/b><\/h3>\n<h3 class=\"green\"><b>Il\u00a0<\/b><b>Vice-Ministro delle Politiche Agricole, Alimentare e Forestali, Andrea Olivero, interviene all\u2019inaugurazione della manifestazione e al convegno di apertura di venerd\u00ec 8 settembre.<\/b><\/h3>\n<p><b>\u00a0<\/b><br \/>\nApre\u00a0<b>venerd\u00ec 8 settembre<\/b>\u00a0la 29\u00b0edizione di\u00a0<b>SANA<\/b>, il\u00a0<b>Salone internazionale del biologico e del naturale<\/b>\u00a0organizzato da\u00a0<b>BolognaFiere<\/b>: aziende, operatori, enti, associazioni, buyer e pubblico si danno appuntamento presso il\u00a0<b>Quartiere fieristico di\u00a0<\/b><b>Bologna<\/b>\u00a0per visitare la manifestazione di riferimento per il settore, in programma fino a\u00a0<b>luned\u00ec 11 settembre<\/b>. A SANA 2017 tutto il meglio della produzione nazionale e internazionale, una vetrina d\u2019eccellenza che accoglie per quattro giorni migliaia di visitatori.<br \/>\nLa manifestazione \u00e8 anche piattaforma di confronto e approfondimento con i protagonisti del comparto, istituzionali e privati, dal Governo alle Regioni, dagli organismi europei alle associazioni e federazioni di categoria e rappresentanza, alle imprese e aziende di produzione e distribuzione, enti di \u00a0certificazione. Il Salone del biologico e del naturale di Bologna rappresenta un settore economico in costante crescita, espressione del cambiamento culturale di uno stile di vita sempre pi\u00f9 responsabile nei confronti della persona e dell\u2019ambiente, di un consumatore consapevole e orientato a scegliere per s\u00e9 e per la propria famiglia prodotti di qualit\u00e0 e soluzioni a tutela del benessere.<\/p>\n<p>SANA si sviluppa su\u00a0<b>una superficie netta di 22.000 mq\u00a0<\/b>(+13% rispetto al 2016)<b>\u00a0con 920 aziende presenti\u00a0<\/b>(+10%) e una pi\u00f9 forte presenza dei\u00a0<b>buyer internazionali in arrivo da 30 Paesi<\/b>\u00a0(+11%).<\/p>\n<p>&nbsp;<\/p>\n<p><b>I SETTORI MERCEOLOGICI<\/b><br \/>\nUna crescita che si riflette sul nuovo layout della manifestazione, pi\u00f9 ampio e funzionale: salgono infatti a tre (25, 26 e 32) i padiglioni dedicati al settore dell\u2019<b>Alimentazione biologica<\/b>, che ospitano aziende produttrici di alimenti biologici, freschi e confezionati, materie prime, aziende di packaging ed enti di certificazione,\u00a0 offrendo il meglio della produzione nazionale e internazionale del settore.<br \/>\nI padiglioni 21 e 22 sono quelli riservati al sempre pi\u00f9 ricco settore della\u00a0<b>Cura del corpo naturale e bio<\/b>, dove gli operatori \u00a0possono incontrare la proposta pi\u00f9 completa di \u00a0integratori alimentari,cosmetici biologici e naturali,trattamenti per i corpo e piante officinali.<br \/>\nNovit\u00e0 del 2017, la riorganizzazione dell\u2019area\u00a0<b>Green Lifestyle<\/b>. Con la sua ampliata \u00a0selezione merceologica ospitata al padiglione 16, il terzo settore di SANA si compone di sei sotto-categorie:\u00a0<i>Home&amp;Office\u00a0<\/i>con soluzioni green per la casa e l\u2019ambiente di lavoro;\u00a0<i>Mom&amp;Kids\u00a0<\/i>con prodotti ecologici e naturali per la crescita, il gioco e la cura di neonati, bambini e mamme;\u00a0<i>Clothing&amp;Textiles\u00a0<\/i>con abiti, calzature e accessori eco-friendly;\u00a0<i>Pet&amp;Garden\u00a0<\/i>con prodotti e servizi naturali ed ecocompatibili per la cura di animali domestici, giardini e terrazzi;\u00a0<i>Hobby&amp;Sport\u00a0<\/i>con soluzioni per il tempo libero, lo sport e i passatempo in chiave green e\u00a0<i>Travel&amp;Wellness\u00a0<\/i>con offerte di viaggio, soggiorno e trattamenti per il benessere psicofisico e la\u00a0<i>remise en forme\u00a0<\/i>all\u2019insegna della naturalit\u00e0 e dell\u2019attenzione all\u2019ambiente.<\/p>\n<p>\u201c<i>Siamo orgogliosi del percorso di SANA\u00a0<\/i>\u2013 dichiara\u00a0<b>Antonio Bruzzone, Direttore Generale BolognaFiere<\/b>\u00a0\u2013\u00a0<i>e dell\u2019ottimo riscontro in termini di presenze espositive, 920 le aziende presenti con un incremento del 10 per cento rispetto al 2016 e una significativa presenza di espositori esteri, anche la superficie espositiva registra un pi\u00f9 13 per cento rispetto alla precedente edizione. Alla 29<sup>a\u00a0<\/sup>edizione la manifestazione ben rappresenta un cambiamento profondo negli stili di vita che vede produttori e consumatori sempre pi\u00f9 attenti ai temi ambientali e alla sostenibilit\u00e0.\u00a0<\/i><i>Il settore del biologico e del naturale \u00e8 un importante volano economico per il nostro Paese, in cui gi\u00e0 eccelle e che offre ancora ampie possibilit\u00e0 di crescita. Attraverso SANA\u00a0<\/i>\u2013 prosegue Bruzzone \u2013\u00a0<i>BolognaFiere, anche con il contributo di FederBio, nostro partner, vuole dare sostegno e nuove opportunit\u00e0 di business agli operatori, spesso giovani, che intendono consolidare o iniziare nuovi percorsi imprenditoriali\u201d.<\/i><\/p>\n<p><b>\u00a0<\/b><\/p>\n<p><b>IL TAGLIO DEL NASTRO E IL CONVEGNO INAUGURALE<\/b><br \/>\nL\u2019inaugurazione del Salone \u00e8 prevista venerd\u00ec 8 settembre alle ore<b>\u00a010.30 al Centro Servizi<\/b>\u00a0alla presenza del Vice Ministro delle politiche agricole, alimentari e forestali,<b>\u00a0Andrea Olivero<\/b>, di<b>\u00a0Gianpiero Calzolari<\/b>, Presidente di BolognaFiere, e delle autorit\u00e0 locali.<\/p>\n<p>In programma per le\u00a0<b>ore 11.00<\/b>, sempre venerd\u00ec 8, il convegno d\u2019apertura \u201c<b>Quale regolamento per potenziare la crescita del biologico europeo?<\/b>\u201d, organizzato da\u00a0<b>BolognaFiere<\/b>\u00a0e\u00a0<b>FederBio<\/b>.<br \/>\nOltre ai saluti del Presidente\u00a0<b>Gianpiero<\/b>\u00a0<b>Calzolari<\/b>, sono previsti gli interventi di\u00a0\u00a0<b>Paolo De Castro<\/b>, Vicepresidente della Commissione Agricoltura e Sviluppo Rurale del Parlamento Europeo:\u00a0<b>Fiona Marty<\/b><i>,<b>\u00a0<\/b><\/i>Responsabile Affari Europei FNAB &#8211; F\u00e9d\u00e9ration Nationale d\u2019Agriculture Biologique (Francia);\u00a0<b>Antje K<\/b><b>\u00f6lling<\/b><i>,<\/i>Responsabile Politiche e Relazioni Esterne Demeter (Germania);\u00a0<b>Miriam Van Bree<\/b>, Responsabile Politiche di Interesse Comune e Dipartimento Knowledge Projects, Bionext (Olanda);\u00a0<b>Eduardo Cuoco<\/b>, Direttore IFOAM EU;\u00a0<b>Roberto Zanoni<\/b>, Presidente AssoBio, Italia;\u00a0<b>Paolo Carnemolla<\/b>, Presidente FederBio, Italia;\u00a0<b>Maria Teresa Bertuzzi<\/b>, Relatrice DDL agricoltura biologica al Senato della Repubblica.<\/p>\n<p>Le conclusioni del convegno sono affidate al Vice-Ministro\u00a0<b>Andrea Olivero<\/b>.<\/p>\n<p>&nbsp;<\/p>\n<p><b>L\u2019OSSERVATORIO SANA 2017<\/b><br \/>\nAlle\u00a0<b>ore 14.30<\/b>\u00a0in Sala Notturno l\u2019approfondimento sul sistema agroalimentare biologico continua con il convegno \u201c<b>Tutti i numeri del bio italiano<\/b>\u201d, con la presentazione dei dati dell\u2019<b>Osservatorio SANA 2017<\/b>, promosso e finanziato da\u00a0<b>BolognaFiere<\/b>\u00a0con il patrocinio di\u00a0<b>Federbio<\/b>\u00a0e\u00a0<b>Assobio<\/b>\u00a0e realizzato da\u00a0<b>Nomisma<\/b>. Focus di questa edizione, il biologico nel contesto dei prodotti a base completamente vegetale. L\u2019incontro prevede anche la presentazione dei dati su operatori e superfici agricole bio sul territorio italiano rilevati da\u00a0<b>SINAB<\/b>\u00a0&#8211; Sistema d\u2019Informazione Nazionale sull\u2019Agricoltura Biologica del\u00a0<b>Ministero delle politiche agricole, alimentari e forestali<\/b>\u00a0e\u00a0<b>ISMEA<\/b>\u00a0&#8211; Istituto di Servizi per il Mercato Agricolo alimentare.<\/p>\n<p><b>\u00a0<\/b><\/p>\n<p><b>LE AREE TEMATICHE<\/b><br \/>\nSANA si sviluppa in diverse aree tematiche e in altrettante iniziative:\u00a0<b>SANA Academy, SANA Novit\u00e0, SANA Shop, SANA City, SANA Day\u00a0<\/b>e il<b>VeganFest<\/b>.<\/p>\n<p><b>SANA Academy\u00a0<\/b>si articola in un calendario\u00a0 di quattro appuntamenti, rivolti gli operatori del settore e tenuti da docenti, ricercatori universitari e professionisti del comparto, che in questa edizione si occupano di oli essenziali, esaminati in base a composizione e applicazioni, di evoluzione ed interazione con l\u2019alimentazione del microbiota intestinale dal concepimento alla vecchiaia, di nutrizione e benessere nelle varie et\u00e0 della vita della donna e delle applicazioni dei fitoderivati in ambito veterinario.<\/p>\n<p>Immancabile l\u2019appuntamento con\u00a0<b>SANA Novit\u00e0<\/b>, l\u2019esposizione delle innovazioni proposte dalle aziende presenti in fiera tra quelle lanciate nell\u2019ultimo anno, allestita nel Centro Servizi del Quartiere fieristico. Numero record per le referenze in mostra,\u00a0<b>oltre 700<\/b>, tra cui i visitatori di SANA sono chiamati a votare il proprio prodotto preferito, uno per ciascuna categoria merceologica del Salone. Un premio speciale \u00e8 inoltre assegnato dai\u00a0<b>blogger ufficiali\u00a0<\/b>della manifestazione nella categoria #BloggerForSana. Appuntamento con la cerimonia di premiazione domenica 10 settembre alle ore 16.00 nella piazza coperta del Centro Servizi.<\/p>\n<p>Completano il programma della manifestazione: le proposte di\u00a0<b>SANA Shop<\/b>\u00a0(padiglione 16) dove i visitatori possono acquistare direttamente cibi bio, cosmetici naturali e biologici, integratori e tanti altri prodotti naturali; i 10 giorni di appuntamenti\u00a0<i>green<\/i>\u00a0di\u00a0<b>SANA City<\/b>, dall\u20198 al 17 settembre, organizzati in collaborazione con\u00a0<b>Eco-Bio Confesercenti<\/b>; le iniziative di\u00a0<b>SANA<\/b><b>\u00a0DAY<\/b>, sabato 9 settembre, promosse in collaborazione con\u00a0<b>Confcommercio-Ascom Bologna<\/b>;<b>\u00a0<\/b>e il\u00a0<b>VeganFest<\/b>, il principale evento italiano dedicato al mondo vegan, organizzato insieme a VEGANOK.<\/p>\n<p>&nbsp;<\/p>\n<p><b>I PARTNER<\/b><br \/>\nFondamentali per il successo del Salone sono le numerose partnership attivate da BolognaFiere, a cominciare dalla collaborazione strategica con\u00a0<b>FederBio<\/b>\u00a0e proseguendo il contributo di\u00a0<b>Cosmetica Italia<\/b>, i patrocini del\u00a0<b>Ministero dell\u2019Ambiente e della Tutela del Territorio e del Mare\u00a0<\/b>e del\u00a0<b>MIPAAF &#8211; Ministero delle politiche agricole, alimentari e forestali<\/b>, il supporto di\u00a0<b>IFOAM &#8211;\u00a0<\/b><b>International Federation of Organic Agriculture Movements\u00a0<\/b>e di<b>\u00a0ICE \u2013 Agenzia per la promozione all\u2019estero e l\u2019internazionalizzazione delle imprese<\/b>, e l\u2019appoggio delle istituzioni locali, come la Regione Emilia-Romagna.<\/p>\n<p>&nbsp;<\/p>\n<p><b>SANA INTERNATIONAL<\/b><br \/>\nUn successo che non manca di richiamare attenzione da oltre confine, con\u00a0<b>buyer internazionali in arrivo da 30 Paesi<\/b>\u00a0(+11% rispetto al 2016): Albania, Austria, Belgio, Canada, Corea del sud, Croazia, Danimarca, Emirati Arabi, Germania, Giappone, Inghilterra, Iran, Israele, Messico, Norvegia, Olanda, Oman, Polonia, Qatar, Repubblica Ceca, Serbia, Singapore, Slovenia, Spagna, Sudafrica, Svezia, Svizzera, Taiwan, Ungheria e Usa.<br \/>\nUna presenza significativa, resa possibile grazie all\u2019<b>International Buyer Program<\/b>, il programma di incoming organizzato in collaborazione con<b>\u00a0ICE<\/b><b>\u2013 Agenzia per la promozione all\u2019estero e l\u2019internazionalizzazione delle imprese italiane\u00a0<\/b>e<b>\u00a0FederBio.<\/b><br \/>\nIn agenda\u00a0<b>2.500\u00a0<\/b><b>incontri b2b<\/b>\u00a0che per gli espositori rappresentano una concreta opportunit\u00e0 di incontrare, in un lounge dedicato al padiglione 32, la vasta platea di interlocutori specializzati nel settore biologico e naturale. Nello stesso padiglione, presso l\u2019International room, sono previste anche le presentazioni di mercato di Corea, Croazia, Iran, Scandinavia, Regno Unito e Ungheria.<\/p>\n","protected":false},"excerpt":{"rendered":"<p>920 espositori (+10% rispetto al 2016) su 22.000 mq di superficie espositiva netta (+ 13%),&nbsp;circa 70 appuntamenti tra convegni, workshop e presentazioni,&nbsp;2.500 incontri programmati tra aziende e buyer internazionali in arrivo da 30 Paesi (+11%). Il&nbsp;Vice-Ministro delle Politiche Agricole, Alimentare e Forestali, Andrea Olivero, interviene all&rsquo;inaugurazione della manifestazione e al convegno di apertura di venerd&igrave; 8 settembre. &nbsp; Apre&nbsp;venerd&igrave; 8 settembre&nbsp;la 29&deg;edizione di&nbsp;SANA, il&nbsp;Salone internazionale del biologico e del naturale&nbsp;organizzato da&nbsp;BolognaFiere: aziende, operatori, enti, associazioni, buyer e pubblico si danno appuntamento presso il&nbsp;Quartiere fieristico di&nbsp;Bologna&nbsp;per visitare la manifestazione di riferimento per il settore, in programma fino a&nbsp;luned&igrave; 11 settembre. A SANA 2017 tutto il meglio della produzione nazionale e internazionale, una vetrina d&rsquo;eccellenza che accoglie per quattro giorni migliaia di visitatori. La manifestazione &egrave; anche piattaforma di confronto e approfondimento con i protagonisti del comparto, istituzionali e privati, dal Governo alle Regioni, dagli organismi europei alle associazioni e federazioni di categoria e rappresentanza, alle imprese e aziende di produzione e distribuzione, enti di &nbsp;certificazione. Il Salone del biologico e del naturale di Bologna rappresenta un settore economico in costante crescita, espressione del cambiamento culturale di uno stile di vita sempre pi&ugrave; responsabile nei confronti della persona e dell&rsquo;ambiente, di un [&hellip;]<\/p>\n","protected":false},"author":1,"featured_media":16644,"comment_status":"open","ping_status":"open","sticky":false,"template":"","format":"standard","meta":{"rop_custom_images_group":[],"rop_custom_messages_group":[],"rop_publish_now":"initial","rop_publish_now_accounts":[],"rop_publish_now_history":[],"rop_publish_now_status":"pending","footnotes":""},"categories":[16],"tags":[2397,262,1265],"class_list":["post-16643","post","type-post","status-publish","format-standard","has-post-thumbnail","hentry","category-articolo","tag-biologico","tag-bologna","tag-sana"],"_links":{"self":[{"href":"https:\/\/www.nonsolomodanews.it\/wordpress\/wp-json\/wp\/v2\/posts\/16643","targetHints":{"allow":["GET"]}}],"collection":[{"href":"https:\/\/www.nonsolomodanews.it\/wordpress\/wp-json\/wp\/v2\/posts"}],"about":[{"href":"https:\/\/www.nonsolomodanews.it\/wordpress\/wp-json\/wp\/v2\/types\/post"}],"author":[{"embeddable":true,"href":"https:\/\/www.nonsolomodanews.it\/wordpress\/wp-json\/wp\/v2\/users\/1"}],"replies":[{"embeddable":true,"href":"https:\/\/www.nonsolomodanews.it\/wordpress\/wp-json\/wp\/v2\/comments?post=16643"}],"version-history":[{"count":2,"href":"https:\/\/www.nonsolomodanews.it\/wordpress\/wp-json\/wp\/v2\/posts\/16643\/revisions"}],"predecessor-version":[{"id":16646,"href":"https:\/\/www.nonsolomodanews.it\/wordpress\/wp-json\/wp\/v2\/posts\/16643\/revisions\/16646"}],"wp:featuredmedia":[{"embeddable":true,"href":"https:\/\/www.nonsolomodanews.it\/wordpress\/wp-json\/wp\/v2\/media\/16644"}],"wp:attachment":[{"href":"https:\/\/www.nonsolomodanews.it\/wordpress\/wp-json\/wp\/v2\/media?parent=16643"}],"wp:term":[{"taxonomy":"category","embeddable":true,"href":"https:\/\/www.nonsolomodanews.it\/wordpress\/wp-json\/wp\/v2\/categories?post=16643"},{"taxonomy":"post_tag","embeddable":true,"href":"https:\/\/www.nonsolomodanews.it\/wordpress\/wp-json\/wp\/v2\/tags?post=16643"}],"curies":[{"name":"wp","href":"https:\/\/api.w.org\/{rel}","templated":true}]}}