{"id":16401,"date":"2017-06-26T19:53:35","date_gmt":"2017-06-26T19:53:35","guid":{"rendered":"http:\/\/www.nonsolomodanews.it\/wordpress\/?p=16401"},"modified":"2017-06-26T19:58:46","modified_gmt":"2017-06-26T19:58:46","slug":"interview-with-shania-matthews-winner-of-polimoda-fashion-show-2017-best-collection-2017-pitti92-2","status":"publish","type":"post","link":"https:\/\/www.nonsolomodanews.it\/wordpress\/interview-with-shania-matthews-winner-of-polimoda-fashion-show-2017-best-collection-2017-pitti92-2\/","title":{"rendered":"Interview with Shania Matthews, winner of Polimoda Fashion Show 2017 &#8211; Best Collection 2017 &#8211;  Pitti#92 &#8211;"},"content":{"rendered":"<div id=\"attachment_16404\" style=\"width: 210px\" class=\"wp-caption alignleft\"><a href=\"http:\/\/www.nonsolomodanews.it\/wordpress\/wp-content\/uploads\/2017\/06\/GYG4415-2.jpg\"><img loading=\"lazy\" decoding=\"async\" aria-describedby=\"caption-attachment-16404\" class=\"size-medium wp-image-16404\" src=\"http:\/\/www.nonsolomodanews.it\/wordpress\/wp-content\/uploads\/2017\/06\/GYG4415-2-200x300.jpg\" alt=\"Shania Matthews\" width=\"200\" height=\"300\" srcset=\"https:\/\/www.nonsolomodanews.it\/wordpress\/wp-content\/uploads\/2017\/06\/GYG4415-2-200x300.jpg 200w, https:\/\/www.nonsolomodanews.it\/wordpress\/wp-content\/uploads\/2017\/06\/GYG4415-2.jpg 639w\" sizes=\"auto, (max-width: 200px) 100vw, 200px\" \/><\/a><p id=\"caption-attachment-16404\" class=\"wp-caption-text\">Dress by Shania Matthews<\/p><\/div>\n<p style=\"text-align: justify;\"><span style=\"color: #000000;\">22 year old <strong>Shania Matthews<\/strong> from the United Kingdom is the winner of <strong>\u201cThe Best Collection 2017\u201d<\/strong> prize at the end if the <strong>\u201cTell Me About You\u201d<\/strong> fashion show which was held at Polimoda\u2019s Villa Favard in Florence. For the 92<sup>nd<\/sup>\u00a0edition of Pitti Uomo. Polimoda presented 19 young emerging talent graduates in Fashion Design in an event to celebrate their completion of their four year programme, and an official presentation of the upcoming young designers to a selection of Journalists, companies and industry professionals. Shania convinced the judges made up of some of the most influential names in the international fashion industry, including Christiane Arp, Diane Pernet and David Fischer which her womenswear collection \u201cChildren Should Be Seen and Not Heard\u201d. Inspired by her mother\u2019s childhood in Northern Ireland between the 60s and 70s.<\/span><\/p>\n<p style=\"text-align: justify;\"><!--more--><\/p>\n<p style=\"text-align: justify;\"><span style=\"color: #000000;\"><strong>For the readers of Nonsolomodenews, who is Shania Matthews?\u00a0<\/strong><em>&#8220;Shania Matthews is a young British Fashion Designer recently graduated from Polimoda. She has lived the last four years in Florence, Italy. In both her designs and everyday life colours play an important role.\u00a0<\/em><\/span><\/p>\n<p style=\"text-align: justify;\"><span style=\"color: #000000;\"><strong>You are graduating in Fashion Design. The prize was given to you for your womenswear collection \u201cChildren Should Be Seen and Not Heard\u201d, the story of your mother. Do you want to talk about this, why did you choose this theme?\u00a0<\/strong><em>&#8220;My concept is something that is both very current and personal to me. The story of my mothers childhood I had only heard segments of throughout my life as she herself was trying to forget the past. However, with the current situation of the UK leaving the EU, this evoked memories from the past with the rising tension between England and Ireland. It was during the time of \u2018The Troubles\u2019 when my mum had lived in Northern Ireland in the 60\u2019s-70s. Through photos a childhood seemingly happy, but it was a different way of life, that presented her with a lot of dangers being part English, as the Irish wanted the English out&#8221;.<\/em><\/span><\/p>\n<p style=\"text-align: justify;\"><span style=\"color: #000000;\"><strong>What did you study before you came to study at Polimoda?\u00a0<\/strong><em>&#8220;Before Polimoda I studied A-level Economics, English literature, Art and Mathematics. The only fashion related things I had done before Polimoda other than textiles in art was short courses that I had attended during the summer at Central Saint Martins&#8221;.<\/em><\/span><\/p>\n<p style=\"text-align: justify;\"><span style=\"color: #000000;\"><strong>When did you become interested in Fashion?\u00a0<\/strong><em>&#8220;I have alway been interested in arts and making things, that I feel fashion was just the next step. It was in high school however that I took a particular interest in textile art and started experimenting a lot&#8221;.<\/em><\/span><\/p>\n<p style=\"text-align: justify;\"><span style=\"color: #000000;\"><strong>Which Fashion Designers are you influenced by? &#8220;<\/strong><em>Recently I have been very influenced by Rosie Assoulin for her styling and Missoni for their knitwear, as they use many techniques to create their garments&#8221;.<\/em><\/span><\/p>\n<p style=\"text-align: justify;\"><span style=\"color: #000000;\"><strong>What is the point that you realise the clothes for a collection?\u00a0<\/strong><em>&#8220;During the design process I started with collages to create the primary ideas for silhouette. It is then through draping and experimentation that I was able to reach the final outcome of my garments&#8221;.<\/em><\/span><\/p>\n<p style=\"text-align: justify;\"><span style=\"color: #000000;\"><strong>To create a collection, do you choose everything yourself, such as materials or you you get your friends to give you a hand? \u00a0<\/strong><em>&#8220;For my collection I chose all the fabrics and wools myself, but I feel it is always important to get a second opinion from friends or teachers, as working on one collection for so long can start to close your mind off creatively. For most\u00a0 of my collection however I used a lot of knitwear, so I had a lot of freedom with creating colours by mixing the wools. And for my fabrics I dyed them achieve the colours i wanted and others I had found&#8221;.<\/em><\/span><\/p>\n<p style=\"text-align: justify;\"><span style=\"color: #000000;\"><strong>In which moment is it most difficult in creating a collection?\u00a0<\/strong><em>&#8220;The most difficult point for me is usually the starting point, when realising the theme or idea. I always get over excited in the beginning of a project as I have too many ideas, so it can be hard to come up with just one&#8221;.<\/em><\/span><\/p>\n<p style=\"text-align: justify;\"><span style=\"color: #000000;\"><strong>What does it mean to be selected as an emerging talent for new fashion designers?\u00a0<\/strong><em>&#8220;I am very honoured to have been chosen, although I will say it was a shock to me. There are so many talented people in my year, getting into the show was an achievement&#8221;.<\/em><\/span><\/p>\n<p style=\"text-align: justify;\"><span style=\"color: #000000;\"><strong>Who was the first person to complement you ?\u00a0<\/strong><em>&#8220;The first person who complemented me was my friend who is a journalist, she had complemented me for being selected, but at this point I did not know the news so I assumed she was complementing me for participating in the show until she said otherwise&#8221;.<\/em><\/span><\/p>\n<p style=\"text-align: justify;\"><span style=\"color: #000000;\"><strong>Do you think that with this victory and with many reflectors on your professional life you can take a different path or are you already at the head of what you want to do?\u00a0<\/strong><em>&#8220;I feel that being selected is a good step forwards for me, particularly moving forwards into the fashion industry. However this is still the beginning, I am very open to any future opportunities, whether they are in fashion or even in other parts of the creative industry&#8221;.<\/em><\/span><\/p>\n<p style=\"text-align: justify;\"><span style=\"color: #000000;\"><strong>What will you take from your Italian experience?\u00a0<\/strong><em>&#8220;The language is something I hope to take with me, as I am learning more and more everyday&#8221;.<\/em><\/span><\/p>\n<p style=\"text-align: justify;\"><span style=\"color: #000000;\"><strong>Do you have any thanks in particular you need to make?\u00a0<\/strong><em>&#8220;I have been influenced and inspired by all the people I have met in Florence, particularly my friends and teachers. Thanks to my mum for telling me her stories of her childhood along with helping me finish off the collection&#8221;.<\/em><\/span><\/p>\n<p style=\"text-align: justify;\"><span style=\"color: #000000;\"><strong>Italian version.\u00a0<\/strong><\/span><\/p>\n<div id=\"attachment_16406\" style=\"width: 210px\" class=\"wp-caption alignleft\"><a href=\"http:\/\/www.nonsolomodanews.it\/wordpress\/wp-content\/uploads\/2017\/06\/GYG4493-1.jpg\"><img loading=\"lazy\" decoding=\"async\" aria-describedby=\"caption-attachment-16406\" class=\"size-medium wp-image-16406\" src=\"http:\/\/www.nonsolomodanews.it\/wordpress\/wp-content\/uploads\/2017\/06\/GYG4493-1-200x300.jpg\" alt=\"Dress by Shania Matthews\" width=\"200\" height=\"300\" srcset=\"https:\/\/www.nonsolomodanews.it\/wordpress\/wp-content\/uploads\/2017\/06\/GYG4493-1-200x300.jpg 200w, https:\/\/www.nonsolomodanews.it\/wordpress\/wp-content\/uploads\/2017\/06\/GYG4493-1.jpg 639w\" sizes=\"auto, (max-width: 200px) 100vw, 200px\" \/><\/a><p id=\"caption-attachment-16406\" class=\"wp-caption-text\">Dress by Shania Matthews<\/p><\/div>\n<p style=\"text-align: justify;\"><span style=\"color: #000000;\">22 anni, viene dal Regno Unito, si chiama <strong>Shania Matthews<\/strong> ed \u00e8 la vincitrice del premio &#8220;The Best Collection for 2017&#8221; al termine del fashion show\u00a0&lt;&lt;Tell Me About You&gt;&gt;\u00a0che si \u00e8 tenuto presso la sede Polimoda di Villa Favard, a Firenze. In occasione della edizione #92 di Pitti Immagine Uomo. Il Polimoda ha presentato al mondo della moda 19 giovani talenti emergenti diplomandi in Fashion Design, in un evento che ha celebrato la conclusione di un percorso di studi durato quattro anni e costituisce la presentazione ufficiale dei giovani designer a un pubblico selezionato di fashion insider, tra giornalisti, aziende e professionisti del settore. Shania ha convinto la giuria, composta da alcuni dei nomi pi\u00f9 influenti della moda internazionale, tra cui\u00a0Christiane Arp, Diane Pernet\u00a0e\u00a0David Fischer, con la sua collezione womenswear\u00a0Children Should Be Seen and Not Heard, ispirata alla storia della sua famiglia in Irlanda negli anni \u201960-70.<\/span><\/p>\n<p style=\"text-align: justify;\"><span style=\"color: #000000;\"><strong>Per i lettori di Nonsolomodanews chi \u00e8 Shania Matthews?\u00a0<\/strong>&#8220;Shania Matthews \u00e8 un giovane designer britannico di moda recentemente diplomato da Polimoda. Ha vissuto negli ultimi quattro anni a Firenze, Italia. In entrambi i suoi disegni e la vita quotidiana i colori svolgono un ruolo importante&#8221;.<\/span><\/p>\n<p style=\"text-align: justify;\"><span style=\"color: #000000;\"><strong>Tu ti stai per diplomare in Fashion Design. Il premio che ti \u00e8 stato conferito per la tua womenswear collezione dal titolo &#8220;Children should be seen and not heard&#8221;, si rifa alla storia della tua famiglia. Ce ne vuoi parlare? Perch\u00e8 hai scelto questo tema?\u00a0<\/strong>&#8220;Il mio concetto \u00e8 qualcosa di molto attuale e personale per me. La storia dell&#8217;infanzia di mia madre, io avevo solo sentito segmenti per tutta la mia vita, mentre lei stessa stava cercando di dimenticare il passato. Tuttavia, con la situazione attuale del Regno Unito che sta lasciando l&#8217;Unione Europea, questo ha evocato ricordi dal passato con la crescente tensione tra l&#8217;Inghilterra e l&#8217;Irlanda. Era durante il periodo dei &lt;&lt;Troubles&gt;&gt;quando mia madre aveva vissuto in Irlanda del Nord negli anni &#8217;60 e &#8217;70. Attraverso le foto un&#8217;infanzia apparentemente felice, ma era un modo diverso di vita, che le presentava con molti pericoli essendo inglese siccome gli irlandesi volevano gli inglesi fuori&#8221;.<\/span><\/p>\n<p style=\"text-align: justify;\"><span style=\"color: #000000;\"><strong>Quali studi hai fatto prima di venire a Firenze a studiare al Polimoda?\u00a0<\/strong>&#8220;Prima del Polimoda ho studiato A-level Economia, letteratura inglese, arte e matematica. Le uniche cose legate alla moda che avevo fatto prima del Polimoda oltre ai tessuti dell&#8217;arte erano corsi brevi che avevo partecipato durante l&#8217;estate a Central Saint Martins&#8221;.<\/span><\/p>\n<p style=\"text-align: justify;\"><span style=\"color: #000000;\"><strong>Quando ti sei avvicinata alla moda?\u00a0<\/strong>&#8220;Sono sempre stato interessata alle arti e a fare le cose, che ritengo che la moda sia solo il passo successivo. Era nel liceo tuttavia che ho preso un particolare interesse per l&#8217;arte tessile e ho iniziato a sperimentare molto&#8221;.<\/span><\/p>\n<p style=\"text-align: justify;\"><span style=\"color: #000000;\"><strong>In questi anni hai avuto un fashion designer al quale ti ha influenzato?\u00a0<\/strong>&#8220;Recentemente sono stata molto influenzata da Rosie Assoulin per il suo stile e Missoni per la loro maglieria, in quanto utilizzano molte tecniche per creare i loro capi.<\/span><\/p>\n<p style=\"text-align: justify;\"><span style=\"color: #000000;\"><strong>Qual \u00e8 il tuo punto forte nella realizzazione dei capi di una collezione?\u00a0<\/strong>&#8220;Durante il processo di progettazione ho iniziato i collage per creare le idee primarie per la silhouette. \u00c8 dunque attraverso il drappeggio e la sperimentazione che sono riuscita a raggiungere l&#8217;esito finale dei miei indumenti&#8221;.<\/span><\/p>\n<p style=\"text-align: justify;\"><span style=\"color: #000000;\"><strong>Per realizzare una collezione scegli tutto tu, intendo i materiali, oppure ti avvali di amici collaboratori che ti danno una mano?\u00a0<\/strong>&#8220;Per la mia collezione ho scelto tutti i tessuti e le lane, ma ritengo che sia sempre importante ottenere un secondo parere da amici o insegnanti, poich\u00e9 lavorare su una collezione per cos\u00ec tanto tempo pu\u00f2 iniziare a chiudere la tua mente in modo creativo. Per la maggior parte della mia collezione tuttavia ho usato un sacco di maglieria, quindi ho avuto molta libert\u00e0 con la creazione di colori mescolando le lane. E per i miei tessuti li ho tinti per ottenere i colori che volevo e altri che avevo trovato&#8221;.<\/span><\/p>\n<p style=\"text-align: justify;\"><span style=\"color: #000000;\"><strong>Qual \u00e8 il momento pi\u00f9 difficile per una collezione?\u00a0<\/strong>&#8220;Il punto pi\u00f9 difficile per me \u00e8 solitamente il punto di partenza, quando ci si rende conto del tema o dell&#8217;idea. Sono sempre eccitata all&#8217;inizio di un progetto perch\u00e9 ho troppe idee, quindi pu\u00f2 essere difficile trovare una sola&#8221;.<\/span><\/p>\n<p style=\"text-align: justify;\"><span style=\"color: #000000;\"><strong>Cosa significa vincere un premio cos\u00ec importanti per nuovi fashion designer?\u00a0<\/strong>&#8220;Sono molto onorata di essere stato scelta, anche se dir\u00f2 che \u00e8 stato uno shock per me. Ci sono cos\u00ec tante persone di talento nel mio anno, entrare nello show \u00e8 stata una conquista&#8221;.<\/span><\/p>\n<p style=\"text-align: justify;\"><span style=\"color: #000000;\"><strong>Chi \u00e8 stata la prima persona a farti i complimenti?<\/strong><\/span><\/p>\n<p style=\"text-align: justify;\"><span style=\"color: #000000;\">&#8220;La prima persona che si \u00e8 complimentata con me \u00e8 stata la mia amica che \u00e8 un giornalista, la quale si era complimentata per essere stata scelta, ma a questo punto non sapevo la notizia, quindi immaginavo che si stesse complimentando per la mia partecipazione allo spettacolo fino a quando non mi ha detto altrimenti&#8221;.<\/span><\/p>\n<p style=\"text-align: justify;\"><span style=\"color: #000000;\"><strong>Pensi che con questa vittoria e con molti riflettori addosso la tua vita professionale possa prendere una strada differente o hai gi\u00e0 ben in testa che cosa vorrai fare?\u00a0<\/strong>&#8220;Sento che essere stata selezionata \u00e8 un buon passo avanti per me, soprattutto in avanti verso l&#8217;industria della moda. Tuttavia, questo \u00e8 ancora l&#8217;inizio, sono molto aperta a tutte le future opportunit\u00e0, siano esse di moda o addirittura in altre parti dell&#8217;industria creativa&#8221;.<\/span><\/p>\n<p style=\"text-align: justify;\"><span style=\"color: #000000;\"><strong>Che cosa ti porterai con te di questa esperienza italiana?\u00a0<\/strong>&#8220;La lingua italiana \u00e8 qualcosa che spero di portare con me, imparando sempre di pi\u00f9 ogni giorno&#8221;.<\/span><\/p>\n<p style=\"text-align: justify;\"><span style=\"color: #000000;\"><strong>Hai qualche ringraziamento in particol<\/strong><\/span><strong>are da fare?\u00a0<\/strong>&#8220;Sono stata influenzata e ispirata da qualsiasi persona che ho incontrato a Firenze, in particolare i miei amici e insegnanti. Grazie a mia mamma per avermi raccontato le sue storie della sua infanzia che mi hanno permesso di finire la collezione&#8221;.<\/p>\n<p style=\"text-align: center;\">Le fotografie sono state fornite dal Polimoda &#8211; Intervista a cura di Bruno Angelo Porcellana<br \/>\nTutti i diritti riservati \u00a9 2017 \u2013 Email: nonsolomodanews@gmail.com<\/p>\n","protected":false},"excerpt":{"rendered":"<p>22 year old Shania Matthews from the United Kingdom is the winner of &ldquo;The Best Collection 2017&rdquo; prize at the end if the &ldquo;Tell Me About You&rdquo; fashion show which was held at Polimoda&rsquo;s Villa Favard in Florence. For the 92nd&nbsp;edition of Pitti Uomo. Polimoda presented 19 young emerging talent graduates in Fashion Design in an event to celebrate their completion of their four year programme, and an official presentation of the upcoming young designers to a selection of Journalists, companies and industry professionals. Shania convinced the judges made up of some of the most influential names in the international fashion industry, including Christiane Arp, Diane Pernet and David Fischer which her womenswear collection &ldquo;Children Should Be Seen and Not Heard&rdquo;. Inspired by her mother&rsquo;s childhood in Northern Ireland between the 60s and 70s.<\/p>\n","protected":false},"author":1,"featured_media":16402,"comment_status":"open","ping_status":"open","sticky":false,"template":"","format":"standard","meta":{"rop_custom_images_group":[],"rop_custom_messages_group":[],"rop_publish_now":"initial","rop_publish_now_accounts":[],"rop_publish_now_history":[],"rop_publish_now_status":"pending","footnotes":""},"categories":[16],"tags":[2197,2307,2328,2345],"class_list":["post-16401","post","type-post","status-publish","format-standard","has-post-thumbnail","hentry","category-articolo","tag-polimoda","tag-shania-matthews","tag-tell-me-about-you","tag-the-best-collection-2017"],"_links":{"self":[{"href":"https:\/\/www.nonsolomodanews.it\/wordpress\/wp-json\/wp\/v2\/posts\/16401","targetHints":{"allow":["GET"]}}],"collection":[{"href":"https:\/\/www.nonsolomodanews.it\/wordpress\/wp-json\/wp\/v2\/posts"}],"about":[{"href":"https:\/\/www.nonsolomodanews.it\/wordpress\/wp-json\/wp\/v2\/types\/post"}],"author":[{"embeddable":true,"href":"https:\/\/www.nonsolomodanews.it\/wordpress\/wp-json\/wp\/v2\/users\/1"}],"replies":[{"embeddable":true,"href":"https:\/\/www.nonsolomodanews.it\/wordpress\/wp-json\/wp\/v2\/comments?post=16401"}],"version-history":[{"count":3,"href":"https:\/\/www.nonsolomodanews.it\/wordpress\/wp-json\/wp\/v2\/posts\/16401\/revisions"}],"predecessor-version":[{"id":16407,"href":"https:\/\/www.nonsolomodanews.it\/wordpress\/wp-json\/wp\/v2\/posts\/16401\/revisions\/16407"}],"wp:featuredmedia":[{"embeddable":true,"href":"https:\/\/www.nonsolomodanews.it\/wordpress\/wp-json\/wp\/v2\/media\/16402"}],"wp:attachment":[{"href":"https:\/\/www.nonsolomodanews.it\/wordpress\/wp-json\/wp\/v2\/media?parent=16401"}],"wp:term":[{"taxonomy":"category","embeddable":true,"href":"https:\/\/www.nonsolomodanews.it\/wordpress\/wp-json\/wp\/v2\/categories?post=16401"},{"taxonomy":"post_tag","embeddable":true,"href":"https:\/\/www.nonsolomodanews.it\/wordpress\/wp-json\/wp\/v2\/tags?post=16401"}],"curies":[{"name":"wp","href":"https:\/\/api.w.org\/{rel}","templated":true}]}}