{"id":16343,"date":"2017-06-25T18:56:25","date_gmt":"2017-06-25T18:56:25","guid":{"rendered":"http:\/\/www.nonsolomodanews.it\/wordpress\/?p=16343"},"modified":"2017-06-25T23:10:34","modified_gmt":"2017-06-25T23:10:34","slug":"claudia-moretto-modella-che-canta-a-un-millimetro-di-cuore","status":"publish","type":"post","link":"https:\/\/www.nonsolomodanews.it\/wordpress\/claudia-moretto-modella-che-canta-a-un-millimetro-di-cuore\/","title":{"rendered":"Claudia Moretto, modella che canta&#8230; a un millimetro di cuore"},"content":{"rendered":"<div id=\"attachment_16344\" style=\"width: 209px\" class=\"wp-caption alignleft\"><a href=\"http:\/\/www.nonsolomodanews.it\/wordpress\/wp-content\/uploads\/2017\/06\/19420339_10209629060747726_7508459432521575122_n.jpg\"><img loading=\"lazy\" decoding=\"async\" aria-describedby=\"caption-attachment-16344\" class=\"size-medium wp-image-16344\" src=\"http:\/\/www.nonsolomodanews.it\/wordpress\/wp-content\/uploads\/2017\/06\/19420339_10209629060747726_7508459432521575122_n-199x300.jpg\" alt=\"Claudia Moretto\" width=\"199\" height=\"300\" srcset=\"https:\/\/www.nonsolomodanews.it\/wordpress\/wp-content\/uploads\/2017\/06\/19420339_10209629060747726_7508459432521575122_n-199x300.jpg 199w, https:\/\/www.nonsolomodanews.it\/wordpress\/wp-content\/uploads\/2017\/06\/19420339_10209629060747726_7508459432521575122_n.jpg 636w\" sizes=\"auto, (max-width: 199px) 100vw, 199px\" \/><\/a><p id=\"caption-attachment-16344\" class=\"wp-caption-text\">Claudia Moretto<\/p><\/div>\n<p><span style=\"color: #000000;\"><strong>Ciao Claudia, benvenuta su Nonsolomodanews. In poche parole ti vuoi presentare ai nostri lettori? \u00a0<\/strong><\/span><span style=\"color: #000000;\"><em>&#8220;Prima di tutto grazie per l&#8217;intervista e per lo spazio che Nonsolomodanews ha voluto dedicarmi. Sono nata 25 anni fa a Milano e sono sempre stata appassionata di tutto ci\u00f2 che \u00e8 arte. Proprio per questo ho scelto due professioni prettamente artistiche, sono una modella e cantante. Innamorata della mia musica e della moda in ogni sua sfumatura. \u00a0Altezza cm 169,\u00a0<\/em><\/span><span style=\"color: #000000;\"><em>Peso 49 kg,\u00a0<\/em><\/span><span style=\"color: #000000;\"><em>Capelli Castani,\u00a0<\/em><\/span><span style=\"color: #000000;\"><em>Occhi ambra\u00a0e\u00a0<\/em><\/span><span style=\"color: #000000;\"><em>Misure\u00a0 83\/59\/86&#8243;.<\/em><\/span><\/p>\n<p><!--more--><\/p>\n<p><span style=\"color: #000000;\"><strong>Sappiamo che sei a Milano ma vivi tra Venezia e Los Angeles. Che cosa ti lega a queste due citt\u00e0?<\/strong><em> &#8220;Mi sono trasferita a Venezia per scelta della mia famiglia che tuttora vive l\u00ec e il motivo principale che mi lega a questa bellissima citt\u00e0 \u00e8 proprio questo, la mia famiglia. Mentre a Los Angeles sono legata da un profondo sentimento. Mi sono innamorata di questa citt\u00e0 meravigliosa, il mio angolo di paradiso nel mondo, fin dalla prima volta che sono atterrata al LAX (Aereoporto di Los Angeles ndr). I momenti\u00a0migliori della mia vita li ho sicuramente trascorsi l\u00e0. Citando uno dei miei scrittori italiani\u00a0preferiti, Massimo Bisotti, anche quando sono lontana LA mi \u00e8 sempre &lt;&lt;a un millimetro di cuore&gt;&gt;&#8221;.\u00a0<\/em><\/span><\/p>\n<p><span style=\"color: #000000;\"><strong>Quali sono i tuoi hobby?<\/strong> <em>&#8220;Ho la fortuna di avere trasformato il mio pi\u00f9 grande hobby in una professione: la musica. Oltre a lavorare come modella e\u00a0cantante suono anche il pianoforte. Un&#8217;altro grande hobby \u00e8 quello della lettura. Sono una divoratrice di libri di qualsiasi genere dai pi\u00f9 sentimentali, ai thriller fino a letture pi\u00f9 impegnate in base ai vari momenti&#8221;.\u00a0<\/em><\/span><\/p>\n<p><span style=\"color: #000000;\"><strong>Qual \u00e8 il tuo colore preferito?<\/strong><em> &#8220;Onestamente non ho un vero e proprio colore preferito ma varia in base al mio stato d&#8217;animo. Alle volte mi riempirei la vita di rosso dall&#8217;arredamento \u00a0all&#8217;abbigliamento mentre altre volte preferisco colori pastello come il ros\u00e8 quartz\u00a0o l&#8217;azzurro serenity molto pi\u00f9 rilassanti&#8221;.\u00a0<\/em><\/span><\/p>\n<p><span style=\"color: #000000;\"><strong>Quale musica ascolti e qual \u00e8 il tuo artista preferito? <\/strong><em>&#8220;Escludendo musiche techno, elettroniche o eccessivamente rock ascolto un p\u00f2 tutti i generi pur prediligendo musiche soul e rNb con sfumature black sia da ascoltare che da interpretare. Tra i miei artisti preferiti Alicia Keys, Frank Sinatra e Norah Jones&#8221;.<\/em><\/span><\/p>\n<p><span style=\"color: #000000;\"><strong>Sei una persona curiosa?<\/strong> &#8220;<em>Nella vita no, non eccessivamente. Sono convinta che spesso certe cose sarebbe meglio non saperle per vivere meno stressati. Al contrario sono molto curiosa per tutto quello che \u00e8 cultura. Sono un&#8217;accanita fan di Wikipedia. Sembrer\u00e0 strano ma mi capita spesso di passare ore a leggere voci tra le pi\u00f9 disparate cercando le curiosit\u00e0 pi\u00f9 interessanti&#8221;.\u00a0<\/em><\/span><\/p>\n<p><span style=\"color: #000000;\"><strong>Quali scuole hai frequentato?<\/strong><em> &#8220;Ho frequentato la scuola di estetica anche se probabilmente se\u00a0tornassi indietro sarebbe una scelta che non rifarei. Successivamente ho frequentato il conservatorio, la Musician Institute College of Contemporary Music non che corsi di training vocali con la mia attuale vocal coach Cheryl Porter&#8221;.<\/em><\/span><\/p>\n<p><span style=\"color: #000000;\"><strong>A livello fisico, come ti mantieni in forma? <\/strong><em>&#8220;Sono una grande sportiva. Amo tutto ci\u00f2 che \u00e8 sport e mi alleno praticamente tutti i giorni con qualche piccola eccezione in estate. Faccio allenamento a corpo libero, corsa, pilates, yoga, aerobica, tennis..insomma un p\u00f2 di tutto&#8221;.<\/em><\/span><\/p>\n<p><span style=\"color: #000000;\"><strong>Tu viaggi molto. Che cosa comporta questo a livello di stress? <\/strong><em>&#8220;Una delle cose pi\u00f9 belle nella vita secondo me \u00e8 viaggiare, visitare posti nuovi e scoprire culture diverse. Quindi la considero una cosa tutt&#8217;altro\u00a0che stressante ed \u00e8\u00a0una fortuna dovendo viaggiare molto. Per\u00f2 la mia ansia pi\u00f9 grande quando devo prendere un&#8217;aereo \u00e8 che le mie valigie vengano smarrite e questo mi causa non poco stress&#8221;.\u00a0<\/em><\/span><\/p>\n<p><span style=\"color: #000000;\"><strong>Quando sei all&#8217;estero che cosa ti manca dell&#8217;Italia?<\/strong><em> &#8220;Voglio essere onesta e diretta. Quando mi trovo all&#8217;estero non mi manca niente dell&#8217;Italia anzi \u00e8 una boccata d&#8217;aria fresca esserne lontana! Purtroppo, come si pu\u00f2 ben capire, non ho un bel rapporto con il nostro paese&#8221;.\u00a0<\/em><\/span><\/p>\n<p><span style=\"color: #000000;\"><strong>Come sei di carattere?<\/strong><em> &#8220;Sono una persona decisa e testarda. Sicura di me ma alle volte molto fragile. Ci metto un po&#8217; ad aprirmi davvero alle persone, all&#8217;inizio tendo a fidarmi poco e a rimanere sulla difensiva. Sono una buona ascoltatrice preferisco ascoltare piuttosto che parlare&#8221;.<\/em><\/span><\/p>\n<p><span style=\"color: #000000;\"><strong>Non delle persone ma delle tue cose, sei una persona gelosa? <\/strong><em>&#8221; Molto anzi moltissimo. Sia delle persone che delle cose. Non esageratamente gelosa, per carit\u00e0 non sono patologica :), per\u00f2 sono molto possessiva&#8221;.<\/em><\/span><\/p>\n<p><span style=\"color: #000000;\"><strong>In una tua fotografia di ritratto che cosa noti immediatamente?<\/strong><em> &#8220;Le emozioni che riesce a trasmettermi la persona fotografata&#8221;.<\/em><\/span><\/p>\n<p><span style=\"color: #000000;\"><strong>Quali sono le tue sensazioni quando vieni fotografata?<\/strong><em> &#8220;Mah a dire il vero quando sono davanti all&#8217;obbiettivo non sto molto ad ascoltare le mie sensazioni che sono sicuramente positive, soddisfazione in primis! Pi\u00f9 che altro cerco di concentrarmi su trasmettere a chi guarder\u00e0 la foto un emozione. Credo sia la cosa pi\u00f9\u00a0importante per considerare uno shooting ben riuscito&#8221;.<\/em><\/span><\/p>\n<p><span style=\"color: #000000;\"><strong>Quali sono i generi fotografici che preferisci?<\/strong> <em>&#8220;Glamour, il mio preferito in assoluto, e fashion&#8221;.<\/em><\/span><\/p>\n<p><span style=\"color: #000000;\"><strong>Quando hai intrapreso la carriera di modella?<\/strong><em> &#8220;In maniera molto easy e casuale, la prima volta che mi sono avvicinata al mondo della moda avevo 9 anni e ho partecipato ad una sfilata organizzata da un negozio di abbigliamento locale ed alle successive\u00a03 edizioni. Mentre seriamente ho cominciato a lavorare come modella un paio di anni fa dopo uno shooting con il bravissimo fotografo Paolo Tosetto&#8230;da l\u00ec non ho pi\u00f9 smesso&#8221;.\u00a0<\/em><\/span><\/p>\n<p><span style=\"color: #000000;\"><strong>Che cosa \u00e8 per te la moda (fashion)? &#8220;<\/strong><em>La moda \u00e8 un modo di presentarsi al mondo. E&#8217; un nostro biglietto da visita, il pi\u00f9 immediato.\u00a0Non \u00e8 solo apparire o frivolezza ma rappresenta invece una parte importante del nostro essere, di come ci poniamo nei confronti di chi ci circonda. Certa gente non ci fa caso ma quello che indossiamo rivela davvero molto di noi e della nostra personalit\u00e0. E&#8217; un vero e proprio modo di esprimerci&#8221;.<\/em><\/span><\/p>\n<p><span style=\"color: #000000;\"><strong>Tu segui le tendenze?<\/strong><em> Si, ma non necessariamente. Seguo le tendenze che mi piacciono e non ho problemi a rischiare di sembrare fuori moda se una cosa non mi piace. Diciamo che pi\u00f9 che altro seguo un mio stile sperando che si sposi con le tendenze del momento.\u00a0<\/em><\/span><\/p>\n<p><span style=\"color: #000000;\"><strong>Qual \u00e8 il tuo rapporto con la moda? &#8220;<\/strong><em>Una lunga storia d&#8217;amore ahah. Oltre a lavorarci nel mondo della moda per me \u00e8 una vera e propria passione. Proprio per questo avevo aperto il mio blog claudiamoretto.net purtroppo non ho pi\u00f9 avuto tempo di seguirlo e al momento \u00e8 sospeso ma \u00e8 ancora attiva la mia pagina Facebook \u00a0&lt;&lt;Claudia Moretto Personal Blog&gt;&gt;. \u00a0<\/em><\/span><span style=\"color: #000000;\"><em><a style=\"color: #000000;\" href=\"https:\/\/www.facebook.com\/ClaudiaMorettoOfficial\/?pnref=lhc\">https:\/\/www.facebook.com\/ClaudiaMorettoOfficial\/?pnref=lhc<\/a>&#8220;.<\/em><\/span><\/p>\n<p><span style=\"color: #000000;\"><strong>Oltre a posare segui le varie manifestazioni di moda che ci sono in giro per l&#8217;Italia? &#8220;<\/strong><em>Si, ma non in maniera cos\u00ec assidua come vorrei. Purtroppo, o per fortuna, il mio lavoro mi tiene davvero tanto impegnata e non \u00e8 sempre semplice ritagliarsi momenti per seguire queste manifestazioni sopratutto nell&#8217;ultimo periodo&#8221;.<\/em><\/span><\/p>\n<p><span style=\"color: #000000;\"><strong>Una domanda velocissima, sei capace a truccarti?<\/strong><em> &#8220;Assolutamente si. Durante i miei anni di studio ho seguito diversi corsi di trucco nei quali ho imparato i vari &#8220;trucchi&#8221; del mestiere. Amo truccarmi e mi \u00e8 capitato anche di truccare alcune colleghe durante le sessioni di shooting all&#8217;inizio della mia carriera&#8221;.<\/em><\/span><\/p>\n<p><span style=\"color: #000000;\"><strong>Qual \u00e8 il trucco che ti piace di pi\u00f9 e perch\u00e8?<\/strong><em> &#8220;Smokey eyes nero e rossetto rosso. Deciso e raffinato&#8221;.<\/em><\/span><\/p>\n<p><span style=\"color: #000000;\"><strong>Chi \u00e8 il tuo fashion designer preferito?<\/strong><em> &#8220;Moschino per le occasioni pi\u00f9 casual e Zuhair Murad per gli abiti pi\u00f9 eleganti e raffinati. Ma adoro anche la stravaganza di certe creazioni di Versace e la classe senza\u00a0tempo di Vera Wang&#8221;.\u00a0<\/em><\/span><\/p>\n<p><span style=\"color: #000000;\"><strong>La tua TopModel preferita?<\/strong><em> &#8220;Nell&#8217;ultimo periodo ho davvero rivalutato Irina Shayk. Mi sto ispirando molto a lei prendendo spunti per i miei servizi fotografici&#8221;.\u00a0<\/em><\/span><\/p>\n<p><span style=\"color: #000000;\"><strong>Qual \u00e8 il capo di vestiario che ami di pi\u00f9 e quello di meno?<\/strong> &#8220;<em>Il capo che mi piace di pi\u00f9 al momento sono\u00a0i crop top. Sono in assoluto per me il capo dell&#8217;estate sia per i look pi\u00f9 casual che per quelli pi\u00f9 eleganti mentre quello che proprio non sopporto sono\u00a0i leggins. A mio parere orribili! Andrebbero ritirati dal mercato&#8221;.<\/em><\/span><\/p>\n<p><span style=\"color: #000000;\"><strong>Scarpe basse o tacchi?<\/strong> &#8220;<em>Tacchi alti senza dubbio. Li potrei indossare ovunque! Sono abituata a usarli a Venezia e conoscendo il suo caos e le sue infinte scale non mi pu\u00f2 pi\u00f9 spaventare niente ahah. Anche se poi naturalmente per comodit\u00e0 uso spesso anche\u00a0ankle boots bassi o scarpe da ginnastica&#8221;.<\/em><\/span><\/p>\n<p><span style=\"color: #000000;\"><strong>Un accessorio che non manca mai quando esci da casa?<\/strong><em> &#8220;Facciamo due? Gli orecchini in assoluto, non uscirei mai di casa senza. Ma sono anche una grande appassionata di cappelli.\u00a0Sono un accessorio che nei miei outfit pomeridiani raramente manca. Avevo addirittura aperto nel mio blog una sezione dedicata unicamente ai cappelli pi\u00f9 originali&#8221;.<\/em><\/span><\/p>\n<p><span style=\"color: #000000;\"><strong>Qual \u00e8 il tuo rapporto con i social network?<\/strong><em> &#8220;Ottimo. Mi piacciono molto, a livello personale sicuramente ma soprattutto sono un grande aiuto per il mio lavoro sia per quanto riguarda la rete professionale che ti aiutano a creare, soprattutto su LinkedIn, ma anche per la pubblicit\u00e0 e promozione che ne deriva&#8221;.<\/em><\/span><\/p>\n<p><span style=\"color: #000000;\"><strong>Il tuo telefono non funziona pi\u00f9. Cerchi di &lt;&lt;rianimarlo&gt;&gt; ma non da pi\u00f9 segni di vita. Qual \u00e8 il primo pensiero che ti passa per la testa?<\/strong><em> &#8220;Oddio che momento di panico&#8230; non ci voglio nemmeno pensare. Penserei subito a tutti i messaggi che avrei perso e anche a tutte le foto e video. Sono una grande conservatrice e per me sarebbe davvero un trauma. Per fortuna che almeno i numeri di telefono li copio sempre senn\u00f2 sarebbe davvero un disastro perdere i miei contatti personali in primis e di lavoro&#8221;.<\/em><\/span><\/p>\n<p><span style=\"color: #000000;\"><strong>Ultima domanda, sogno nel cassetto che desideri realizzare?<\/strong> &#8220;<em>Voglio sperare che i lettori di questo bellissimo blog mi possano perdonare ma sono abbastanza scaramantica quindi preferisco non dirlo. Posso solo dire che spero che la mia carriera cresca sempre di pi\u00f9 e continui a darmi soddisfazioni sempre pi\u00f9 grandi&#8221;.\u00a0<\/em><\/span><\/p>\n<p><strong><span style=\"color: #000000;\"><em>Bruno Angelo Porcellana<\/em><\/span><\/strong><\/p>\n<p>Ecco i link dove poter trovare Claudia:<\/p>\n<p>Facebook: <a href=\"https:\/\/www.facebook.com\/claudia.moretto.927\">www.facebook.com\/claudia.moretto.927<\/a><\/p>\n<p>Pagina ufficiale <a href=\"https:\/\/www.facebook.com\/ClaudiaMorettoOfficial\/\" target=\"_blank\">https:\/\/www.facebook.com\/ClaudiaMorettoOfficial\/<\/a><\/p>\n<div class=\"clearfix _o46 _3erg _29_7 direction_ltr text_align_ltr\">\n<div id=\"js_12\" class=\"_3058 _ui9 _hh7 _s1- _52mr _3oh-\" data-tooltip-content=\"21:42\" data-hover=\"tooltip\" data-tooltip-position=\"left\">\n<div class=\"_aok\"><span class=\"_3oh- _58nk\">Instagram:\u00a0<a href=\"https:\/\/l.facebook.com\/l.php?u=https%3A%2F%2Fwww.instagram.com%2Fclaudia_moretto%2F&amp;h=ATNdQVm8TVSYSSZvwpuM9c2aoDZJL30tJrmxnPlKkSJTg2JrmijZWu1vYmm7gnluJ4SWXaFXmpSpvZpzvpn9tf0RxvA0ROziFOWDzLGv-T78R5JrN9yyBng4QZ9vTf10clJlb2QEOaI\" target=\"_blank\" rel=\"nofollow noopener\">https:\/\/www.instagram.com\/claudia_moretto\/<\/a><\/span><\/div>\n<div class=\"_aok\"><\/div>\n<div class=\"_aok\" style=\"text-align: center;\"><span style=\"color: #000000;\">Le fotografie sono state fornite da Claudia Moretto. I crediti appartengono ai relativi fotografi.<\/span><br \/>\n<span style=\"color: #000000;\">Tutti i diritti riservati \u00a9 2017 \u2013 Email: nonsolomodanews@gmail.com<\/span><\/div>\n<\/div>\n<\/div>\n<div class=\"_aok\"><\/div>\n<style id=\"bwg-style-0\">      #bwg_container1_0 #bwg_container2_0 #bwg_mosaic_thumbnails_div_0 {        width: 100%;        position: relative;        background-color: rgba(255, 255, 255, 0.00);        text-align: center;        justify-content: center;                  margin-left: auto;          margin-right: auto;                    padding-left: 4px;          padding-top: 4px;                }          #bwg_container1_0 #bwg_container2_0 .bwg_mosaic_thumb_spun_0 {        display: block;        position: absolute;\t\t\t\tborder-radius: 0;\t\t\t\tborder: 0px none #CCCCCC;    \t\t    \t\tbackground-color:rgba(0,0,0, 0.30);        -moz-box-sizing: content-box !important;        -webkit-box-sizing: content-box !important;        box-sizing: content-box !important;      }\t\t\t#bwg_container1_0 #bwg_container2_0 .bwg_mosaic_thumb_0 {\t\t\t\tdisplay: block;\t\t\t\t-moz-box-sizing: content-box !important;\t\t\t\t-webkit-box-sizing: content-box !important;\t\t\t\tbox-sizing: content-box !important;\t\t\t\tmargin: 0;\t\t\t\topacity: 1.00;\t\t\t}      #bwg_container1_0 #bwg_container2_0 .bwg_mosaic_thumb_spun_0:hover {        opacity: 1;        backface-visibility: hidden;        -webkit-backface-visibility: hidden;        -moz-backface-visibility: hidden;        -ms-backface-visibility: hidden;        z-index: 102;      }\t      @media only screen and (min-width: 480px) {        #bwg_container1_0 #bwg_container2_0 .bwg_mosaic_thumb_spun_0:hover {          transform: scale(1.1);          -ms-transform: scale(1.1);          -webkit-transform: scale(1.1);        }      }\t      #bwg_container1_0 #bwg_container2_0 .bwg_mosaic_thumbnails_0 {        background-color: rgba(255, 255, 255, 0.00);        font-size: 0;        position: relative;        text-align: center;        display: inline-block;        visibility: hidden;              }\t  \/*image title styles*\/      #bwg_container1_0 #bwg_container2_0 .bwg_mosaic_title_spun1_0,      #bwg_container1_0 #bwg_container2_0 .bwg-mosaic-thumbnails .bwg_ecommerce_spun1_0 {        position: absolute;        display: block;        opacity: 0;        box-sizing: border-box;        text-align: center;\t\t\t\ttop: 50%;\t\t\t\tleft: 50%;\t\t\t\ttransform: translate(-50%, -50%);      }      #bwg_container1_0 #bwg_container2_0 .bwg-mosaic-thumbnails .bwg_mosaic_title_spun2_0,      #bwg_container1_0 #bwg_container2_0 .bwg-mosaic-thumbnails .bwg_ecommerce_spun2_0 {\t\t    color: #CCCCCC;        font-family: segoe ui;        font-size: 16px;        font-weight: bold;        text-shadow: 0px 0px 0px #888888;        vertical-align: middle;        word-wrap: break-word;      }            .bwg_mosaic_play_icon_spun_0 {        display: table;        position: absolute;        left: -10000px;        top: 0px;        opacity: 0;      }      .bwg_mosaic_play_icon_0 {        color: #CCCCCC;        font-size: 32px;        vertical-align: middle;        display: table-cell !important;        z-index: 1;        text-align: center;        margin: 0 auto;      }      #bwg_container1_0 #bwg_container2_0 .bwg_gal_title_0 {        background-color: rgba(0, 0, 0, 0);        color: #323A45;        display: block;        font-family: Ubuntu;        font-size: 16px;        font-weight: bold;        padding: 2px;        text-shadow: ;        text-align: center;      }            @media screen and (max-width: 280px) {      div[class^=\"bwg_mosaic_thumbnails_\"],      span[class^=\"bwg_mosaic_thumb_spun_\"] {      width: 100% !important;      }      img[class^=\"bwg_mosaic_thumb_\"] {      width: 100% !important;      height: auto !important;      margin: 0px auto !important;      }      }      <\/style>    <div id=\"bwg_container1_0\"         class=\"bwg_container bwg_thumbnail bwg_thumbnails_mosaic \"         data-right-click-protection=\"0\"         data-bwg=\"0\"         data-scroll=\"0\"         data-gallery-type=\"thumbnails_mosaic\"         data-gallery-view-type=\"thumbnails_mosaic\"         data-current-url=\"\/wordpress\/wp-json\/wp\/v2\/posts\/16343\"         data-lightbox-url=\"https:\/\/www.nonsolomodanews.it\/wordpress\/wp-admin\/admin-ajax.php?action=GalleryBox&#038;current_view=0&#038;gallery_id=226&#038;tag=0&#038;theme_id=1&#038;shortcode_id=237&#038;sort_by=filename&#038;order_by=asc&#038;current_url=%2Fwordpress%2Fwp-json%2Fwp%2Fv2%2Fposts%2F16343\"         data-gallery-id=\"226\"         data-popup-width=\"800\"         data-popup-height=\"500\"         data-is-album=\"gallery\"         data-buttons-position=\"bottom\">      <div id=\"bwg_container2_0\">             <div id=\"ajax_loading_0\" class=\"bwg_loading_div_1\">      <div class=\"bwg_loading_div_2\">        <div class=\"bwg_loading_div_3\">          <div id=\"loading_div_0\" class=\"bwg_spider_ajax_loading\">          <\/div>        <\/div>      <\/div>    <\/div>            <form id=\"gal_front_form_0\"              class=\"bwg-hidden\"              method=\"post\"              action=\"#\"              data-current=\"0\"              data-shortcode-id=\"237\"              data-gallery-type=\"thumbnails_mosaic\"              data-gallery-id=\"226\"              data-tag=\"0\"              data-album-id=\"0\"              data-theme-id=\"1\"              data-ajax-url=\"https:\/\/www.nonsolomodanews.it\/wordpress\/wp-admin\/admin-ajax.php?action=bwg_frontend_data\">          <div id=\"bwg_container3_0\" class=\"bwg-background bwg-background-0\">                <div id=\"bwg_mosaic_thumbnails_div_0\"         class=\"bwg-container-0 bwg-container bwg-mosaic-thumbnails\"         data-bwg=\"0\"         data-mosaic-direction=\"vertical\"         data-resizable=\"0\"         data-width=\"180\"         data-height=\"90\"         data-total-width=\"100\"         data-block-id=\"bwg_thumbnails_mosaic_0\"         data-thumb-padding=\"4\"         data-thumb-border=\"0\"         data-title-margin=\"2px\"         data-image-title=\"none\"         data-play-icon=\"1\"         data-ecommerce-icon=\"none\"         data-gallery-id=\"226\"         data-lightbox-url=\"https:\/\/www.nonsolomodanews.it\/wordpress\/wp-admin\/admin-ajax.php?action=GalleryBox&#038;current_view=0&#038;gallery_id=226&#038;tag=0&#038;theme_id=1&#038;shortcode_id=237&#038;sort_by=filename&#038;order_by=asc&#038;current_url=%2Fwordpress%2Fwp-json%2Fwp%2Fv2%2Fposts%2F16343\"         data-mosaic-thumb-transition=\"1\"         style=\"visibility: hidden\" >      <div id=\"bwg_thumbnails_mosaic_0\" class=\"bwg_mosaic_thumbnails_0\">                  <a class=\"bwg-a\" >          <div class=\"bwg_mosaic_thumb_spun_0 bwg-item0 bwg-mosaic-thumb-span \">            <img decoding=\"async\" class=\"bwg_mosaic_thumb_0 skip-lazy bwg_img_clear bwg_img_custom \"                 id=\"19347\"                 src=\"https:\/\/www.nonsolomodanews.it\/wordpress\/wp-content\/uploads\/photo-gallery\/Claudia%20Moretto\/thumb\/19260330_10209629062147761_4784173090110723604_n.jpg?bwg=1624548760\"                 data-src=\"https:\/\/www.nonsolomodanews.it\/wordpress\/wp-content\/uploads\/photo-gallery\/Claudia%20Moretto\/thumb\/19260330_10209629062147761_4784173090110723604_n.jpg?bwg=1624548760\"                 data-width=\"\"                 data-height=\"\"                 alt=\"Claudia Moretto\"                 title=\"Claudia Moretto\" \/>                      <\/div>        <\/a>                <a class=\"bwg-a\" >          <div class=\"bwg_mosaic_thumb_spun_0 bwg-item0 bwg-mosaic-thumb-span \">            <img decoding=\"async\" class=\"bwg_mosaic_thumb_0 skip-lazy bwg_img_clear bwg_img_custom \"                 id=\"19348\"                 src=\"https:\/\/www.nonsolomodanews.it\/wordpress\/wp-content\/uploads\/photo-gallery\/Claudia%20Moretto\/thumb\/19274742_10209629059867704_7409032498809523987_n.jpg?bwg=1624548760\"                 data-src=\"https:\/\/www.nonsolomodanews.it\/wordpress\/wp-content\/uploads\/photo-gallery\/Claudia%20Moretto\/thumb\/19274742_10209629059867704_7409032498809523987_n.jpg?bwg=1624548760\"                 data-width=\"\"                 data-height=\"\"                 alt=\"Claudia Moretto\"                 title=\"Claudia Moretto\" \/>                      <\/div>        <\/a>                <a class=\"bwg-a\" >          <div class=\"bwg_mosaic_thumb_spun_0 bwg-item0 bwg-mosaic-thumb-span \">            <img decoding=\"async\" class=\"bwg_mosaic_thumb_0 skip-lazy bwg_img_clear bwg_img_custom \"                 id=\"19349\"                 src=\"https:\/\/www.nonsolomodanews.it\/wordpress\/wp-content\/uploads\/photo-gallery\/Claudia%20Moretto\/thumb\/19274803_10209629060667724_6274183470542133056_n.jpg?bwg=1624548760\"                 data-src=\"https:\/\/www.nonsolomodanews.it\/wordpress\/wp-content\/uploads\/photo-gallery\/Claudia%20Moretto\/thumb\/19274803_10209629060667724_6274183470542133056_n.jpg?bwg=1624548760\"                 data-width=\"\"                 data-height=\"\"                 alt=\"Claudia Moretto\"                 title=\"Claudia Moretto\" \/>                      <\/div>        <\/a>                <a class=\"bwg-a\" >          <div class=\"bwg_mosaic_thumb_spun_0 bwg-item0 bwg-mosaic-thumb-span \">            <img decoding=\"async\" class=\"bwg_mosaic_thumb_0 skip-lazy bwg_img_clear bwg_img_custom \"                 id=\"19350\"                 src=\"https:\/\/www.nonsolomodanews.it\/wordpress\/wp-content\/uploads\/photo-gallery\/Claudia%20Moretto\/thumb\/19275204_10209629061987757_3819045772606479276_n.jpg?bwg=1624548760\"                 data-src=\"https:\/\/www.nonsolomodanews.it\/wordpress\/wp-content\/uploads\/photo-gallery\/Claudia%20Moretto\/thumb\/19275204_10209629061987757_3819045772606479276_n.jpg?bwg=1624548760\"                 data-width=\"\"                 data-height=\"\"                 alt=\"Claudia Moretto\"                 title=\"Claudia Moretto\" \/>                      <\/div>        <\/a>                <a class=\"bwg-a\" >          <div class=\"bwg_mosaic_thumb_spun_0 bwg-item0 bwg-mosaic-thumb-span \">            <img decoding=\"async\" class=\"bwg_mosaic_thumb_0 skip-lazy bwg_img_clear bwg_img_custom \"                 id=\"19351\"                 src=\"https:\/\/www.nonsolomodanews.it\/wordpress\/wp-content\/uploads\/photo-gallery\/Claudia%20Moretto\/thumb\/19366375_10209629060707725_3814038650841376929_n.jpg?bwg=1624548760\"                 data-src=\"https:\/\/www.nonsolomodanews.it\/wordpress\/wp-content\/uploads\/photo-gallery\/Claudia%20Moretto\/thumb\/19366375_10209629060707725_3814038650841376929_n.jpg?bwg=1624548760\"                 data-width=\"\"                 data-height=\"\"                 alt=\"Claudia Moretto\"                 title=\"Claudia Moretto\" \/>                      <\/div>        <\/a>                <a class=\"bwg-a\" >          <div class=\"bwg_mosaic_thumb_spun_0 bwg-item0 bwg-mosaic-thumb-span \">            <img decoding=\"async\" class=\"bwg_mosaic_thumb_0 skip-lazy bwg_img_clear bwg_img_custom \"                 id=\"19352\"                 src=\"https:\/\/www.nonsolomodanews.it\/wordpress\/wp-content\/uploads\/photo-gallery\/Claudia%20Moretto\/thumb\/19366502_10209629059827703_2734667082032077918_n.jpg?bwg=1624548760\"                 data-src=\"https:\/\/www.nonsolomodanews.it\/wordpress\/wp-content\/uploads\/photo-gallery\/Claudia%20Moretto\/thumb\/19366502_10209629059827703_2734667082032077918_n.jpg?bwg=1624548760\"                 data-width=\"\"                 data-height=\"\"                 alt=\"Claudia Moretto\"                 title=\"Claudia Moretto\" \/>                      <\/div>        <\/a>                <a class=\"bwg-a\" >          <div class=\"bwg_mosaic_thumb_spun_0 bwg-item0 bwg-mosaic-thumb-span \">            <img decoding=\"async\" class=\"bwg_mosaic_thumb_0 skip-lazy bwg_img_clear bwg_img_custom \"                 id=\"19353\"                 src=\"https:\/\/www.nonsolomodanews.it\/wordpress\/wp-content\/uploads\/photo-gallery\/Claudia%20Moretto\/thumb\/19396613_10209629060627723_5227769973998652420_n.jpg?bwg=1624548760\"                 data-src=\"https:\/\/www.nonsolomodanews.it\/wordpress\/wp-content\/uploads\/photo-gallery\/Claudia%20Moretto\/thumb\/19396613_10209629060627723_5227769973998652420_n.jpg?bwg=1624548760\"                 data-width=\"\"                 data-height=\"\"                 alt=\"Claudia Moretto\"                 title=\"Claudia Moretto\" \/>                      <\/div>        <\/a>                <a class=\"bwg-a\" >          <div class=\"bwg_mosaic_thumb_spun_0 bwg-item0 bwg-mosaic-thumb-span \">            <img decoding=\"async\" class=\"bwg_mosaic_thumb_0 skip-lazy bwg_img_clear bwg_img_custom \"                 id=\"19354\"                 src=\"https:\/\/www.nonsolomodanews.it\/wordpress\/wp-content\/uploads\/photo-gallery\/Claudia%20Moretto\/thumb\/19396620_10209629059787702_1863928640185412569_n.jpg?bwg=1624548760\"                 data-src=\"https:\/\/www.nonsolomodanews.it\/wordpress\/wp-content\/uploads\/photo-gallery\/Claudia%20Moretto\/thumb\/19396620_10209629059787702_1863928640185412569_n.jpg?bwg=1624548760\"                 data-width=\"\"                 data-height=\"\"                 alt=\"Claudia Moretto\"                 title=\"Claudia Moretto\" \/>                      <\/div>        <\/a>                <a class=\"bwg-a\" >          <div class=\"bwg_mosaic_thumb_spun_0 bwg-item0 bwg-mosaic-thumb-span \">            <img decoding=\"async\" class=\"bwg_mosaic_thumb_0 skip-lazy bwg_img_clear bwg_img_custom \"                 id=\"19355\"                 src=\"https:\/\/www.nonsolomodanews.it\/wordpress\/wp-content\/uploads\/photo-gallery\/Claudia%20Moretto\/thumb\/19400160_10209629059907705_6496604758216635011_n.jpg?bwg=1624548760\"                 data-src=\"https:\/\/www.nonsolomodanews.it\/wordpress\/wp-content\/uploads\/photo-gallery\/Claudia%20Moretto\/thumb\/19400160_10209629059907705_6496604758216635011_n.jpg?bwg=1624548760\"                 data-width=\"\"                 data-height=\"\"                 alt=\"Claudia Moretto\"                 title=\"Claudia Moretto\" \/>                      <\/div>        <\/a>                <a class=\"bwg-a\" >          <div class=\"bwg_mosaic_thumb_spun_0 bwg-item0 bwg-mosaic-thumb-span \">            <img decoding=\"async\" class=\"bwg_mosaic_thumb_0 skip-lazy bwg_img_clear bwg_img_custom \"                 id=\"19356\"                 src=\"https:\/\/www.nonsolomodanews.it\/wordpress\/wp-content\/uploads\/photo-gallery\/Claudia%20Moretto\/thumb\/19420339_10209629060747726_7508459432521575122_n.jpg?bwg=1624548760\"                 data-src=\"https:\/\/www.nonsolomodanews.it\/wordpress\/wp-content\/uploads\/photo-gallery\/Claudia%20Moretto\/thumb\/19420339_10209629060747726_7508459432521575122_n.jpg?bwg=1624548760\"                 data-width=\"\"                 data-height=\"\"                 alt=\"Claudia Moretto\"                 title=\"Claudia Moretto\" \/>                      <\/div>        <\/a>            <\/div>    <\/div>    <style>      \/*pagination styles*\/      #bwg_container1_0 #bwg_container2_0 .tablenav-pages_0 {\t\t\t\ttext-align: center;\t\t\t\tfont-size: 12px;\t\t\t\tfont-family: segoe ui;\t\t\t\tfont-weight: bold;\t\t\t\tcolor: #666666;\t\t\t\tmargin: 6px 0 4px;\t\t\t\tdisplay: block;      }      @media only screen and (max-width : 320px) {      #bwg_container1_0 #bwg_container2_0 .displaying-num_0 {     \t display: none;      }      }      #bwg_container1_0 #bwg_container2_0 .displaying-num_0 {\t\t\t\tfont-size: 12px;\t\t\t\tfont-family: segoe ui;\t\t\t\tfont-weight: bold;\t\t\t\tcolor: #666666;\t\t\t\tmargin-right: 10px;\t\t\t\tvertical-align: middle;      }      #bwg_container1_0 #bwg_container2_0 .paging-input_0 {\t\t\t\tfont-size: 12px;\t\t\t\tfont-family: segoe ui;\t\t\t\tfont-weight: bold;\t\t\t\tcolor: #666666;\t\t\t\tvertical-align: middle;      }      #bwg_container1_0 #bwg_container2_0 .tablenav-pages_0 a.disabled,      #bwg_container1_0 #bwg_container2_0 .tablenav-pages_0 a.disabled:hover,      #bwg_container1_0 #bwg_container2_0 .tablenav-pages_0 a.disabled:focus,\t\t\t#bwg_container1_0 #bwg_container2_0 .tablenav-pages_0 input.bwg_current_page {\t\t\t\tcursor: default;\t\t\t\tcolor: rgba(102, 102, 102, 0.5);      }      #bwg_container1_0 #bwg_container2_0 .tablenav-pages_0 a,      #bwg_container1_0 #bwg_container2_0 .tablenav-pages_0 input.bwg_current_page {\t\t\t\tcursor: pointer;\t\t\t\ttext-align: center;\t\t\t\tfont-size: 12px;\t\t\t\tfont-family: segoe ui;\t\t\t\tfont-weight: bold;\t\t\t\tcolor: #666666;\t\t\t\ttext-decoration: none;\t\t\t\tpadding: 3px 6px;\t\t\t\tmargin: 0;\t\t\t\tborder-radius: 0;\t\t\t\tborder-style: solid;\t\t\t\tborder-width: 1px;\t\t\t\tborder-color: #E3E3E3;\t\t\t\t\t\t\t\tbackground-color: rgba(255, 255, 255, 1.00);\t\t\t\tbox-shadow: 0;\t\t\t\ttransition: all 0.3s ease 0s;-webkit-transition: all 0.3s ease 0s;      }      <\/style>      <span class=\"bwg_nav_cont_0\">              <div class=\"tablenav-pages_0\">                  <\/div>                <input type=\"hidden\" id=\"page_number_0\" name=\"page_number_0\" value=\"1\" \/>      <script type=\"text\/javascript\">        if( jQuery('.bwg_nav_cont_0').length > 1 ) {          jQuery('.bwg_nav_cont_0').first().remove()        }        function spider_page_0(cur, x, y, load_more) {          if (typeof load_more == \"undefined\") {            var load_more = false;          }          if (jQuery(cur).hasClass('disabled')) {            return false;          }          var items_county_0 = 1;          switch (y) {            case 1:              if (x >= items_county_0) {                document.getElementById('page_number_0').value = items_county_0;              }              else {                document.getElementById('page_number_0').value = x + 1;              }              break;            case 2:              document.getElementById('page_number_0').value = items_county_0;              break;            case -1:              if (x == 1) {                document.getElementById('page_number_0').value = 1;              }              else {                document.getElementById('page_number_0').value = x - 1;              }              break;            case -2:              document.getElementById('page_number_0').value = 1;              break;\t\t\t\t\t\tcase 0:              document.getElementById('page_number_0').value = x;              break;            default:              document.getElementById('page_number_0').value = 1;          }          bwg_ajax('gal_front_form_0', '0', 'bwg_thumbnails_mosaic_0', '0', '', 'gallery', 0, '', '', load_more, '', 1);        }                    jQuery('.first-page-0').on('click', function () {              spider_page_0(this, 1, -2, 'numeric');              return false;            });            jQuery('.prev-page-0').on('click', function () {              spider_page_0(this, 1, -1, 'numeric');              return false;            });            jQuery('.next-page-0').on('click', function () {              spider_page_0(this, 1, 1, 'numeric');              return false;            });            jQuery('.last-page-0').on('click', function () {              spider_page_0(this, 1, 2, 'numeric');              return false;            });        \t\t\t\t\/* Change page on input enter. *\/        function bwg_change_page_0( e, that ) {          if (  e.key == 'Enter' ) {            var to_page = parseInt(jQuery(that).val());            var pages_count = jQuery(that).parents(\".pagination-links\").data(\"pages-count\");            var current_url_param = jQuery(that).attr('data-url-info');            if (to_page > pages_count) {              to_page = 1;            }\t \t\t\t\t\t\t\t\t\t\t\t\tspider_page_0(this, to_page, 0, 'numeric');\t\t\t\t\t\t\treturn false;\t\t\t\t\t\t          }          return true;        }        jQuery('.bwg_load_btn_0').on('click', function () {            spider_page_0(this, 1, 1, true);            return false;        });      <\/script>      <\/span>                <\/div>        <\/form>              <\/div>    <\/div>    <script>      if (document.readyState === 'complete') {        if( typeof bwg_main_ready == 'function' ) {          if ( jQuery(\"#bwg_container1_0\").height() ) {            bwg_main_ready(jQuery(\"#bwg_container1_0\"));          }        }      } else {        document.addEventListener('DOMContentLoaded', function() {          if( typeof bwg_main_ready == 'function' ) {            if ( jQuery(\"#bwg_container1_0\").height() ) {             bwg_main_ready(jQuery(\"#bwg_container1_0\"));            }          }        });      }    <\/script>    \n<p>&nbsp;<\/p>\n","protected":false},"excerpt":{"rendered":"<p>Ciao Claudia, benvenuta su Nonsolomodanews. In poche parole ti vuoi presentare ai nostri lettori? &nbsp;&ldquo;Prima di tutto grazie per l&rsquo;intervista e per lo spazio che Nonsolomodanews ha voluto dedicarmi. Sono nata 25 anni fa a Milano e sono sempre stata appassionata di tutto ci&ograve; che &egrave; arte. Proprio per questo ho scelto due professioni prettamente artistiche, sono una modella e cantante. Innamorata della mia musica e della moda in ogni sua sfumatura. &nbsp;Altezza cm 169,&nbsp;Peso 49 kg,&nbsp;Capelli Castani,&nbsp;Occhi ambra&nbsp;e&nbsp;Misure&nbsp; 83\/59\/86&Prime;.<\/p>\n","protected":false},"author":1,"featured_media":16346,"comment_status":"open","ping_status":"open","sticky":false,"template":"","format":"standard","meta":{"rop_custom_images_group":[],"rop_custom_messages_group":[],"rop_publish_now":"initial","rop_publish_now_accounts":[],"rop_publish_now_history":[],"rop_publish_now_status":"pending","footnotes":""},"categories":[16],"tags":[303,2340,1036],"class_list":["post-16343","post","type-post","status-publish","format-standard","has-post-thumbnail","hentry","category-articolo","tag-cantante","tag-claudia-moretto","tag-modella"],"_links":{"self":[{"href":"https:\/\/www.nonsolomodanews.it\/wordpress\/wp-json\/wp\/v2\/posts\/16343","targetHints":{"allow":["GET"]}}],"collection":[{"href":"https:\/\/www.nonsolomodanews.it\/wordpress\/wp-json\/wp\/v2\/posts"}],"about":[{"href":"https:\/\/www.nonsolomodanews.it\/wordpress\/wp-json\/wp\/v2\/types\/post"}],"author":[{"embeddable":true,"href":"https:\/\/www.nonsolomodanews.it\/wordpress\/wp-json\/wp\/v2\/users\/1"}],"replies":[{"embeddable":true,"href":"https:\/\/www.nonsolomodanews.it\/wordpress\/wp-json\/wp\/v2\/comments?post=16343"}],"version-history":[{"count":9,"href":"https:\/\/www.nonsolomodanews.it\/wordpress\/wp-json\/wp\/v2\/posts\/16343\/revisions"}],"predecessor-version":[{"id":16360,"href":"https:\/\/www.nonsolomodanews.it\/wordpress\/wp-json\/wp\/v2\/posts\/16343\/revisions\/16360"}],"wp:featuredmedia":[{"embeddable":true,"href":"https:\/\/www.nonsolomodanews.it\/wordpress\/wp-json\/wp\/v2\/media\/16346"}],"wp:attachment":[{"href":"https:\/\/www.nonsolomodanews.it\/wordpress\/wp-json\/wp\/v2\/media?parent=16343"}],"wp:term":[{"taxonomy":"category","embeddable":true,"href":"https:\/\/www.nonsolomodanews.it\/wordpress\/wp-json\/wp\/v2\/categories?post=16343"},{"taxonomy":"post_tag","embeddable":true,"href":"https:\/\/www.nonsolomodanews.it\/wordpress\/wp-json\/wp\/v2\/tags?post=16343"}],"curies":[{"name":"wp","href":"https:\/\/api.w.org\/{rel}","templated":true}]}}