{"id":16330,"date":"2017-06-22T22:38:29","date_gmt":"2017-06-22T22:38:29","guid":{"rendered":"http:\/\/www.nonsolomodanews.it\/wordpress\/?p=16330"},"modified":"2017-06-22T22:38:29","modified_gmt":"2017-06-22T22:38:29","slug":"sharon-e-giada-in-tour-intervista-esclusiva-con-le-due-coinquiline","status":"publish","type":"post","link":"https:\/\/www.nonsolomodanews.it\/wordpress\/sharon-e-giada-in-tour-intervista-esclusiva-con-le-due-coinquiline\/","title":{"rendered":"Sharon e Giada in tour. Intervista esclusiva con le due coinquiline"},"content":{"rendered":"<p><span style=\"color: #000000;\"><a href=\"http:\/\/www.nonsolomodanews.it\/wordpress\/wp-content\/uploads\/2017\/06\/19458110_10208983764823651_2097245065_n.jpg\"><img loading=\"lazy\" decoding=\"async\" class=\"alignleft size-medium wp-image-16333\" src=\"http:\/\/www.nonsolomodanews.it\/wordpress\/wp-content\/uploads\/2017\/06\/19458110_10208983764823651_2097245065_n-281x300.jpg\" alt=\"Sharon Alario e Giada Girardi, le coinquline\" width=\"281\" height=\"300\" srcset=\"https:\/\/www.nonsolomodanews.it\/wordpress\/wp-content\/uploads\/2017\/06\/19458110_10208983764823651_2097245065_n-281x300.jpg 281w, https:\/\/www.nonsolomodanews.it\/wordpress\/wp-content\/uploads\/2017\/06\/19458110_10208983764823651_2097245065_n.jpg 674w\" sizes=\"auto, (max-width: 281px) 100vw, 281px\" \/><\/a>L\u2019estate \u00e8 ufficialmente iniziata e anche i VIP vanno in vacanza. Ma cosa faranno questa estate Le <strong>Coinquiline Sharon e Giada?<\/strong><\/span><\/p>\n<p><span style=\"color: #000000;\">Oggi in esclusiva siamo a intervistare <strong>Le Coinquiline<\/strong> che dal pianeta dell\u2019amore di <strong>Take Me Out<\/strong> in onda su Realtime quest\u2019anno sono state volto di Casa Sanremo al Festival della canzone italiana e le scherzatrici di Scherzo Perfetto su Italia Uno con la prima conduzione di Teo Mammucari. <\/span><br \/>\n<span style=\"color: #000000;\"> Si saranno concesse una meritata vacanza?<\/span><\/p>\n<p><!--more--><\/p>\n<p><span style=\"color: #000000;\"><strong>Ciao Sharon e Giada \u00e8 bello avervi ancora una volta ospiti di Nonsolomodanews con questa gioia ed allegria.<\/strong><\/span><\/p>\n<p><span style=\"color: #000000;\"><strong><a href=\"http:\/\/www.nonsolomodanews.it\/wordpress\/wp-content\/uploads\/2017\/06\/19427641_10208983764783650_93545765_n.jpg\"><img loading=\"lazy\" decoding=\"async\" class=\"alignleft size-medium wp-image-16331\" src=\"http:\/\/www.nonsolomodanews.it\/wordpress\/wp-content\/uploads\/2017\/06\/19427641_10208983764783650_93545765_n-240x300.jpg\" alt=\"Sharon Alario\" width=\"240\" height=\"300\" srcset=\"https:\/\/www.nonsolomodanews.it\/wordpress\/wp-content\/uploads\/2017\/06\/19427641_10208983764783650_93545765_n-240x300.jpg 240w, https:\/\/www.nonsolomodanews.it\/wordpress\/wp-content\/uploads\/2017\/06\/19427641_10208983764783650_93545765_n.jpg 576w\" sizes=\"auto, (max-width: 240px) 100vw, 240px\" \/><\/a>Sharon che News ci porti?\u00a0<\/strong>&lt;&lt;Ciao a tutti! Che bello essere qui. Le mie news? Sicuramente oggi sono felice perch\u00e9 ho Davide di Extro Parrucchieri Milano che mi ha fatto diventare ancora pi\u00f9 bella. Ora che sono con questo look sexy nuovo sono pronta alle conquiste estive! Ahahahah &gt;&gt;<\/span><\/p>\n<p><span style=\"color: #000000;\"><strong>Giada, ma che conquiste farete questa estate? (chiediamo con tono divertito)<\/strong> &lt;&lt; Io e Sharon abbiamo scelto di fare una speciale conquista: stiamo cercando il nostro terzo coinquilino\/a. Casa Shada si allarga e questo \u00e8 un appello ufficiale! Proprio per questa ragione da Luglio partir\u00e0 il \u201cCoinquiline Summer Tour\u201d dove gireremo le principali citt\u00e0 italiane con tappe in piazze, locali notturni e centri commerciali per incontrare tutti i nostri fan&gt;&gt;<\/span><\/p>\n<p><span style=\"color: #000000;\"><strong>Sharon, dove potremo avere dettagli sul vostro tour?<\/strong> &lt;&lt; A breve uscir\u00e0 il calendario delle tappe e sar\u00e0 tutto pubblicato sulla nostra pagina Facebook \u201cLe Coinquiline\u201d, siamo pronte a ballare cantare e divertirci nei locali pi\u00f9 belli con tutti i nostri amici fuori dalla televisione! &gt;&gt;<\/span><\/p>\n<p><span style=\"color: #000000;\">L\u2019energia e adrenalina frizzante gi\u00e0 si sente nell\u2019aria, l\u2019Estate delle Coinquiline sar\u00e0 nelle pi\u00f9 belle citt\u00e0 Italiane con un tour di ospitate in diversissime location.<\/span><\/p>\n<p><span style=\"color: #000000;\">Noi di Nonsolomodanews seguiremo il vostro tour con grinta e vi auguriamo un grande in bocca al lupo.<\/span><\/p>\n<p>&nbsp;<\/p>\n<p style=\"text-align: center;\"><span style=\"color: #000000;\">Le fotografie sono state fornite da Sharon Alario. I crediti appartengono ai relativi fotografi.<\/span><br \/>\n<span style=\"color: #000000;\">Tutti i diritti riservati \u00a9 2017 \u2013 Email: nonsolomodanews@gmail.com<\/span><\/p>\n","protected":false},"excerpt":{"rendered":"<p>L&rsquo;estate &egrave; ufficialmente iniziata e anche i VIP vanno in vacanza. Ma cosa faranno questa estate Le Coinquiline Sharon e Giada? Oggi in esclusiva siamo a intervistare Le Coinquiline che dal pianeta dell&rsquo;amore di Take Me Out in onda su Realtime quest&rsquo;anno sono state volto di Casa Sanremo al Festival della canzone italiana e le scherzatrici di Scherzo Perfetto su Italia Uno con la prima conduzione di Teo Mammucari. Si saranno concesse una meritata vacanza?<\/p>\n","protected":false},"author":1,"featured_media":16332,"comment_status":"open","ping_status":"open","sticky":false,"template":"","format":"standard","meta":{"rop_custom_images_group":[],"rop_custom_messages_group":[],"rop_publish_now":"initial","rop_publish_now_accounts":[],"rop_publish_now_history":[],"rop_publish_now_status":"pending","footnotes":""},"categories":[16],"tags":[746,2337,2336],"class_list":["post-16330","post","type-post","status-publish","format-standard","has-post-thumbnail","hentry","category-articolo","tag-intervista","tag-le-coinquline","tag-sharon-alario-e-giada-girardi"],"_links":{"self":[{"href":"https:\/\/www.nonsolomodanews.it\/wordpress\/wp-json\/wp\/v2\/posts\/16330","targetHints":{"allow":["GET"]}}],"collection":[{"href":"https:\/\/www.nonsolomodanews.it\/wordpress\/wp-json\/wp\/v2\/posts"}],"about":[{"href":"https:\/\/www.nonsolomodanews.it\/wordpress\/wp-json\/wp\/v2\/types\/post"}],"author":[{"embeddable":true,"href":"https:\/\/www.nonsolomodanews.it\/wordpress\/wp-json\/wp\/v2\/users\/1"}],"replies":[{"embeddable":true,"href":"https:\/\/www.nonsolomodanews.it\/wordpress\/wp-json\/wp\/v2\/comments?post=16330"}],"version-history":[{"count":2,"href":"https:\/\/www.nonsolomodanews.it\/wordpress\/wp-json\/wp\/v2\/posts\/16330\/revisions"}],"predecessor-version":[{"id":16335,"href":"https:\/\/www.nonsolomodanews.it\/wordpress\/wp-json\/wp\/v2\/posts\/16330\/revisions\/16335"}],"wp:featuredmedia":[{"embeddable":true,"href":"https:\/\/www.nonsolomodanews.it\/wordpress\/wp-json\/wp\/v2\/media\/16332"}],"wp:attachment":[{"href":"https:\/\/www.nonsolomodanews.it\/wordpress\/wp-json\/wp\/v2\/media?parent=16330"}],"wp:term":[{"taxonomy":"category","embeddable":true,"href":"https:\/\/www.nonsolomodanews.it\/wordpress\/wp-json\/wp\/v2\/categories?post=16330"},{"taxonomy":"post_tag","embeddable":true,"href":"https:\/\/www.nonsolomodanews.it\/wordpress\/wp-json\/wp\/v2\/tags?post=16330"}],"curies":[{"name":"wp","href":"https:\/\/api.w.org\/{rel}","templated":true}]}}