{"id":16295,"date":"2017-06-20T10:10:24","date_gmt":"2017-06-20T10:10:24","guid":{"rendered":"http:\/\/www.nonsolomodanews.it\/wordpress\/?p=16295"},"modified":"2017-06-20T10:10:45","modified_gmt":"2017-06-20T10:10:45","slug":"motor-show-di-nuovo-in-pista-dal-2-al-10-dicembre-2017-lappuntamento-e-con-la-nuova-edizione-del-salone-dellauto-di-bolognafiere","status":"publish","type":"post","link":"https:\/\/www.nonsolomodanews.it\/wordpress\/motor-show-di-nuovo-in-pista-dal-2-al-10-dicembre-2017-lappuntamento-e-con-la-nuova-edizione-del-salone-dellauto-di-bolognafiere\/","title":{"rendered":"MOTOR SHOW, DI NUOVO IN PISTA! Dal 2 al 10 dicembre 2017 l\u2019appuntamento \u00e8 con la nuova edizione del salone dell\u2019auto di BolognaFiere."},"content":{"rendered":"<p><strong><a href=\"http:\/\/www.nonsolomodanews.it\/wordpress\/wp-content\/uploads\/2017\/06\/19062017-IMG_0336.jpg\"><img loading=\"lazy\" decoding=\"async\" class=\"alignleft size-medium wp-image-16304\" src=\"http:\/\/www.nonsolomodanews.it\/wordpress\/wp-content\/uploads\/2017\/06\/19062017-IMG_0336-225x300.jpg\" alt=\"19062017-IMG_0336\" width=\"225\" height=\"300\" srcset=\"https:\/\/www.nonsolomodanews.it\/wordpress\/wp-content\/uploads\/2017\/06\/19062017-IMG_0336-225x300.jpg 225w, https:\/\/www.nonsolomodanews.it\/wordpress\/wp-content\/uploads\/2017\/06\/19062017-IMG_0336-768x1024.jpg 768w, https:\/\/www.nonsolomodanews.it\/wordpress\/wp-content\/uploads\/2017\/06\/19062017-IMG_0336-1080x1440.jpg 1080w, https:\/\/www.nonsolomodanews.it\/wordpress\/wp-content\/uploads\/2017\/06\/19062017-IMG_0336.jpg 1500w\" sizes=\"auto, (max-width: 225px) 100vw, 225px\" \/><\/a>MOTOR SHOW, DI NUOVO IN PISTA! Dal 2 al 10 dicembre 2017 l\u2019appuntamento \u00e8 con la nuova edizione del salone dell\u2019auto di BolognaFiere.<\/strong><\/p>\n<p><!--more--><a href=\"http:\/\/www.nonsolomodanews.it\/wordpress\/wp-content\/uploads\/2017\/06\/MotorShow2017-CS_20170619-153152.jpg\"><img loading=\"lazy\" decoding=\"async\" class=\"alignleft size-medium wp-image-16301\" src=\"http:\/\/www.nonsolomodanews.it\/wordpress\/wp-content\/uploads\/2017\/06\/MotorShow2017-CS_20170619-153152-300x200.jpg\" alt=\"MotorShow2017-CS_20170619-153152\" width=\"300\" height=\"200\" srcset=\"https:\/\/www.nonsolomodanews.it\/wordpress\/wp-content\/uploads\/2017\/06\/MotorShow2017-CS_20170619-153152-300x200.jpg 300w, https:\/\/www.nonsolomodanews.it\/wordpress\/wp-content\/uploads\/2017\/06\/MotorShow2017-CS_20170619-153152-768x512.jpg 768w, https:\/\/www.nonsolomodanews.it\/wordpress\/wp-content\/uploads\/2017\/06\/MotorShow2017-CS_20170619-153152-1024x683.jpg 1024w, https:\/\/www.nonsolomodanews.it\/wordpress\/wp-content\/uploads\/2017\/06\/MotorShow2017-CS_20170619-153152-1080x720.jpg 1080w\" sizes=\"auto, (max-width: 300px) 100vw, 300px\" \/><\/a><span style=\"color: #000000;\">Passione a 360\u00b0 gradi! La sfida colta con entusiasmo dal Motor Show lo scorso anno \u00e8 stata vinta e ora \u00e8 il momento di presentare la nuova edizione che si terr\u00e0 dal 2 al 10 dicembre 2017, naturalmente a BolognaFiere. Il nuovo appassionante appuntamento con il Motor Show \u00e8 stato presentato ai media e agli operatori del settore all\u2019hotel Excelsior Gallia di Milano.<\/span><\/p>\n<p style=\"text-align: justify;\"><span style=\"color: #000000;\">Il direttore generale di BolognaFiere<strong> Antonio Bruzzone<\/strong> ha salutato la platea e aperto i lavori della conferenza stampa: <em>\u201cIl 2016 per BolognaFiere \u00e8 stato un buon anno, con circa 40 manifestazioni in diversi settori merceologici. Vogliamo continuare a giocare il ruolo che ci \u00e8 proprio, quello di promotore dell\u2019economia del nostro territorio e del sistema economico nazionale nel suo complesso. E quest\u2019anno confermiamo il presidio del settore auto, con il Motor Show, in un contesto sensibile come la Motor Valley\u201d<\/em>.<\/span><\/p>\n<p style=\"text-align: justify;\"><span style=\"color: #000000;\"><em>\u201cAbbiamo alle spalle un successo, i risultati di un\u2019edizione, quella del 2016, che ci motivano ancora di pi\u00f9, e che confermano che il Motor Show di Bologna \u00e8 l\u2019evento italiano di riferimento per il settore automotive \u2013 ha detto <strong>Rino Drogo, Motor Show Director<\/strong> \u2013 Ci aspettiamo per la nuova edizione, di avere ancora pi\u00f9 visitatori ed espositori, per dare ancora pi\u00f9 sostanza alla manifestazione. Il Motor Show continua ad essere un evento pensato per il pubblico con una formula coinvolgente, dove accanto all\u2019auto show, ci sono le gare, i test drive, c\u2019\u00e8 l\u2019heritage, l\u2019informazione, la cultura e l\u2019innovazione. Il Motor Show rappresenta il trait d\u2019union tra il brand e il consumatore\u201d<\/em>.<\/span><\/p>\n<p style=\"text-align: justify;\"><span style=\"color: #000000;\">Nel corso della presentazione, con la moderazione del giornalista <strong>Roberto Rasia dal Polo<\/strong>, sono intervenuti\u00a0oltre ad <strong>Antonio Bruzzone<\/strong> e <strong>Rino Drogo<\/strong>, anche <strong>Gianmarco Giorda<\/strong>, direttore di ANFIA; <strong>Romano Valente<\/strong>, direttore generale di UNRAE; <strong>Gian Primo Quagliano<\/strong>, presidente di Econometrica e Centro Studi Promotor del Motor Show e <strong>Carlo Cavicchi<\/strong>, responsabile relazioni esterne automotive di Quattroruote.<\/span><\/p>\n<p style=\"text-align: justify;\"><span style=\"color: #000000;\"><a href=\"http:\/\/www.nonsolomodanews.it\/wordpress\/wp-content\/uploads\/2017\/06\/MotorShow2017_piloti.jpg\"><img loading=\"lazy\" decoding=\"async\" class=\"alignleft size-medium wp-image-16300\" src=\"http:\/\/www.nonsolomodanews.it\/wordpress\/wp-content\/uploads\/2017\/06\/MotorShow2017_piloti-300x200.jpg\" alt=\"MotorShow2017_piloti\" width=\"300\" height=\"200\" srcset=\"https:\/\/www.nonsolomodanews.it\/wordpress\/wp-content\/uploads\/2017\/06\/MotorShow2017_piloti-300x200.jpg 300w, https:\/\/www.nonsolomodanews.it\/wordpress\/wp-content\/uploads\/2017\/06\/MotorShow2017_piloti-768x512.jpg 768w, https:\/\/www.nonsolomodanews.it\/wordpress\/wp-content\/uploads\/2017\/06\/MotorShow2017_piloti-1024x683.jpg 1024w, https:\/\/www.nonsolomodanews.it\/wordpress\/wp-content\/uploads\/2017\/06\/MotorShow2017_piloti-1080x720.jpg 1080w\" sizes=\"auto, (max-width: 300px) 100vw, 300px\" \/><\/a>Sono presenti anche volti noti del motorsport italiano, adrenalina pura con la presenza di <strong>Mirko Bortolott<\/strong>i, classe &#8217;90, Lamborghini Factory Driver e <strong>Paolo Andreucci<\/strong>, nove volte vincitore del Campionato Italiano Rally. Per non parlare di <strong>Simone Furlotti e Vanni Oddera<\/strong>; il primo promessa azzurra del motocross, attualmente secondo nel Campionato Europeo mx2 e fresco vincitore dell\u2019ultima prova del campionato svoltasi in Russia due domeniche fa; mentre il secondo non ha bisogno di presentazioni, campionissimo di freestyle gi\u00e0 protagonista la scorsa edizione con incredibili evoluzioni in sella alla sua moto. Proprio di Vanni Oddera \u00e8 stato presentato un video dove lo si vede in Liguria, assieme al suo team, fare mototerapia a favore dei pi\u00f9 svantaggiati che hanno la passione per le due ruote. Il video delle IENE \u00e8 stato molto toccante. Complimenti a Vanni!\u00a0<\/span><\/p>\n<p style=\"text-align: justify;\"><span style=\"color: #000000;\">La kermesse motoristica si presta ora a sventolare nuovamente la bandiera a scacchi, con un\u2019edizione ricca di sorprese, perch\u00e9 il Motor Show \u00e8 stato un successo s\u00ec, ma non si accontenta e trova nuove formule, partendo in primis da suggerimenti ed esperienze emerse dal sondaggio realizzato sul pubblico e sui visitatori.<\/span><\/p>\n<p style=\"text-align: justify;\"><span style=\"color: #000000;\">Il Motor Show 2017 parte da alcune certezze con la volont\u00e0 di fare meglio, portando pi\u00f9 sport, pi\u00f9 autoshow, pi\u00f9 competizioni, pi\u00f9 acrobazie, e si avvale di partner di grande spessore, rappresentanti di tutta la filiera e del mondo automotive italiano: ACI Sport, ANFIA, Autopromotec, Econometrica, UNRAE.<\/span><\/p>\n<p style=\"text-align: justify;\"><span style=\"color: #000000;\"><em>\u201cIl Motor Show si configura come un evento di filiera, che riveste interesse per tutti i comparti rappresentati dalla nostra Associazione, dai costruttori di veicoli ai componentisti, compresi quelli attivi nell\u2019aftermarket, ai carrozzieri e progettisti \u2013 ha dichiarato <strong>Gianmarco Giorda, direttore di ANFIA<\/strong>. Particolare centralit\u00e0 viene data alle soluzioni innovative per la mobilit\u00e0, dai device dell\u2019auto connessa alle tecnologie della guida autonoma, all\u2019impiego di nuovi materiali, nell\u2019intento di far comprendere al visitatore l\u2019elevato valore del know-how e delle sofisticate specializzazioni che rendono la nostra filiera competitiva e pronta ad affrontare le sfide di domani\u201d<\/em>.<\/span><\/p>\n<p style=\"text-align: justify;\"><span style=\"color: #000000;\"><em>\u201cA Bologna, lungo la via Emilia, c\u2019\u00e8 una fortissima tradizione motoristica. Il Motor Show congiunge le persone, le famiglie, con questa passione ed anche con la curiosit\u00e0 di vedere, toccare, provare le novit\u00e0 e le nuove tecnologie, \u2013 ha detto <strong>Romano Valente, direttore generale UNRAE<\/strong> \u2013 favorendo anche un percorso verso la sostituzione della propria auto e quindi creare l\u2019opportunit\u00e0 di contribuire al miglioramento dell\u2019ambiente e della sicurezza. Le case auto associate all\u2019UNRAE, che parteciperanno al Motor Show, mostreranno l\u2019evoluzione della tecnologia verso la mobilit\u00e0 di domani\u201d<\/em>.<\/span><\/p>\n<p style=\"text-align: justify;\"><span style=\"color: #000000;\"><a href=\"http:\/\/www.nonsolomodanews.it\/wordpress\/wp-content\/uploads\/2017\/06\/MotorShow2017.jpg\"><img loading=\"lazy\" decoding=\"async\" class=\"alignleft size-medium wp-image-16299\" src=\"http:\/\/www.nonsolomodanews.it\/wordpress\/wp-content\/uploads\/2017\/06\/MotorShow2017-300x200.jpg\" alt=\"MotorShow2017\" width=\"300\" height=\"200\" srcset=\"https:\/\/www.nonsolomodanews.it\/wordpress\/wp-content\/uploads\/2017\/06\/MotorShow2017-300x200.jpg 300w, https:\/\/www.nonsolomodanews.it\/wordpress\/wp-content\/uploads\/2017\/06\/MotorShow2017-768x512.jpg 768w, https:\/\/www.nonsolomodanews.it\/wordpress\/wp-content\/uploads\/2017\/06\/MotorShow2017-1024x683.jpg 1024w, https:\/\/www.nonsolomodanews.it\/wordpress\/wp-content\/uploads\/2017\/06\/MotorShow2017-1080x720.jpg 1080w\" sizes=\"auto, (max-width: 300px) 100vw, 300px\" \/><\/a>Torner\u00e0 l\u2019inedito format dell\u2019edizione precedente, dove gli stand uguali per ogni car maker hanno saputo portare l\u2019auto e la mobilit\u00e0 al centro. L\u2019Area 48 si presenter\u00e0 al pubblico con nuove caratteristiche tecniche e di sicurezza per permettere durante le gare prestazioni al limite del possibile.<\/span><\/p>\n<p style=\"text-align: justify;\"><span style=\"color: #000000;\">Protagonista quest\u2019anno sar\u00e0 il motorismo storico, attraverso l\u2019evoluzione del padiglione \u201cPassione Classica\u201d che esporr\u00e0 modelli di racing provenienti dai pi\u00f9 prestigiosi musei italiani; vetture che hanno fatto la storia delle pi\u00f9 leggendarie e affascinanti competizioni automobilistiche del passato. Tra i protagonisti, ci saranno importanti collezionisti privati e registri di marca Aci Storico e ASI. Le automobili storiche sfrecceranno anche su pista, dimostrando ancora una volta che la passione non conosce et\u00e0: ci saranno le gare delle Formula 1 storiche e dell\u2019Historic Challenge.<\/span><br \/>\n<span style=\"color: #000000;\">Tra le novit\u00e0 dell\u2019edizione 2017, ci sar\u00e0 \u201cPassione Classica Mercato\u201d, l\u2019area dedicata alla compravendita di auto, moto e ricambi d\u2019epoca.<\/span><\/p>\n<p style=\"text-align: justify;\"><span style=\"color: #000000;\">Motor Show si propone come punto di riferimento per i giovani e i talenti dell\u2019auto. Centrale rimane il<\/span><br \/>\n<span style=\"color: #000000;\">coinvolgimento delle universit\u00e0 italiane eccellenti nel settore dell\u2019automotive. Gli studenti esibiranno in pista i prototipi d\u2019auto progettati in ateneo. Un\u2019idea vincente testimoniata da Stefano Moro, studente del Politecnico di Milano, che dopo aver partecipato con il suo team al Motor Show 2016 con un prototipo di monoposto Formula SAE, si prepara nell\u2019edizione 2017 a portare in pista il \u201cbolide\u201d.<\/span><br \/>\n<span style=\"color: #000000;\">Altri eventi al Motor Show: il ritorno delle moto, sia da cross che da corsa, nelle aree interne ed esterne, con la partecipazione di pi\u00f9 di cento moto racer che faranno tappa a BolognaFiere.<\/span><br \/>\n<span style=\"color: #000000;\">Atteso il ritorno anche del <strong>Ministero della Difesa<\/strong> con le quatto forze armate,<strong> Esercito, Marina, Aereonautica e dei Carabinieri<\/strong>.<\/span><\/p>\n<p style=\"text-align: justify;\"><span style=\"color: #000000;\"><a href=\"http:\/\/www.nonsolomodanews.it\/wordpress\/wp-content\/uploads\/2017\/06\/MotorShow2017-CS_20170619-154911.jpg\"><img loading=\"lazy\" decoding=\"async\" class=\"alignleft size-medium wp-image-16302\" src=\"http:\/\/www.nonsolomodanews.it\/wordpress\/wp-content\/uploads\/2017\/06\/MotorShow2017-CS_20170619-154911-300x200.jpg\" alt=\"MotorShow2017-CS_20170619-154911\" width=\"300\" height=\"200\" srcset=\"https:\/\/www.nonsolomodanews.it\/wordpress\/wp-content\/uploads\/2017\/06\/MotorShow2017-CS_20170619-154911-300x200.jpg 300w, https:\/\/www.nonsolomodanews.it\/wordpress\/wp-content\/uploads\/2017\/06\/MotorShow2017-CS_20170619-154911-768x512.jpg 768w, https:\/\/www.nonsolomodanews.it\/wordpress\/wp-content\/uploads\/2017\/06\/MotorShow2017-CS_20170619-154911-1024x683.jpg 1024w, https:\/\/www.nonsolomodanews.it\/wordpress\/wp-content\/uploads\/2017\/06\/MotorShow2017-CS_20170619-154911-1080x720.jpg 1080w\" sizes=\"auto, (max-width: 300px) 100vw, 300px\" \/><\/a>La manifestazione, storicamente legata alla sua citt\u00e0 e al territorio, prende vita anche fuori dalle mura del quartiere fieristico e lo fa attraverso Motor Show OFF, eventi realizzati in collaborazione con il Comune di Bologna.<\/span><br \/>\n<span style=\"color: #000000;\">Quattro piazze del centro storico si trasformeranno in \u201cisole tecnologiche\u201d dedicate alla \u2018rivoluzione\u2019 del mondo dell\u2019automobile e dei servizi dedicati.<\/span><br \/>\n<span style=\"color: #000000;\">Ma non finisce qui! Per celebrare la passione per i motori, il &#8220;<strong>fuorisalone&#8221;<\/strong>\u00a0quest\u2019anno andr\u00e0 oltre i confini della citt\u00e0 con \u201c<strong>The Art Engine<\/strong>\u201d, il progetto artistico in collaborazione con il Comune, che prender\u00e0 forma attraverso la partecipazione di quattro famosi street artist internazionali che realizzeranno opere uniche e coloreranno i palazzi delle periferie di Bologna.<\/span><\/p>\n<p style=\"text-align: justify;\"><span style=\"color: #000000;\">Il Motor Show aprir\u00e0 al pubblico dal 2 al 10 dicembre 2017.<\/span><\/p>\n<p style=\"text-align: center;\">Tutti i diritti riservati \u00a9 2017 \u2013 Email: nonsolomodanews@gmail.com<\/p>\n<p style=\"text-align: center;\">\n","protected":false},"excerpt":{"rendered":"<p>MOTOR SHOW, DI NUOVO IN PISTA! Dal 2 al 10 dicembre 2017 l&rsquo;appuntamento &egrave; con la nuova edizione del salone dell&rsquo;auto di BolognaFiere.<\/p>\n","protected":false},"author":1,"featured_media":16303,"comment_status":"open","ping_status":"open","sticky":false,"template":"","format":"standard","meta":{"rop_custom_images_group":[],"rop_custom_messages_group":[],"rop_publish_now":"initial","rop_publish_now_accounts":[],"rop_publish_now_history":[],"rop_publish_now_status":"pending","footnotes":""},"categories":[16],"tags":[262,2331,2330,2332,994,2329],"class_list":["post-16295","post","type-post","status-publish","format-standard","has-post-thumbnail","hentry","category-articolo","tag-bologna","tag-conferenza-stampa","tag-dicembre","tag-hotel-gallia","tag-milano","tag-motor-show"],"_links":{"self":[{"href":"https:\/\/www.nonsolomodanews.it\/wordpress\/wp-json\/wp\/v2\/posts\/16295","targetHints":{"allow":["GET"]}}],"collection":[{"href":"https:\/\/www.nonsolomodanews.it\/wordpress\/wp-json\/wp\/v2\/posts"}],"about":[{"href":"https:\/\/www.nonsolomodanews.it\/wordpress\/wp-json\/wp\/v2\/types\/post"}],"author":[{"embeddable":true,"href":"https:\/\/www.nonsolomodanews.it\/wordpress\/wp-json\/wp\/v2\/users\/1"}],"replies":[{"embeddable":true,"href":"https:\/\/www.nonsolomodanews.it\/wordpress\/wp-json\/wp\/v2\/comments?post=16295"}],"version-history":[{"count":3,"href":"https:\/\/www.nonsolomodanews.it\/wordpress\/wp-json\/wp\/v2\/posts\/16295\/revisions"}],"predecessor-version":[{"id":16307,"href":"https:\/\/www.nonsolomodanews.it\/wordpress\/wp-json\/wp\/v2\/posts\/16295\/revisions\/16307"}],"wp:featuredmedia":[{"embeddable":true,"href":"https:\/\/www.nonsolomodanews.it\/wordpress\/wp-json\/wp\/v2\/media\/16303"}],"wp:attachment":[{"href":"https:\/\/www.nonsolomodanews.it\/wordpress\/wp-json\/wp\/v2\/media?parent=16295"}],"wp:term":[{"taxonomy":"category","embeddable":true,"href":"https:\/\/www.nonsolomodanews.it\/wordpress\/wp-json\/wp\/v2\/categories?post=16295"},{"taxonomy":"post_tag","embeddable":true,"href":"https:\/\/www.nonsolomodanews.it\/wordpress\/wp-json\/wp\/v2\/tags?post=16295"}],"curies":[{"name":"wp","href":"https:\/\/api.w.org\/{rel}","templated":true}]}}