{"id":15811,"date":"2017-02-23T19:03:42","date_gmt":"2017-02-23T19:03:42","guid":{"rendered":"http:\/\/www.nonsolomodanews.it\/wordpress\/?p=15811"},"modified":"2017-02-23T19:03:42","modified_gmt":"2017-02-23T19:03:42","slug":"white-milano-allarga-il-proprio-board-con-lingresso-del-cavaliere-mario-boselli-e-di-un-advisory-board-per-lo-sviluppo-di-una-strategia-internazionale","status":"publish","type":"post","link":"https:\/\/www.nonsolomodanews.it\/wordpress\/white-milano-allarga-il-proprio-board-con-lingresso-del-cavaliere-mario-boselli-e-di-un-advisory-board-per-lo-sviluppo-di-una-strategia-internazionale\/","title":{"rendered":"WHITE Milano allarga il proprio board con l\u2019ingresso del Cavaliere Mario Boselli e di un Advisory Board per lo sviluppo di una strategia internazionale"},"content":{"rendered":"<p style=\"text-align: justify;\"><a href=\"http:\/\/www.nonsolomodanews.it\/wordpress\/wp-content\/uploads\/2017\/02\/logo.png\"><img loading=\"lazy\" decoding=\"async\" class=\"alignleft size-full wp-image-15813\" src=\"http:\/\/www.nonsolomodanews.it\/wordpress\/wp-content\/uploads\/2017\/02\/logo.png\" alt=\"logo\" width=\"220\" height=\"84\" \/><\/a><span style=\"color: #000000;\">WHITE allarga il proprio board nell\u2019ottica di uno sviluppo strategico sempre pi\u00f9 internazionale. Dal 16 febbraio 2017 il Cavaliere del Lavoro <strong>Mario Boselli<\/strong>, gi\u00e0 presidente di Fiera Milano e di Pitti Immagine, attualmente Presidente Onorario della Camera Nazionale della Moda Italiana, dell\u2019Arab Fashion Council, Official Ambassador della Shanghai Fashion Week, \u00e8 entrato a far parte del CDA di M.Seventy, la societ\u00e0 organizzatrice dei saloni WHITE.<\/span><\/p>\n<p style=\"text-align: justify;\">\n<p style=\"text-align: justify;\"><span style=\"color: #000000;\"><!--more--><\/span><\/p>\n<p style=\"text-align: justify;\"><span style=\"color: #000000;\">M.Seventy, societ\u00e0 fondata nel 2005 da Massimiliano Bizzi, riconosciuta ente organizzatore di manifestazioni internazionali nel 2007 con decreto regionale della Regione Lombardia, \u00e8 divenuta negli anni punto di riferimento per gli operatori del fashion system per lo scouting, la progettazione di spazi, nonch\u00e9 per aver introdotto il concetto di moda contemporary e di ricerca legata al mondo della moda e del design.<\/span><\/p>\n<p style=\"text-align: justify;\"><span style=\"color: #000000;\">L\u2019importante processo di crescita che interessa M.Seventy ha indotto i vertici\u00a0 dell\u2019azienda a progettare la creazione di un <strong>Advisory Board<\/strong> a supporto della governance, con funzioni di analisi strategica del segmento contemporary con un mix di competenze su diversi settori, che vanno ad arricchire la visione imprenditoriale di M.Seventy.<\/span><\/p>\n<p style=\"text-align: justify;\"><span style=\"color: #000000;\">I membri chiamati per l\u2019ADVISORY BOARD sono <strong>Antonio Sala<\/strong>, che ha maturato un\u2019esperienza pluriennale in societ\u00e0 nel settore\u00a0 del largo consumo in Italia d all\u2019estero e\u00a0 precedentemente come consulente in Arthur Andersen, gi\u00e0 membro di Consigli di Amministrazione in diverse societ\u00e0 sia private che quotate; <strong>Giuseppe Mazzarella<\/strong>, imprenditore e dirigente di Confartigianato (\u00e8 attualmente membro di Presidenza con delega all\u2019internazionalizzazione, Vice Presidente regionale e Vice Presidente provinciale) \u00e8 stato riconfermato dal Consiglio dei Ministri, su proposta del Ministro per lo Sviluppo Economico Carlo Calenda, tra i cinque membri del Consiglio di Amministrazione dell\u2019Agenzia per la promozione all\u2019estero e l\u2019internazionalizzazione ITA (ex I.C.E.). La presenza di Mazzarella nel board testimonia la partnership sempre pi\u00f9 forte con M.Seventy, che si \u00e8 concretizzata con la creazione di <strong>MIAC Moda Italiana Aziende Contemporary<\/strong>, un progetto nato per raccontare le realt\u00e0 pi\u00f9 rappresentative del Made in Italy. E <strong>Roberto Falchi<\/strong>, gi\u00e0 General Manager in aziende luxury goods come Prada, Marni, Christian Dior e Amministratore Delegato di Boglioli Spa.<\/span><\/p>\n<p style=\"text-align: justify;\"><span style=\"color: #000000;\"><em>\u00abLa logica di crescita che M.Seventy ha sempre perseguito nel corso degli anni non ha mai seguito percorsi meramente fieristici<\/em> &#8211; sottolinea <strong>Brenda Bellei<\/strong>, <strong>Ceo di WHITE<\/strong> &#8211;\u00a0 <em>oggi siamo una realt\u00e0 affermata nel fashion system, capace di attrarre anche marchi consolidati, che in WHITE trovano la piattaforma ideale per le loro strategie imprenditoriali. Grazie al nuovo Advisory Board siamo pronti a intraprendere un programma di internazionalizzazione mirata alla promozione delle nostre aziende all\u2019estero\u00bb.<\/em><\/span><\/p>\n<p style=\"text-align: justify;\"><span style=\"color: #000000;\"><strong>MASSIMILIANO BIZZI\u00a0 &#8211; FOUNDER di WHITE\u00a0<\/strong><\/span><\/p>\n<p style=\"text-align: justify;\"><span style=\"color: #000000;\">Massimiliano Bizzi, dopo esperienze nell\u2019azienda di famiglia Collection Priv\u00e9e, ha lavorato in organizzazioni fieristiche come Fiera Milano e poi come direttore artistico di Pr\u00eat \u00e0 Porter a Parigi. Poi nel 2000 ha fondato WHITE, pensando a un format espositivo di rottura nel panorama fieristico e credendo per primo nelle potenzialit\u00e0 del Tortona District, cuore della manifestazione. Nel 2002 WHITE ha debuttato con 90 espositori e poi nel 2007 \u2013 insieme a Brenda Bellei \u2013 ha fondato M.Seventy, societ\u00e0 che gestisce i saloni. Nel 2009 WHITE inizia l\u2019importante partnership con il Comune di Milano, che ha permesso l\u2019espansione del salone, oggi su tre location (Tortona 27 Superstudio Pi\u00f9, Tortona 54 Ex Ansaldo, Tortona 35 Hotel Now) con oltre 500 brand on show. Nel 2015 Max Bizzi con Brenda Bellei hanno iniziato a puntare sull\u2019internazionalizzazione del salone grazie a diversi progetti in collaborazione con ITA \u2013 Italian Trade Agency\u00a0 e grazie alla partnership con la fiera Revolver di Copenaghen. Nel 2016 Max Bizzi e Gisella Borioli, fondatrice di Superstudio Pi\u00f9, hanno lanciato il marchio Tortona Fashion District, dando vita alla Tortona Fashion Map in collaborazione con modem che testimonia il successo della zona, oggi tra le pi\u00f9 dinamiche per il sistema moda.<\/span><\/p>\n<p style=\"text-align: justify;\"><span style=\"color: #000000;\"><strong>BRENDA BELLEI BIZZI &#8211; CEO DI WHITE \u2013 M.SEVENTY<\/strong><\/span><\/p>\n<p style=\"text-align: justify;\"><span style=\"color: #000000;\">Brenda Bellei Bizzi &#8211; CEO di WHITE \u2013 dopo una laurea in Economia e una lunga esperienza in una realt\u00e0\u00a0 internazionale come Arthur Andersen, ha iniziato nel 2000 a lavorare con Massimiliano Bizzi nel lancio di WHITE. Nel 2007 diventa CEO dei WHITE e M.Seventy, societ\u00e0 di consulenza che gestisce il marchio e i saloni. Nel 2008 Brenda ha lanciato The White Club &#8211; un\u2019associazione senza scopo di lucro, nata per promuovere i pi\u00f9 interessanti stilisti internazionali con eventi dedicati a Milano. Con questo innovative format WHITE \u00e8 stato il primo a mettere l\u2019attenzione sui nuovi talenti della moda, invitandoli a unirsi alla manifestazione per farli incontrare con i produttori italiani.<\/span><\/p>\n<p style=\"text-align: justify;\"><span style=\"color: #000000;\">Oggi Brenda Bellei \u00e8 responsabile dello sviluppo di M.Seventy, seguendo le relazioni istituzionali e internazionali per l\u2019internazionalizzazione\u00a0 di WHITE in tutto il mondo, grazie ad una visione strategica che ha visto crescere l\u2019azienda con 3 sedi, a Milano, Bologna e Shanghai. Grazie alla sua forte volont\u00e0 di espandere la fiera sia a livello italiano e internazionale, Brenda \u00e8 riuscita a raggiungere importanti accordi con il Comune di Milano, Confartigianato Imprese, uno delle pi\u00f9 importanti organizzazioni imprenditoriali con il fine di promuovere l\u2019artigianato e la moda contemporary in tutto il mondo.<\/span><\/p>\n<p style=\"text-align: justify;\"><span style=\"color: #000000;\">Comunicato Stampa<\/span><\/p>\n","protected":false},"excerpt":{"rendered":"<p>WHITE allarga il proprio board nell&rsquo;ottica di uno sviluppo strategico sempre pi&ugrave; internazionale. Dal 16 febbraio 2017 il Cavaliere del Lavoro Mario Boselli, gi&agrave; presidente di Fiera Milano e di Pitti Immagine, attualmente Presidente Onorario della Camera Nazionale della Moda Italiana, dell&rsquo;Arab Fashion Council, Official Ambassador della Shanghai Fashion Week, &egrave; entrato a far parte del CDA di M.Seventy, la societ&agrave; organizzatrice dei saloni WHITE.<\/p>\n","protected":false},"author":1,"featured_media":15813,"comment_status":"open","ping_status":"open","sticky":false,"template":"","format":"standard","meta":{"rop_custom_images_group":[],"rop_custom_messages_group":[],"rop_publish_now":"initial","rop_publish_now_accounts":[],"rop_publish_now_history":[],"rop_publish_now_status":"pending","footnotes":""},"categories":[16],"tags":[527,994,1033,2169],"class_list":["post-15811","post","type-post","status-publish","format-standard","has-post-thumbnail","hentry","category-articolo","tag-fashion","tag-milano","tag-moda-2","tag-white"],"_links":{"self":[{"href":"https:\/\/www.nonsolomodanews.it\/wordpress\/wp-json\/wp\/v2\/posts\/15811","targetHints":{"allow":["GET"]}}],"collection":[{"href":"https:\/\/www.nonsolomodanews.it\/wordpress\/wp-json\/wp\/v2\/posts"}],"about":[{"href":"https:\/\/www.nonsolomodanews.it\/wordpress\/wp-json\/wp\/v2\/types\/post"}],"author":[{"embeddable":true,"href":"https:\/\/www.nonsolomodanews.it\/wordpress\/wp-json\/wp\/v2\/users\/1"}],"replies":[{"embeddable":true,"href":"https:\/\/www.nonsolomodanews.it\/wordpress\/wp-json\/wp\/v2\/comments?post=15811"}],"version-history":[{"count":3,"href":"https:\/\/www.nonsolomodanews.it\/wordpress\/wp-json\/wp\/v2\/posts\/15811\/revisions"}],"predecessor-version":[{"id":15815,"href":"https:\/\/www.nonsolomodanews.it\/wordpress\/wp-json\/wp\/v2\/posts\/15811\/revisions\/15815"}],"wp:featuredmedia":[{"embeddable":true,"href":"https:\/\/www.nonsolomodanews.it\/wordpress\/wp-json\/wp\/v2\/media\/15813"}],"wp:attachment":[{"href":"https:\/\/www.nonsolomodanews.it\/wordpress\/wp-json\/wp\/v2\/media?parent=15811"}],"wp:term":[{"taxonomy":"category","embeddable":true,"href":"https:\/\/www.nonsolomodanews.it\/wordpress\/wp-json\/wp\/v2\/categories?post=15811"},{"taxonomy":"post_tag","embeddable":true,"href":"https:\/\/www.nonsolomodanews.it\/wordpress\/wp-json\/wp\/v2\/tags?post=15811"}],"curies":[{"name":"wp","href":"https:\/\/api.w.org\/{rel}","templated":true}]}}