{"id":15788,"date":"2017-02-13T01:35:23","date_gmt":"2017-02-13T01:35:23","guid":{"rendered":"http:\/\/www.nonsolomodanews.it\/wordpress\/?p=15788"},"modified":"2017-02-13T01:35:23","modified_gmt":"2017-02-13T01:35:23","slug":"alice-veglio-dalle-alpi-agli-emirati-con-una-grande-voglia-di-emergere","status":"publish","type":"post","link":"https:\/\/www.nonsolomodanews.it\/wordpress\/alice-veglio-dalle-alpi-agli-emirati-con-una-grande-voglia-di-emergere\/","title":{"rendered":"Alice Veglio, dalle Alpi agli Emirati con una grande voglia di emergere"},"content":{"rendered":"<div id=\"attachment_15789\" style=\"width: 210px\" class=\"wp-caption alignleft\"><a href=\"http:\/\/www.nonsolomodanews.it\/wordpress\/wp-content\/uploads\/2017\/02\/IMG_0070.jpg\"><img loading=\"lazy\" decoding=\"async\" aria-describedby=\"caption-attachment-15789\" class=\"size-medium wp-image-15789\" src=\"http:\/\/www.nonsolomodanews.it\/wordpress\/wp-content\/uploads\/2017\/02\/IMG_0070-200x300.jpg\" alt=\"Alice Veglio\" width=\"200\" height=\"300\" srcset=\"https:\/\/www.nonsolomodanews.it\/wordpress\/wp-content\/uploads\/2017\/02\/IMG_0070-200x300.jpg 200w, https:\/\/www.nonsolomodanews.it\/wordpress\/wp-content\/uploads\/2017\/02\/IMG_0070-768x1152.jpg 768w, https:\/\/www.nonsolomodanews.it\/wordpress\/wp-content\/uploads\/2017\/02\/IMG_0070-683x1024.jpg 683w, https:\/\/www.nonsolomodanews.it\/wordpress\/wp-content\/uploads\/2017\/02\/IMG_0070-1080x1620.jpg 1080w, https:\/\/www.nonsolomodanews.it\/wordpress\/wp-content\/uploads\/2017\/02\/IMG_0070.jpg 1365w\" sizes=\"auto, (max-width: 200px) 100vw, 200px\" \/><\/a><p id=\"caption-attachment-15789\" class=\"wp-caption-text\">Alice Veglio<\/p><\/div>\n<p style=\"text-align: justify;\"><span style=\"color: #000000;\"><strong>Alice Veglio<\/strong> \u00e8 una modella che proviene dalla Valle d&#8217;Aosta. L&#8217;abbiamo conosciuta due anni fa a Milano durante una manifestazione fieristica e abbiamo avuto l&#8217;opportunit\u00e0 di vedere la crescita professionale di questa giovanissima modella (e non solo!) culminata di recente con il catwalk negli Emirati Arabi. Pur essendo giovanissima, Alice ha le idee chiare sul suo futuro. Persona curiosa, ama comunicare e fa attivit\u00e0 di beneficenza. Ringraziamo Alice per averci concesso questa bellissima intervista e auguriamo ai nostri lettori buona lettura<\/span>.<\/p>\n<p><!--more--><\/p>\n<p style=\"text-align: justify;\"><span style=\"color: #000000;\"><strong>Ciao Alice ti vuoi presentare? <\/strong><em>&#8220;Mi chiamo Alice Veglio ho 21 anni (sono nata il 06-07-1995) e vengo dalla Valle D\u2019Aosta. Ho i capelli lunghi e biondi, i miei occhi sono verde acqua. Ho le seguenti misure: Seno 85 cm, vita 58 cm, fianchi 88 cm, numero di scarpe 38. Fin dalla pi\u00f9 tenera et\u00e0 ho desiderato intraprendere una carriera manageriale come direttrice di cliniche mediche e Spa. \u00c8 questa la ragione per cui, al fine di ottenere una valida preparazione, sto attualmente frequentando contemporaneamente due universit\u00e0: la facolt\u00e0 di Economia e Commercio e la facolt\u00e0 di Scienze Olistiche Estetologiche. Lavoro inoltre da 7 anni come modella, fotomodella, attrice e presentatrice&#8221;.<\/em><\/span><\/p>\n<p style=\"text-align: justify;\"><span style=\"color: #000000;\"><strong>Benvenuta su Nonsolomodanews?<\/strong><\/span><\/p>\n<p style=\"text-align: justify;\"><span style=\"color: #000000;\"><strong>Quali sono i tuoi hobby?<\/strong> <em>&#8220;Adoro lo sport e amo condurre uno stile di vita sano. Nonostante il poco tempo a disposizione, ogni giorno pratico almeno un\u2019ora di attivit\u00e0 fisica ed almeno una volta al mese svolgo attivit\u00e0 di beneficenza. Faccio infatti parte da 6 anni di un famoso club internazionale di beneficenza\u00a0che si impiega costantemente in attivit\u00e0 di pubblica utilit\u00e0 tra cui progetti per l\u2019ambiente e aiuti verso i meno fortunati&#8221;.<\/em><\/span><\/p>\n<p style=\"text-align: justify;\"><span style=\"color: #000000;\"><strong>Qual \u00e8 il tuo colore preferito? <\/strong><em>&#8220;Verde acqua&#8221;.<\/em><\/span><\/p>\n<p style=\"text-align: justify;\"><span style=\"color: #000000;\"><strong>Quale musica senti? <\/strong><em>&#8220;Ascolto spesso musica commerciale sebbene ami molto anche brani new age&#8221;.<\/em><\/span><\/p>\n<p style=\"text-align: justify;\"><span style=\"color: #000000;\"><strong>Come ti mantieni in forma? &#8220;<\/strong><em>Nonostante il poco tempo a disposizione svolgo quotidianamente un\u2019ora di attivit\u00e0 fisica congiunta a un\u2019alimentazione sana ed equilibrata&#8221;.<\/em><\/span><\/p>\n<p style=\"text-align: justify;\"><span style=\"color: #000000;\"><strong>Sei una persona curiosa?<\/strong> <em>&#8220;Si molto! Amo costantemente informarmi al fine di allargare sempre di pi\u00f9 gli orizzonti delle mie conoscenze. Amo infatti comunicare arricchendomi cos\u00ec di punti di vista ed esperienze di vita diverse&#8221;.<\/em><\/span><\/p>\n<p><span style=\"color: #000000;\"><strong>Come sei di carattere? <\/strong><em>&#8220;Sono una ragazza estremamente solare e positiva, sono seria e chiara nelle relazioni interpersonali e determinata negli obiettivi che mi prefisso di raggiungere&#8221;.<\/em><\/span><\/p>\n<p style=\"text-align: justify;\"><span style=\"color: #000000;\"><strong>Tu sei di Aosta, ci dici in poche parole cosa significa essere Aostana? <\/strong><em>Aosta ha le tipiche caratteristiche di una piccola oasi ancora lontana dai grandi livelli di internazionalizzazione tipici delle pi\u00f9 importanti metropoli. E\u2019 indubbiamente un luogo confortevole in cui vivere in quanto caratterizzato da scarsa delinquenza e meravigliosi paesaggi\u2026 Nonostante questo credo che la cultura di un individuo debba essere caratterizzata dall&#8217;esperienza\u00a0in luoghi differenti\u2026 rinchiudersi una piccola citt\u00e0 non permette infatti di allargare le vedute e prefissare obiettivi in larga scala. Personalmente infatti, nonostante ami incondizionatamente la mia regione, viaggio frequentemente allargando le mie esperienze professionali in diversi paesi del mondo. Ho infatti frequentato per un anno un Liceo francese in Costa Azzurra, effettuato shooting in America e Africa e attualmente sto effettuando esperienze lavorative negli Emirati Arabi attinenti al mio percorso di studi. Sono onorata di aver avuto la possibilit\u00e0 di arricchirmi di questo tipo di esperienze forgiando la mia esperienza di vita di relazioni con differenti culture e modi di vivere&#8221;.<\/em><\/span><\/p>\n<p style=\"text-align: justify;\"><span style=\"color: #000000;\"><strong>Sei paziente? <\/strong><em>&#8220;Si, so aspettare il giusto tempo per persone e situazioni senza spazientirmi\u2026 cerco infatti sempre di configurare le grandi attese e i percorsi pi\u00f9 tortuosi come strade in grado di portarmi a raggiungere trampolini di vita alti ed ambiti.\u00a0 Nonostante questo, oltre certi limiti, perdo pure io la pazienza&#8221;.<\/em><\/span><\/p>\n<p style=\"text-align: justify;\"><span style=\"color: #000000;\"><strong>In una tua fotografia di ritratto che cosa noti immediatamente? <\/strong><em>&#8220;Gli occhi della persona raffigurata e l\u2019espressivit\u00e0 del volto. Questi due elementi a mio avviso sono alla base di una fotografia comunicativa&#8221;.<\/em><\/span><\/p>\n<p style=\"text-align: justify;\"><span style=\"color: #000000;\"><strong>Quali sono le tue sensazioni quando vieni fotografata? <\/strong><em>&#8220;\u00c8 sempre per me un immenso piacere essere fotografata. Davanti all\u2019obiettivo mi sento a mio agio e amo immedesimarmi in diversi ruoli e situazioni sul set&#8221;.<\/em><\/span><\/p>\n<p style=\"text-align: justify;\"><span style=\"color: #000000;\"><strong>Quali sono i generi fotografici che preferisci?<\/strong> &#8220;Amo indistintamente diversi generi, quello che prediligo \u00e8 comunque il Glamour in quanto \u00e8 uno stile di fotografia in cui viene posta particolare enfasi sul fascino e la femminilit\u00e0&#8221;.<\/span><\/p>\n<p style=\"text-align: justify;\"><span style=\"color: #000000;\"><strong>Che cosa \u00e8 per te la moda (fashion)? <\/strong><em>&#8220;La moda \u00e8 niente di meno che un metodo comunicativo, una visiva esternazione della personalit\u00e0, degli usi e costumi che caratterizzano una determinata cultura in un preciso arco di tempo. La moda dipinge infatti le culture e scandisce archi temporali sulla base di tendenze e diversi modi di vivere&#8221;.<\/em><\/span><\/p>\n<p style=\"text-align: justify;\"><span style=\"color: #000000;\"><strong>Qual \u00e8 il tuo rapporto con la moda?<\/strong> <em>&#8220;Amo lasciarmi affascinare da diversi stili ed essere sempre informata nel merito. Ciononostante amo fare la differenza creando un mio stile personale che lasci trasparire il mio carattere&#8221;.<\/em><\/span><\/p>\n<p style=\"text-align: justify;\"><span style=\"color: #000000;\"><strong>Di recente sei stata negli Emirati Arabi a sfilare, ci racconti la tua esperienza?<\/strong><em> &#8220;\u00c8 stata per me un\u2019esperienza meravigliosa e professionalmente arricchente!! Selezionavano unicamente 20 modelle professioniste in tutto il mondo\u2026 quando mi hanno comunicato che ero stata scelta non riuscivo a crederci!! Ho sfilato per i pi\u00f9 grandi e rinomati brand orientali al fianco di affermate modelle provenienti da tutto il mondo. Hanno scelto come location una grande fontana con maestosi getti d\u2019acqua e hanno fatto camminare noi modelle direttamente su una passerella nell\u2019acqua\u2026 Rivedere i video del fashion show mi lascia ancora senza fiato\u2026 \u00e8 un esperienza che ricorder\u00f2 per sempre!&#8221;.<\/em><\/span><\/p>\n<p style=\"text-align: justify;\"><span style=\"color: #000000;\"><strong>Chi \u00e8 il tuo fashion designer preferito? <\/strong><em>&#8220;In quanto fashion addicted diventa per me difficile menzionare\u00a0un solo stilista\u2026. Amo lo stile cosmopolita di Dolce e Gabbana e le giacche destrutturate stile anni 20 di Armani&#8221;.<\/em><\/span><\/p>\n<p style=\"text-align: justify;\"><span style=\"color: #000000;\"><strong>La tua TopModel preferita? <\/strong><em>&#8220;Tyra Banks, la prima donna di colore ad apparire sulle celebri copertine di GQ e Sport Illustrated\u2026 \u00e8 per me un emblema nel mondo della moda!&#8221;. <\/em><\/span><\/p>\n<p style=\"text-align: justify;\"><span style=\"color: #000000;\"><strong>Qual \u00e8 il capo di vestiario che ami di pi\u00f9 e quello di meno?<\/strong> <em>&#8220;Adoro la lingerie e l\u2019underwear, personalmente non amo i guanti&#8221;. <\/em><\/span><\/p>\n<p style=\"text-align: justify;\"><span style=\"color: #000000;\"><strong>Un accessorio che non manca mai quando esci da casa? <\/strong><\/span><em><span style=\"color: #000000;\">&#8220;Bracciali ed anelli\u2026 rappresentano per me dei ricordi.. ognuno singolarmente ha un significato! Fanno parte integrant<\/span>e del mio look&#8221;.<\/em><\/p>\n<p style=\"text-align: justify;\"><span style=\"color: #000000;\"><strong>Scarpe basse o tacchi?<\/strong> <em>&#8220;Dipende, ogni capo va scelto sulla base delle differenti occasioni. Amo la comodit\u00e0 delle sneakers sebbene siano per me un must i tacchi per lo stile business formal ed elegante&#8221;.<\/em><\/span><\/p>\n<p style=\"text-align: justify;\"><span style=\"color: #000000;\"><strong>Quando indossi un capo di abbigliamento lo fai per piacere agli altri o per tuo piacere? <\/strong><em>&#8220;Il mio look \u00e8 unicamente frutto della mia personalit\u00e0 e di quanto mi fa sentire a mio agio\u2026 non si pu\u00f2 pensare di piacere agli altri con capi che non ci rappresentano o non ci fanno sentire a nostro agio!&#8221;.<\/em><\/span><\/p>\n<p style=\"text-align: justify;\"><span style=\"color: #000000;\"><strong>Ultima domanda, sogno nel cassetto che desideri realizzare?<\/strong> <em>&#8220;Spero di poter continuare su questa strada affermandomi sempre di pi\u00f9 come modella professionista e realizzando congiuntamente il mio grande sogno professionale di essere un\u2019importante manager direzionale di cliniche mediche specialistiche e di wellness. Conformo la visione del mio futuro ad una celebre affermazione di Daniele Alberani: &lt;&lt;Per sognare bisogna puntare in alto, per puntare in alto bisogna sognare&gt;&gt;&#8221;.<\/em><\/span><\/p>\n<p style=\"text-align: left;\"><strong>Bruno Angelo Porcellana<\/strong><\/p>\n<p style=\"text-align: center;\">Le fotografie sono state fornite da Alice Veglio &#8211; I crediti appartengono ai relativi fotografi.<br \/>\nTutti i diritti riservati \u00a9 2017\u2013 Email: nonsolomodanews@gmail.com<\/p>\n<style id=\"bwg-style-0\">      #bwg_container1_0 #bwg_container2_0 #bwg_mosaic_thumbnails_div_0 {        width: 100%;        position: relative;        background-color: rgba(255, 255, 255, 0.00);        text-align: center;        justify-content: center;                  margin-left: auto;          margin-right: auto;                    padding-left: 4px;          padding-top: 4px;                }          #bwg_container1_0 #bwg_container2_0 .bwg_mosaic_thumb_spun_0 {        display: block;        position: absolute;\t\t\t\tborder-radius: 0;\t\t\t\tborder: 0px none #CCCCCC;    \t\t    \t\tbackground-color:rgba(0,0,0, 0.30);        -moz-box-sizing: content-box !important;        -webkit-box-sizing: content-box !important;        box-sizing: content-box !important;      }\t\t\t#bwg_container1_0 #bwg_container2_0 .bwg_mosaic_thumb_0 {\t\t\t\tdisplay: block;\t\t\t\t-moz-box-sizing: content-box !important;\t\t\t\t-webkit-box-sizing: content-box !important;\t\t\t\tbox-sizing: content-box !important;\t\t\t\tmargin: 0;\t\t\t\topacity: 1.00;\t\t\t}      #bwg_container1_0 #bwg_container2_0 .bwg_mosaic_thumb_spun_0:hover {        opacity: 1;        backface-visibility: hidden;        -webkit-backface-visibility: hidden;        -moz-backface-visibility: hidden;        -ms-backface-visibility: hidden;        z-index: 102;      }\t      @media only screen and (min-width: 480px) {        #bwg_container1_0 #bwg_container2_0 .bwg_mosaic_thumb_spun_0:hover {          transform: scale(1.1);          -ms-transform: scale(1.1);          -webkit-transform: scale(1.1);        }      }\t      #bwg_container1_0 #bwg_container2_0 .bwg_mosaic_thumbnails_0 {        background-color: rgba(255, 255, 255, 0.00);        font-size: 0;        position: relative;        text-align: center;        display: inline-block;        visibility: hidden;              }\t  \/*image title styles*\/      #bwg_container1_0 #bwg_container2_0 .bwg_mosaic_title_spun1_0,      #bwg_container1_0 #bwg_container2_0 .bwg-mosaic-thumbnails .bwg_ecommerce_spun1_0 {        position: absolute;        display: block;        opacity: 0;        box-sizing: border-box;        text-align: center;\t\t\t\ttop: 50%;\t\t\t\tleft: 50%;\t\t\t\ttransform: translate(-50%, -50%);      }      #bwg_container1_0 #bwg_container2_0 .bwg-mosaic-thumbnails .bwg_mosaic_title_spun2_0,      #bwg_container1_0 #bwg_container2_0 .bwg-mosaic-thumbnails .bwg_ecommerce_spun2_0 {\t\t    color: #CCCCCC;        font-family: segoe ui;        font-size: 16px;        font-weight: bold;        text-shadow: 0px 0px 0px #888888;        vertical-align: middle;        word-wrap: break-word;      }            .bwg_mosaic_play_icon_spun_0 {        display: table;        position: absolute;        left: -10000px;        top: 0px;        opacity: 0;      }      .bwg_mosaic_play_icon_0 {        color: #CCCCCC;        font-size: 32px;        vertical-align: middle;        display: table-cell !important;        z-index: 1;        text-align: center;        margin: 0 auto;      }      #bwg_container1_0 #bwg_container2_0 .bwg_gal_title_0 {        background-color: rgba(0, 0, 0, 0);        color: #323A45;        display: block;        font-family: Ubuntu;        font-size: 16px;        font-weight: bold;        padding: 2px;        text-shadow: ;        text-align: center;      }            @media screen and (max-width: 280px) {      div[class^=\"bwg_mosaic_thumbnails_\"],      span[class^=\"bwg_mosaic_thumb_spun_\"] {      width: 100% !important;      }      img[class^=\"bwg_mosaic_thumb_\"] {      width: 100% !important;      height: auto !important;      margin: 0px auto !important;      }      }      <\/style>    <div id=\"bwg_container1_0\"         class=\"bwg_container bwg_thumbnail bwg_thumbnails_mosaic \"         data-right-click-protection=\"0\"         data-bwg=\"0\"         data-scroll=\"0\"         data-gallery-type=\"thumbnails_mosaic\"         data-gallery-view-type=\"thumbnails_mosaic\"         data-current-url=\"\/wordpress\/wp-json\/wp\/v2\/posts\/15788\"         data-lightbox-url=\"https:\/\/www.nonsolomodanews.it\/wordpress\/wp-admin\/admin-ajax.php?action=GalleryBox&#038;current_view=0&#038;gallery_id=194&#038;tag=0&#038;theme_id=1&#038;shortcode_id=190&#038;sort_by=order&#038;order_by=asc&#038;current_url=%2Fwordpress%2Fwp-json%2Fwp%2Fv2%2Fposts%2F15788\"         data-gallery-id=\"194\"         data-popup-width=\"800\"         data-popup-height=\"500\"         data-is-album=\"gallery\"         data-buttons-position=\"bottom\">      <div id=\"bwg_container2_0\">             <div id=\"ajax_loading_0\" class=\"bwg_loading_div_1\">      <div class=\"bwg_loading_div_2\">        <div class=\"bwg_loading_div_3\">          <div id=\"loading_div_0\" class=\"bwg_spider_ajax_loading\">          <\/div>        <\/div>      <\/div>    <\/div>            <form id=\"gal_front_form_0\"              class=\"bwg-hidden\"              method=\"post\"              action=\"#\"              data-current=\"0\"              data-shortcode-id=\"190\"              data-gallery-type=\"thumbnails_mosaic\"              data-gallery-id=\"194\"              data-tag=\"0\"              data-album-id=\"0\"              data-theme-id=\"1\"              data-ajax-url=\"https:\/\/www.nonsolomodanews.it\/wordpress\/wp-admin\/admin-ajax.php?action=bwg_frontend_data\">          <div id=\"bwg_container3_0\" class=\"bwg-background bwg-background-0\">                <div id=\"bwg_mosaic_thumbnails_div_0\"         class=\"bwg-container-0 bwg-container bwg-mosaic-thumbnails\"         data-bwg=\"0\"         data-mosaic-direction=\"vertical\"         data-resizable=\"0\"         data-width=\"180\"         data-height=\"90\"         data-total-width=\"100\"         data-block-id=\"bwg_thumbnails_mosaic_0\"         data-thumb-padding=\"4\"         data-thumb-border=\"0\"         data-title-margin=\"2px\"         data-image-title=\"none\"         data-play-icon=\"1\"         data-ecommerce-icon=\"none\"         data-gallery-id=\"194\"         data-lightbox-url=\"https:\/\/www.nonsolomodanews.it\/wordpress\/wp-admin\/admin-ajax.php?action=GalleryBox&#038;current_view=0&#038;gallery_id=194&#038;tag=0&#038;theme_id=1&#038;shortcode_id=190&#038;sort_by=order&#038;order_by=asc&#038;current_url=%2Fwordpress%2Fwp-json%2Fwp%2Fv2%2Fposts%2F15788\"         data-mosaic-thumb-transition=\"1\"         style=\"visibility: hidden\" >      <div id=\"bwg_thumbnails_mosaic_0\" class=\"bwg_mosaic_thumbnails_0\">                  <a class=\"bwg-a\" >          <div class=\"bwg_mosaic_thumb_spun_0 bwg-item0 bwg-mosaic-thumb-span \">            <img decoding=\"async\" class=\"bwg_mosaic_thumb_0 skip-lazy bwg_img_clear bwg_img_custom \"                 id=\"16207\"                 src=\"https:\/\/www.nonsolomodanews.it\/wordpress\/wp-content\/uploads\/photo-gallery\/Alice%20Veglio\/thumb\/IMG_7747.jpg?bwg=1624548760\"                 data-src=\"https:\/\/www.nonsolomodanews.it\/wordpress\/wp-content\/uploads\/photo-gallery\/Alice%20Veglio\/thumb\/IMG_7747.jpg?bwg=1624548760\"                 data-width=\"\"                 data-height=\"\"                 alt=\"IMG_7747\"                 title=\"IMG_7747\" \/>                      <\/div>        <\/a>                <a class=\"bwg-a\" >          <div class=\"bwg_mosaic_thumb_spun_0 bwg-item0 bwg-mosaic-thumb-span \">            <img decoding=\"async\" class=\"bwg_mosaic_thumb_0 skip-lazy bwg_img_clear bwg_img_custom \"                 id=\"16206\"                 src=\"https:\/\/www.nonsolomodanews.it\/wordpress\/wp-content\/uploads\/photo-gallery\/Alice%20Veglio\/thumb\/IMG_7745.jpg?bwg=1624548760\"                 data-src=\"https:\/\/www.nonsolomodanews.it\/wordpress\/wp-content\/uploads\/photo-gallery\/Alice%20Veglio\/thumb\/IMG_7745.jpg?bwg=1624548760\"                 data-width=\"\"                 data-height=\"\"                 alt=\"IMG_7745\"                 title=\"IMG_7745\" \/>                      <\/div>        <\/a>                <a class=\"bwg-a\" >          <div class=\"bwg_mosaic_thumb_spun_0 bwg-item0 bwg-mosaic-thumb-span \">            <img decoding=\"async\" class=\"bwg_mosaic_thumb_0 skip-lazy bwg_img_clear bwg_img_custom \"                 id=\"16205\"                 src=\"https:\/\/www.nonsolomodanews.it\/wordpress\/wp-content\/uploads\/photo-gallery\/Alice%20Veglio\/thumb\/IMG_7744.jpg?bwg=1624548760\"                 data-src=\"https:\/\/www.nonsolomodanews.it\/wordpress\/wp-content\/uploads\/photo-gallery\/Alice%20Veglio\/thumb\/IMG_7744.jpg?bwg=1624548760\"                 data-width=\"\"                 data-height=\"\"                 alt=\"IMG_7744\"                 title=\"IMG_7744\" \/>                      <\/div>        <\/a>                <a class=\"bwg-a\" >          <div class=\"bwg_mosaic_thumb_spun_0 bwg-item0 bwg-mosaic-thumb-span \">            <img decoding=\"async\" class=\"bwg_mosaic_thumb_0 skip-lazy bwg_img_clear bwg_img_custom \"                 id=\"16204\"                 src=\"https:\/\/www.nonsolomodanews.it\/wordpress\/wp-content\/uploads\/photo-gallery\/Alice%20Veglio\/thumb\/IMG_7742.jpg?bwg=1624548760\"                 data-src=\"https:\/\/www.nonsolomodanews.it\/wordpress\/wp-content\/uploads\/photo-gallery\/Alice%20Veglio\/thumb\/IMG_7742.jpg?bwg=1624548760\"                 data-width=\"\"                 data-height=\"\"                 alt=\"IMG_7742\"                 title=\"IMG_7742\" \/>                      <\/div>        <\/a>                <a class=\"bwg-a\" >          <div class=\"bwg_mosaic_thumb_spun_0 bwg-item0 bwg-mosaic-thumb-span \">            <img decoding=\"async\" class=\"bwg_mosaic_thumb_0 skip-lazy bwg_img_clear bwg_img_custom \"                 id=\"16203\"                 src=\"https:\/\/www.nonsolomodanews.it\/wordpress\/wp-content\/uploads\/photo-gallery\/Alice%20Veglio\/thumb\/IMG_1053-10.jpg?bwg=1624548760\"                 data-src=\"https:\/\/www.nonsolomodanews.it\/wordpress\/wp-content\/uploads\/photo-gallery\/Alice%20Veglio\/thumb\/IMG_1053-10.jpg?bwg=1624548760\"                 data-width=\"\"                 data-height=\"\"                 alt=\"IMG_1053-10\"                 title=\"IMG_1053-10\" \/>                      <\/div>        <\/a>                <a class=\"bwg-a\" >          <div class=\"bwg_mosaic_thumb_spun_0 bwg-item0 bwg-mosaic-thumb-span \">            <img decoding=\"async\" class=\"bwg_mosaic_thumb_0 skip-lazy bwg_img_clear bwg_img_custom \"                 id=\"16202\"                 src=\"https:\/\/www.nonsolomodanews.it\/wordpress\/wp-content\/uploads\/photo-gallery\/Alice%20Veglio\/thumb\/IMG_0070.jpg?bwg=1624548760\"                 data-src=\"https:\/\/www.nonsolomodanews.it\/wordpress\/wp-content\/uploads\/photo-gallery\/Alice%20Veglio\/thumb\/IMG_0070.jpg?bwg=1624548760\"                 data-width=\"\"                 data-height=\"\"                 alt=\"IMG_0070\"                 title=\"IMG_0070\" \/>                      <\/div>        <\/a>                <a class=\"bwg-a\" >          <div class=\"bwg_mosaic_thumb_spun_0 bwg-item0 bwg-mosaic-thumb-span \">            <img decoding=\"async\" class=\"bwg_mosaic_thumb_0 skip-lazy bwg_img_clear bwg_img_custom \"                 id=\"16201\"                 src=\"https:\/\/www.nonsolomodanews.it\/wordpress\/wp-content\/uploads\/photo-gallery\/Alice%20Veglio\/thumb\/Heritage%20for%20Henna%20Dubai%20(5%20di%2078).jpg?bwg=1624548760\"                 data-src=\"https:\/\/www.nonsolomodanews.it\/wordpress\/wp-content\/uploads\/photo-gallery\/Alice%20Veglio\/thumb\/Heritage%20for%20Henna%20Dubai%20(5%20di%2078).jpg?bwg=1624548760\"                 data-width=\"\"                 data-height=\"\"                 alt=\"Heritage for Henna Dubai (5 di 78)\"                 title=\"Heritage for Henna Dubai (5 di 78)\" \/>                      <\/div>        <\/a>                <a class=\"bwg-a\" >          <div class=\"bwg_mosaic_thumb_spun_0 bwg-item0 bwg-mosaic-thumb-span \">            <img decoding=\"async\" class=\"bwg_mosaic_thumb_0 skip-lazy bwg_img_clear bwg_img_custom \"                 id=\"16200\"                 src=\"https:\/\/www.nonsolomodanews.it\/wordpress\/wp-content\/uploads\/photo-gallery\/Alice%20Veglio\/thumb\/alice%204.jpg?bwg=1624548760\"                 data-src=\"https:\/\/www.nonsolomodanews.it\/wordpress\/wp-content\/uploads\/photo-gallery\/Alice%20Veglio\/thumb\/alice%204.jpg?bwg=1624548760\"                 data-width=\"\"                 data-height=\"\"                 alt=\"alice 4\"                 title=\"alice 4\" \/>                      <\/div>        <\/a>                <a class=\"bwg-a\" >          <div class=\"bwg_mosaic_thumb_spun_0 bwg-item0 bwg-mosaic-thumb-span \">            <img decoding=\"async\" class=\"bwg_mosaic_thumb_0 skip-lazy bwg_img_clear bwg_img_custom \"                 id=\"16199\"                 src=\"https:\/\/www.nonsolomodanews.it\/wordpress\/wp-content\/uploads\/photo-gallery\/Alice%20Veglio\/thumb\/17.jpg?bwg=1624548760\"                 data-src=\"https:\/\/www.nonsolomodanews.it\/wordpress\/wp-content\/uploads\/photo-gallery\/Alice%20Veglio\/thumb\/17.jpg?bwg=1624548760\"                 data-width=\"\"                 data-height=\"\"                 alt=\"17\"                 title=\"17\" \/>                      <\/div>        <\/a>                <a class=\"bwg-a\" >          <div class=\"bwg_mosaic_thumb_spun_0 bwg-item0 bwg-mosaic-thumb-span \">            <img decoding=\"async\" class=\"bwg_mosaic_thumb_0 skip-lazy bwg_img_clear bwg_img_custom \"                 id=\"16198\"                 src=\"https:\/\/www.nonsolomodanews.it\/wordpress\/wp-content\/uploads\/photo-gallery\/Alice%20Veglio\/thumb\/12.jpg?bwg=1624548760\"                 data-src=\"https:\/\/www.nonsolomodanews.it\/wordpress\/wp-content\/uploads\/photo-gallery\/Alice%20Veglio\/thumb\/12.jpg?bwg=1624548760\"                 data-width=\"\"                 data-height=\"\"                 alt=\"12\"                 title=\"12\" \/>                      <\/div>        <\/a>            <\/div>    <\/div>    <style>      \/*pagination styles*\/      #bwg_container1_0 #bwg_container2_0 .tablenav-pages_0 {\t\t\t\ttext-align: center;\t\t\t\tfont-size: 12px;\t\t\t\tfont-family: segoe ui;\t\t\t\tfont-weight: bold;\t\t\t\tcolor: #666666;\t\t\t\tmargin: 6px 0 4px;\t\t\t\tdisplay: block;      }      @media only screen and (max-width : 320px) {      #bwg_container1_0 #bwg_container2_0 .displaying-num_0 {     \t display: none;      }      }      #bwg_container1_0 #bwg_container2_0 .displaying-num_0 {\t\t\t\tfont-size: 12px;\t\t\t\tfont-family: segoe ui;\t\t\t\tfont-weight: bold;\t\t\t\tcolor: #666666;\t\t\t\tmargin-right: 10px;\t\t\t\tvertical-align: middle;      }      #bwg_container1_0 #bwg_container2_0 .paging-input_0 {\t\t\t\tfont-size: 12px;\t\t\t\tfont-family: segoe ui;\t\t\t\tfont-weight: bold;\t\t\t\tcolor: #666666;\t\t\t\tvertical-align: middle;      }      #bwg_container1_0 #bwg_container2_0 .tablenav-pages_0 a.disabled,      #bwg_container1_0 #bwg_container2_0 .tablenav-pages_0 a.disabled:hover,      #bwg_container1_0 #bwg_container2_0 .tablenav-pages_0 a.disabled:focus,\t\t\t#bwg_container1_0 #bwg_container2_0 .tablenav-pages_0 input.bwg_current_page {\t\t\t\tcursor: default;\t\t\t\tcolor: rgba(102, 102, 102, 0.5);      }      #bwg_container1_0 #bwg_container2_0 .tablenav-pages_0 a,      #bwg_container1_0 #bwg_container2_0 .tablenav-pages_0 input.bwg_current_page {\t\t\t\tcursor: pointer;\t\t\t\ttext-align: center;\t\t\t\tfont-size: 12px;\t\t\t\tfont-family: segoe ui;\t\t\t\tfont-weight: bold;\t\t\t\tcolor: #666666;\t\t\t\ttext-decoration: none;\t\t\t\tpadding: 3px 6px;\t\t\t\tmargin: 0;\t\t\t\tborder-radius: 0;\t\t\t\tborder-style: solid;\t\t\t\tborder-width: 1px;\t\t\t\tborder-color: #E3E3E3;\t\t\t\t\t\t\t\tbackground-color: rgba(255, 255, 255, 1.00);\t\t\t\tbox-shadow: 0;\t\t\t\ttransition: all 0.3s ease 0s;-webkit-transition: all 0.3s ease 0s;      }      <\/style>      <span class=\"bwg_nav_cont_0\">              <div class=\"tablenav-pages_0\">                  <\/div>                <input type=\"hidden\" id=\"page_number_0\" name=\"page_number_0\" value=\"1\" \/>      <script type=\"text\/javascript\">        if( jQuery('.bwg_nav_cont_0').length > 1 ) {          jQuery('.bwg_nav_cont_0').first().remove()        }        function spider_page_0(cur, x, y, load_more) {          if (typeof load_more == \"undefined\") {            var load_more = false;          }          if (jQuery(cur).hasClass('disabled')) {            return false;          }          var items_county_0 = 1;          switch (y) {            case 1:              if (x >= items_county_0) {                document.getElementById('page_number_0').value = items_county_0;              }              else {                document.getElementById('page_number_0').value = x + 1;              }              break;            case 2:              document.getElementById('page_number_0').value = items_county_0;              break;            case -1:              if (x == 1) {                document.getElementById('page_number_0').value = 1;              }              else {                document.getElementById('page_number_0').value = x - 1;              }              break;            case -2:              document.getElementById('page_number_0').value = 1;              break;\t\t\t\t\t\tcase 0:              document.getElementById('page_number_0').value = x;              break;            default:              document.getElementById('page_number_0').value = 1;          }          bwg_ajax('gal_front_form_0', '0', 'bwg_thumbnails_mosaic_0', '0', '', 'gallery', 0, '', '', load_more, '', 1);        }                    jQuery('.first-page-0').on('click', function () {              spider_page_0(this, 1, -2, 'numeric');              return false;            });            jQuery('.prev-page-0').on('click', function () {              spider_page_0(this, 1, -1, 'numeric');              return false;            });            jQuery('.next-page-0').on('click', function () {              spider_page_0(this, 1, 1, 'numeric');              return false;            });            jQuery('.last-page-0').on('click', function () {              spider_page_0(this, 1, 2, 'numeric');              return false;            });        \t\t\t\t\/* Change page on input enter. *\/        function bwg_change_page_0( e, that ) {          if (  e.key == 'Enter' ) {            var to_page = parseInt(jQuery(that).val());            var pages_count = jQuery(that).parents(\".pagination-links\").data(\"pages-count\");            var current_url_param = jQuery(that).attr('data-url-info');            if (to_page > pages_count) {              to_page = 1;            }\t \t\t\t\t\t\t\t\t\t\t\t\tspider_page_0(this, to_page, 0, 'numeric');\t\t\t\t\t\t\treturn false;\t\t\t\t\t\t          }          return true;        }        jQuery('.bwg_load_btn_0').on('click', function () {            spider_page_0(this, 1, 1, true);            return false;        });      <\/script>      <\/span>                <\/div>        <\/form>              <\/div>    <\/div>    <script>      if (document.readyState === 'complete') {        if( typeof bwg_main_ready == 'function' ) {          if ( jQuery(\"#bwg_container1_0\").height() ) {            bwg_main_ready(jQuery(\"#bwg_container1_0\"));          }        }      } else {        document.addEventListener('DOMContentLoaded', function() {          if( typeof bwg_main_ready == 'function' ) {            if ( jQuery(\"#bwg_container1_0\").height() ) {             bwg_main_ready(jQuery(\"#bwg_container1_0\"));            }          }        });      }    <\/script>    \n<p>&nbsp;<\/p>\n<p>&nbsp;<\/p>\n","protected":false},"excerpt":{"rendered":"<p>Alice Veglio &egrave; una modella che proviene dalla Valle d&rsquo;Aosta. L&rsquo;abbiamo conosciuta due anni fa a Milano durante una manifestazione fieristica e abbiamo avuto l&rsquo;opportunit&agrave; di vedere la crescita professionale di questa giovanissima modella (e non solo!) culminata di recente con il catwalk negli Emirati Arabi. Pur essendo giovanissima, Alice ha le idee chiare sul suo futuro. Persona curiosa, ama comunicare e fa attivit&agrave; di beneficenza. Ringraziamo Alice per averci concesso questa bellissima intervista e auguriamo ai nostri lettori buona lettura.<\/p>\n","protected":false},"author":1,"featured_media":15790,"comment_status":"open","ping_status":"open","sticky":false,"template":"","format":"standard","meta":{"rop_custom_images_group":[],"rop_custom_messages_group":[],"rop_publish_now":"initial","rop_publish_now_accounts":[],"rop_publish_now_history":[],"rop_publish_now_status":"pending","footnotes":""},"categories":[16],"tags":[2191,198,588,1535,1036],"class_list":["post-15788","post","type-post","status-publish","format-standard","has-post-thumbnail","hentry","category-articolo","tag-alice-veglio","tag-attrice","tag-fotomodella","tag-indossatrice","tag-modella"],"_links":{"self":[{"href":"https:\/\/www.nonsolomodanews.it\/wordpress\/wp-json\/wp\/v2\/posts\/15788","targetHints":{"allow":["GET"]}}],"collection":[{"href":"https:\/\/www.nonsolomodanews.it\/wordpress\/wp-json\/wp\/v2\/posts"}],"about":[{"href":"https:\/\/www.nonsolomodanews.it\/wordpress\/wp-json\/wp\/v2\/types\/post"}],"author":[{"embeddable":true,"href":"https:\/\/www.nonsolomodanews.it\/wordpress\/wp-json\/wp\/v2\/users\/1"}],"replies":[{"embeddable":true,"href":"https:\/\/www.nonsolomodanews.it\/wordpress\/wp-json\/wp\/v2\/comments?post=15788"}],"version-history":[{"count":4,"href":"https:\/\/www.nonsolomodanews.it\/wordpress\/wp-json\/wp\/v2\/posts\/15788\/revisions"}],"predecessor-version":[{"id":15794,"href":"https:\/\/www.nonsolomodanews.it\/wordpress\/wp-json\/wp\/v2\/posts\/15788\/revisions\/15794"}],"wp:featuredmedia":[{"embeddable":true,"href":"https:\/\/www.nonsolomodanews.it\/wordpress\/wp-json\/wp\/v2\/media\/15790"}],"wp:attachment":[{"href":"https:\/\/www.nonsolomodanews.it\/wordpress\/wp-json\/wp\/v2\/media?parent=15788"}],"wp:term":[{"taxonomy":"category","embeddable":true,"href":"https:\/\/www.nonsolomodanews.it\/wordpress\/wp-json\/wp\/v2\/categories?post=15788"},{"taxonomy":"post_tag","embeddable":true,"href":"https:\/\/www.nonsolomodanews.it\/wordpress\/wp-json\/wp\/v2\/tags?post=15788"}],"curies":[{"name":"wp","href":"https:\/\/api.w.org\/{rel}","templated":true}]}}