{"id":15715,"date":"2017-01-25T17:51:11","date_gmt":"2017-01-25T17:51:11","guid":{"rendered":"http:\/\/www.nonsolomodanews.it\/wordpress\/?p=15715"},"modified":"2017-01-25T17:51:11","modified_gmt":"2017-01-25T17:51:11","slug":"arte-fiera-27-30-gennaio-2017","status":"publish","type":"post","link":"https:\/\/www.nonsolomodanews.it\/wordpress\/arte-fiera-27-30-gennaio-2017\/","title":{"rendered":"ARTE FIERA 27 \u2013 30 gennaio 2017"},"content":{"rendered":"<div id=\"attachment_15716\" style=\"width: 235px\" class=\"wp-caption alignleft\"><a href=\"http:\/\/www.nonsolomodanews.it\/wordpress\/wp-content\/uploads\/2017\/01\/Angela-Vettese_.jpg\"><img loading=\"lazy\" decoding=\"async\" aria-describedby=\"caption-attachment-15716\" class=\"size-medium wp-image-15716\" src=\"http:\/\/www.nonsolomodanews.it\/wordpress\/wp-content\/uploads\/2017\/01\/Angela-Vettese_-225x300.jpg\" alt=\"Angela Vettese\" width=\"225\" height=\"300\" srcset=\"https:\/\/www.nonsolomodanews.it\/wordpress\/wp-content\/uploads\/2017\/01\/Angela-Vettese_-225x300.jpg 225w, https:\/\/www.nonsolomodanews.it\/wordpress\/wp-content\/uploads\/2017\/01\/Angela-Vettese_-768x1024.jpg 768w, https:\/\/www.nonsolomodanews.it\/wordpress\/wp-content\/uploads\/2017\/01\/Angela-Vettese_-1080x1441.jpg 1080w, https:\/\/www.nonsolomodanews.it\/wordpress\/wp-content\/uploads\/2017\/01\/Angela-Vettese_.jpg 1535w\" sizes=\"auto, (max-width: 225px) 100vw, 225px\" \/><\/a><p id=\"caption-attachment-15716\" class=\"wp-caption-text\">Angela Vettese<\/p><\/div>\n<p><span style=\"color: #000000;\"><strong>DIRETTA DA ANGELA VETTESE, TANTE LE NOVITA\u2019 DELLA 41ESIMA EDIZIONE \u00a0MAIN SECTION, SOLO SHOW, NUEVA VISTA, FOTOGRAFIA E SPECIAL PROJECTS<br \/>\nRASSEGNE CURATORIALI PER ART CITY POLIS &#8211; 178 espositori totali, 153 le gallerie: \u00a0qualit\u00e0 del progetto espositivo, sezioni curatoriali, sguardo ai nuovi mercati <\/strong><\/span><\/p>\n<p><span style=\"color: #000000;\">Bologna &#8211; Al via, dal <strong>27 al 30 gennaio 2017<\/strong>, la pi\u00f9 importante kermesse di arte moderna e contemporanea d\u2019Italia nei padiglioni di <strong>BolognaFiere: Arte Fiera inaugura la 41esima edizione <\/strong>con la nuova direzione artistica di <strong>Angela Vettese. <\/strong>Sono 178 gli espositori complessivi di cui 153 gallerie e 25 fra editori, librerie, istituzioni e periodici d\u2019arte. Curatela e mercato le parole chiave dell\u2019edizione 2017 con una selezione delle gallerie che punta sulla qualit\u00e0, ma non solo: attenzione alla coerenza del \u00a0progetto espositivo e a nuove realt\u00e0 artistiche che si affacciano sul mercato; interesse curatoriale dei progetti presentati e sguardo attento alle produzioni indipendenti.<\/span><br \/>\n<span style=\"color: #000000;\"> Nuova anche la veste grafica, affidata ad Andrea Lancellotti dello Studio Lancellotti, che mette in evidenza ci\u00f2 che da sempre contraddistingue il fare artistico: da un lato la natura nelle sue molteplici forme, dall&#8217;altro la capacit\u00e0 umana di circoscriverla e ripensarla, accettandone con flessibilit\u00e0 mentale anche i lati pi\u00f9 perturbanti. <\/span><br \/>\n<span style=\"color: #000000;\"> <strong><br \/>\n<\/strong><\/span><\/p>\n<p><span style=\"color: #000000;\"><strong>LE SEZIONI<br \/>\n<\/strong>Arte Fiera 2017 si sviluppa nei padiglioni 25 e 26 del Quartiere fieristico di Bologna, in cui si articola la proposta delle gallerie con una voluta commistione di moderno e contemporaneo &#8211; senza rispettare alcuna rigida divisione tra i due periodi &#8211; di collettive e solo show. <\/span><br \/>\n<span style=\"color: #000000;\"> In questa 41esima edizione, che rinnova la partnership storica con la Associazione Italiana delle Gallerie di Arte Moderna e Contemporanea, sono previste una <strong>MAIN SECTION <\/strong>(123 gallerie) e una serie di <strong>SOLO SHOW <\/strong>(18 gallerie), scelte entrambe dal direttore artistico e da un Comitato di selezione composito. I galleristi coinvolti nel Comitato, equamente distribuiti per i loro interessi nel moderno e nel contemporaneo nonch\u00e9 per la loro provenienza territoriale, sono: <strong>Laura Trisorio<\/strong>, Studio Trisorio, Napoli; <strong>Marco Niccoli<\/strong>, Galleria Niccoli, Parma; <strong>Massimo Di Carlo<\/strong>, Galleria dello Scudo, Verona, <strong>Alessandra Bonomo<\/strong>, Galleria Alessandra Bonomo, Roma. A ulteriore garanzia della qualit\u00e0 delle proposte, sono state coinvolte figure estranee al mercato dell&#8217;arte: il curatore <strong>Roberto Pinto<\/strong> (Docente di Storia dell\u2019Arte Contemporanea, Universit\u00e0 di Bologna) e la storica dell&#8217;arte <strong>Maria Grazia Messina<\/strong> (Docente di Storia dell\u2019Arte Contemporanea, Universit\u00e0 di Firenze e Presidente del Comitato Tecnico Consultivo Arte e Architettura contemporanee Periferie Urbane, Ministero dei Beni Culturali e del Turismo). <\/span><br \/>\n<span style=\"color: #000000;\"> \u00a0<\/span><br \/>\n<span style=\"color: #000000;\"> Arte Fiera \u00e8 completata da una piccola sezione di nuove proposte a cura di <strong>Simone Frangi<\/strong>, intitolata <strong>NUEVA VISTA<\/strong> (3 gallerie) e dedicata ad artisti meritevoli di una rilettura critica, non necessariamente giovani: Nueva Vista \u00e8 pensata, infatti, per mettere a fuoco, all\u2019interno di una fiera commerciale, il punto di equilibrio tra discorsivit\u00e0 e vendibilit\u00e0 di ricerche artistiche emergenti. Una sezione volutamente ristretta &#8211; solo tre gallerie \u2013 per riconoscere lo sforzo che unisce la passione nel cercare l&#8217;inedito con quello di proporlo sul mercato. <\/span><br \/>\n<span style=\"color: #000000;\"> Viene presentata anche una sezione di <strong>FOTOGRAFIA <\/strong>(9 gallerie), curata da <strong>Angela Vettese<\/strong>, in cui si \u00e8 deciso di focalizzarsi sulla tecnica, per indagare qual \u00e8 &#8211; se c&#8217;\u00e8 &#8211; il confine che separa l\u2019artista-fotografo da tutti coloro che possiedono uno <em>smart device<\/em> e si sentono fotografi. <\/span><br \/>\n<span style=\"color: #000000;\"> \u00a0<\/span><br \/>\n<span style=\"color: #000000;\"> E ancora, una nuova sezione dal titolo <strong>SPECIAL PROJECTS<\/strong>, a cura di <strong>Chiara Vecchiarelli<\/strong>, che porta la performance in Fiera, al MAMbo e nei musei bolognesi, articolata in <em>Time Specific Artist Lectures<\/em>, che declinano il rapporto tra il contemporaneo e la storia dell&#8217;arte proponendo un dialogo temporale tra opere e una serie di <em>Site Specific Artist Lectures<\/em>, in cui il dialogo si tiene, invece, tra le opere e le collezioni dei musei scientifici della citt\u00e0.<\/span><br \/>\n<span style=\"color: #000000;\"> \u00a0<\/span><br \/>\n<span style=\"color: #000000;\"> <strong>UN NUOVO SGUARDO AL MONDO INDIPENDENTE a cura di Master in Photography<br \/>\n<\/strong>Arte Fiera 2017 intraprende un esperimento che mette in luce il mondo indipendente della fotografia e dell\u2019arte, nel tentativo di non tracciare un confine tra le discipline ma di trovare, tra queste, uno spazio di condivisione. L\u2019esperimento intende proporre all\u2019interno di una consolidata fiera d\u2019arte un momento dedicato alla produzione e alla discussione rivolta a esperti del settore, autori e studenti.<\/span><br \/>\n<span style=\"color: #000000;\"> Il pensiero che orienta lo sguardo a questo settore della produzione, all\u2019interno del mondo dell\u2019arte, della fotografia e dell\u2019editoria, \u00e8 guidato dall\u2019idea che nella storia pi\u00f9 recente buona parte del dibattito provenga dagli spazi indipendenti e underground. Per cercare di trasformare questa posizione in un prodotto visibile con il quale il pubblico possa interagire, Arte Fiera &#8211; in stretta collaborazione con Master in Photography che ha sviluppato il progetto &#8211; ha scelto quattro momenti.<\/span><\/p>\n<p><span style=\"color: #000000;\"> <strong>Mostra GENDA \u2013 THE BODY AS PACKAGING:<\/strong> Genda \u00e8 un progetto editoriale indipendente e curatoriale, \u00e8 una rivista con una doppia redazione in Italia e in Cina, edito da A+Mbookstore; raccoglie contributi di artisti cinesi e occidentali nella ricerca di produrre e verificare l\u2019esistenza di un reciproco dialogo. In questo spazio, anche <strong>AGENDA INDEPENDENT a cura di Benedetta Pomini<\/strong>, una mostra che nasce dall\u2019incontro tra alcune gallerie italiane ed internazionali, accomunate da una stessa particolare sensibilit\u00e0 ed attenzione nei confronti della fotografia e dei suoi recenti sviluppi.<\/span><br \/>\n<span style=\"color: #000000;\"> <strong><br \/>\n<\/strong>Ad accogliere i visitatori di Arte Fiera 2017<strong> PRINTVILLE<\/strong>, il bookshop curato da <strong>A+Mbookstore<\/strong> <strong>e Humboldt<\/strong> che intende mostrare le produzioni contemporanee italiane e straniere pi\u00f9 attuali nel mondo dell\u2019arte e della fotografia, produzioni che provengono per la maggior parte da editori indipendenti che, in genere, lavorano in piccoli team e con tirature di stampa che raggiungono al massimo i 500 esemplari. Uno spazio innovativo che propone libri rari, da consultare, e remainder provenienti dalla libreria K\u00f6nig di Colonia, accanto a una scelta pi\u00f9 consueta di libri e cataloghi d&#8217;arte. <\/span><br \/>\n<span style=\"color: #000000;\"> \u00a0<\/span><br \/>\n<span style=\"color: #000000;\"> <strong>TALKS<br \/>\n<\/strong>Autori, curatori, editori, galleristi e collezionisti discutono la questione del progetto contemporaneo e di come le collaborazioni, le traduzioni e i linguaggi della produzione indipendente hanno trovato spazio all\u2019interno delle istituzioni e del mercato.<\/span><br \/>\n<span style=\"color: #000000;\"> <strong><br \/>\nPREMI<br \/>\n<\/strong>Il Gruppo Euromobil, main sponsor di Arte Fiera, promuove la 11esima edizione del <strong>Premio Euromobil under 30<\/strong> riservato agli artisti presentati dalle gallerie della Fiera. Il Premio della Giuria di Esperti sar\u00e0 assegnato sabato 28 gennaio alle ore 16. Un secondo riconoscimento verr\u00e0 attribuito, direttamente dal pubblico (Premio Speciale del Pubblico), all\u2019opera (e quindi all\u2019artista) che avr\u00e0 ottenuto il maggior numero di voti dai visitatori di Arte Fiera sommati ai voti che chiunque potr\u00e0 esprimere, visionando le immagini delle opere in concorso pubblicate sul sito <a style=\"color: #000000;\" href=\"http:\/\/www.gruppoeuromobil.com\">www.gruppoeuromobil.com<\/a>. \u00a0\u00a0\u00a0<\/span><br \/>\n<span style=\"color: #000000;\"> \u00a0<\/span><br \/>\n<span style=\"color: #000000;\"> Alla terza edizione, torna il <strong>Premio della Fondazione Videoinsight<\/strong>\u00ae assegnato da Rebecca Russo, Presidente della Fondazione Videoinsight, la \u00a0cui premiazione si terr\u00e0 sabato 28 gennaio dalle ore 17.30 alle 19, in Sala Melodia al Centro servizi. <\/span><br \/>\n<span style=\"color: #000000;\"> \u00a0<\/span><br \/>\n<span style=\"color: #000000;\"> All\u2019installazione pi\u00f9 creativa presentata ad Arte Fiera 2017 \u00e8 dedicata la sesta edizione del <strong>Premio Rotary Valle del Samoggia<\/strong>, la cui premiazione si svolger\u00e0 sabato 28 gennaio 2017 alle ore 18, presso il Centro Servizi.<\/span><\/p>\n<p><span style=\"color: #000000;\"> Il premio <strong>#ContemporaryYoung<\/strong>, lanciato dai Giovani Imprenditori di Unindustria Bologna, \u00e8 l\u2019iniziativa aperta a tutti gli artisti under 35 presenti ad Arte Fiera 2017 che hanno realizzato un\u2019opera dedicata al tema <em>Art is Work &#8211; Is Work Art? L\u2019Arte \u00e8 Lavoro &#8211; il Lavoro \u00e8 Arte?<\/em>. Il premio \u00e8 rappresentato dall\u2019acquisto dell\u2019opera vincitrice che entrer\u00e0 a far parte della collezione dei Giovani Imprenditori di Unindustria Bologna. Il vincitore verr\u00e0 proclamato venerd\u00ec pomeriggio alle ore 17.30 presso la sala Ouverture, Blocco D del Centro Servizi.<\/span><\/p>\n<p><span style=\"color: #000000;\"> <strong>ART CITY Bologna<br \/>\n<\/strong>Accanto all\u2019offerta espositiva di Arte Fiera 2017, <strong>da venerd\u00ec 27 a domenica 29 gennaio<\/strong> la citt\u00e0 torner\u00e0 protagonista per la quinta edizione di <strong>ART CITY Bologna<\/strong>, il programma di mostre, eventi e iniziative culturali nato dalla collaborazione tra Comune di Bologna e BolognaFiere per offrire nuove opportunit\u00e0 di scoperta e conoscenza del patrimonio artistico diffuso attraverso la contaminazione con il contemporaneo. <\/span><br \/>\n<span style=\"color: #000000;\"> Nel 2017 ART CITY Bologna innova la propria formula progettuale con la nuova sezione <strong>ART CITY <\/strong>intitolata<strong> Polis<\/strong>, coordinata dalla Istituzione Bologna Musei, sostenuta e proposta da Arte Fiera con l&#8217;intento di promuovere rassegne e interventi di artisti contemporanei specificamente concepiti in dialogo con le caratteristiche peculiari degli spazi espositivi e dei luoghi storici in cui si inseriscono. Ne sono parte mostre ed eventi che si interrogano a vario titolo sui temi della convivenza, della nuova identit\u00e0 delle citt\u00e0 italiane, della necessit\u00e0 di concepire, anche attraverso l&#8217;arte, una nuova sensibilit\u00e0 civica. <\/span><br \/>\n<span style=\"color: #000000;\"> Le iniziative di ART CITY Polis si terranno in Fiera e in Citt\u00e0, attivando cos\u00ec un dialogo ancora pi\u00f9 serrato. Tra le iniziative in programma ricordiamo in Fiera <strong>l&#8217;esposizione fotografica<\/strong> <strong>Genda<\/strong>, in collaborazione con il Master in fotografia dell&#8217;universit\u00e0 IUAV di Venezia; presso il Museo Civico Archeologico \u2013 Istituzione Bologna Musei <strong>la mostra di film<\/strong> che rivisitano l&#8217;identit\u00e0 nazionale \u00a0<strong>Viva l&#8217;Italia <\/strong>a cura di<strong> Mark Nash; <\/strong>nei musei scientifici della citt\u00e0, al museo MAMbo e in fiera il programma <strong>Special Projects: Time Specific Artist Lectures, Site Specific Artist Lectures<\/strong> a cura di <strong>Chiara Vecchiarelli<\/strong>; la rassegna di video documentari <strong>Corpo Sensibile<\/strong> di giovani artisti italiani a cura di <strong>Marco Bertozzi<\/strong>. <\/span><br \/>\n<span style=\"color: #000000;\"> Numerose altre iniziative saranno proposte dai musei cittadini e da soggetti privati quali l&#8217;Opificio Golinelli e il MAST.<\/span><br \/>\n<span style=\"color: #000000;\"> Come di consueto, inoltre, in occasione di ART CITY Bologna le energie creative di istituzioni, enti pubblici e operatori culturali sono coordinate in un virtuoso sistema di rete integrata che anima una programmazione culturale di alto profilo qualitativo. \u00c8 confermata la prioritaria attenzione verso l&#8217;accessibilit\u00e0 ai luoghi di ART CITY Bologna attraverso la linea del trasporto pubblico locale ART CITY Bus, la guida tascabile ART CITY Map con le informazioni utili sugli eventi in programma, e l&#8217;ampliamento degli orari di apertura. Per favorire un avvicinamento ai linguaggi dell&#8217;arte contemporanea da parte di pubblici eterogenei saranno inoltre disponibili strumenti di mediazione come la diffusione di materiali informativi, servizi di prima accoglienza e orientamento divulgativo a cura di operatori didattici e attivit\u00e0 di edutainment rivolte ai bambini con il programma ART CITY Children. <\/span><br \/>\n<span style=\"color: #000000;\"> S<strong>abato 28 gennaio<\/strong> torna l\u2019<strong>Art City White Night<\/strong>, la Notte bianca dell\u2019Arte con centinaia di iniziative e migliaia di visitatori in citt\u00e0 per una notte dedicata all\u2019arte unica in Italia. <\/span><br \/>\n<span style=\"color: #000000;\"> Il programma completo degli eventi \u00e8 disponibile sui siti web <a style=\"color: #000000;\" href=\"http:\/\/www.bolognagendacultura.it\">www.bolognagendacultura.it<\/a> e <a style=\"color: #000000;\" href=\"http:\/\/www.artefiera.it\">www.artefiera.it<\/a>.<\/span><br \/>\n<span style=\"color: #000000;\"> <strong><br \/>\nVIVA L\u2019ITALIA a cura di Mark Nash<br \/>\n<\/strong>Una rassegna cinematografica al Museo Civico Archeologico \u2013 Istituzione Bologna Musei: una serie di proiezioni di lungometraggi che fanno riferimento all\u2019\u201cItalia\u201d, come a una sorta di significante all&#8217;interno di una cornice psico-geografica. <\/span><br \/>\n<span style=\"color: #000000;\"> I film selezionati presentano e criticano in particolare mitologie in cui si manifesta l&#8217;\u201cItalia\u201d. Non l&#8217;Italia da unificare in fretta di <em>Viva L\u2019Italia<\/em> di Roberto Rossellini (1961), ma l&#8217;Italia della fine degli anni &#8217;60 e dell&#8217;inizio degli anni &#8217;70 di Bertolucci, Pasolini e altri, quando gli eventi di Parigi del 1968 erano ancora molto attuali. Questi film affrontano i conflitti politici, sociali e personali con un approccio inedito. <\/span><br \/>\n<span style=\"color: #000000;\"> \u00a0<\/span><br \/>\n<span style=\"color: #000000;\"> <strong>SPECIAL PROJECTS: TIME SPECIFIC ARTIST LECTURES, SITE SPECIFIC ARTIST LECTURES<br \/>\na cura di Chiara Vechiarelli<br \/>\n<\/strong>Il programma <em>Time Specific Artist Lectures, Site Specific Artist Lectures <\/em>porta l&#8217;esperienza dell&#8217;<em>artist lecture<\/em> a Bologna, presentando una serie di performance articolate <em>Time Specific Artist Lectures<\/em>, ovvero performance specifiche al tempo, che giocano sul rapporto tra il contemporaneo e la storia dell&#8217;arte e <em>Site Specific Artist Lectures<\/em>, performance specifiche al luogo che entrano in dialogo con le collezioni, i luoghi e i dispositivi di organizzazione del sapere dei musei scientifici della citt\u00e0 per cercare, e in ultima istanza rendere tangibile, il punto di indecidibilit\u00e0 tra discorso e immagine.<strong><\/p>\n<p>CORPO SENSIBILE a cura di Marco Bertozzi<br \/>\n<\/strong>Una rassegna di giovani artisti italiani: un focus sulle forme al confine fra video-arte e cinema documentario. Corpo sensibile mira anche a ricomporre un campo generazionale comune. Gli artisti proposti \u2013 dopo un eterogeneo periodo di formazione in Italia \u2013 sono trentenni che stanno vivendo una dimensione internazionale, segnata da residenze e collaborazioni capaci di ibridare poetiche e linguaggi dell\u2019arte contemporanea: per partecipare, indistintamente, a festival di cinema o a momenti espositivi in musei o gallerie, nei pi\u00f9 classici canali distributivi dell\u2019arte visiva. <\/span><br \/>\n<span style=\"color: #000000;\"> <strong><br \/>\nRAI &#8211; MAIN MEDIA PARTENRSHIP<br \/>\n<\/strong>La La Rai rinnova la Media Partnership con Arte Fiera, forte dei risultati per la collaborazione avviata nel 2015 e proseguita lo scorso anno. Rai News 24, Radio 1 e Radio 3 seguiranno la manifestazione con le loro redazioni con dirette ed approfondimenti. <\/span><br \/>\n<span style=\"color: #000000;\"> <strong><br \/>\nLa Collectors\u2019 Lounge di Arte Fiera con Artprice.com<br \/>\n<\/strong>Rinnovata per il terzo anno consecutivo la media partnership con Artprice.com che gestisce la \u2018Collectors\u2019 Lounge\u2019, uno spazio pensato per dare risposte concrete e immediate alle domande complesse e sempre pi\u00f9 specifiche dei molti collezionisti internazionali presenti ad Arte Fiera. <\/span><br \/>\n<span style=\"color: #000000;\"> Tramite postazioni con accesso alla banca dati di Artprice.com, i collezionisti potranno confrontarsi con le istanze del mercato internazionale dell\u2019arte in continua crescita. Grazie al supporto messo a disposizione da Artprice.com, i collezionisti avranno libero accesso a dati e informazioni, quotazioni degli artisti presenti in fiera, valore e oscillazioni di prezzo di specifiche opere e strumenti di supporto decisionale sotto forma di grafici e analisi del mercato degli artisti. I Personal Curator presenti creeranno, su richiesta, percorsi di visita personalizzati, selezionati in base alle preferenze del visitatore.<\/span><\/p>\n<p><span style=\"color: #000000;\"> <strong>SPONSOR E PARTNER<br \/>\n<\/strong>Main sponsor dell\u2019edizione 2017 di Arte Fiera \u00e8 il <strong>Gruppo Euromobil<\/strong> con le associate <em>Zalf<\/em><em>, Euromobil <\/em>e <em>D\u00e9sir\u00e9e<\/em>. <\/span><br \/>\n<span style=\"color: #000000;\"> Partner del Collectors Programme \u00e8 <strong>Intesa Sanpaolo Private Banking<\/strong>. <\/span><br \/>\n<span style=\"color: #000000;\"> Official car \u00e8 <strong>Citro\u00ebn<\/strong>, <strong>Autopi\u00f9<\/strong>. <\/span><br \/>\n<span style=\"color: #000000;\"> <strong>Leucos<\/strong> \u00e8 partner tecnico del bookshop Printville.<\/span><br \/>\n<span style=\"color: #000000;\"> \u00a0<\/span><br \/>\n<span style=\"color: #000000;\"> <strong>INFO E PRENOTAZIONI<br \/>\n<\/strong>tel. +39 051 282111<\/span><br \/>\n<span style=\"color: #000000;\"> \u00a0<\/span><br \/>\n<span style=\"color: #000000;\"> <strong>PREVIEW AD INVITI<br \/>\n<\/strong>giovedi 26 gennaio dalle 12 alle 21<\/span><br \/>\n<span style=\"color: #000000;\"> \u00a0<\/span><br \/>\n<span style=\"color: #000000;\"> <strong>ORARI<br \/>\n<\/strong>da venerd\u00ec 27 a domenica 29 dalle 11 alle 19<\/span><br \/>\n<span style=\"color: #000000;\"> luned\u00ec 30 gennaio dalle 11 alle 17<\/span><br \/>\n<span style=\"color: #000000;\"> \u00a0<\/span><br \/>\n<span style=\"color: #000000;\"> <strong>INGRESSO<br \/>\n<\/strong>Ovest Costituzione<\/span><br \/>\n<span style=\"color: #000000;\"> \u00a0<\/span><br \/>\n<span style=\"color: #000000;\"> <strong>DIGITAL KIT ARTEFIERA 2017<br \/>\nWebsite: <\/strong><a style=\"color: #000000;\" href=\"http:\/\/www.artefiera.it\">www.artefiera.it<\/a> <\/span><br \/>\n<span style=\"color: #000000;\"> <strong>Facebook.com <\/strong>\/artefiera <strong>Twitter.com <\/strong>\/artefiera<strong> Instagram <\/strong>\/artefiera_bologna<\/span><br \/>\n<span style=\"color: #000000;\"> <strong>YouTube <\/strong>\/<a style=\"color: #000000;\" href=\"http:\/\/bit.ly\/11qM4ni\">http:\/\/bit.ly\/11qM4ni<\/a> <\/span><br \/>\n<span style=\"color: #000000;\"> <strong>hashtag<\/strong> ufficiale di manifestazione: <\/span><strong><span style=\"color: #000000;\">#artefiera<\/span><\/p>\n<p><\/strong><\/p>\n<p>&nbsp;<\/p>\n<p>Comunicato stampa<\/p>\n","protected":false},"excerpt":{"rendered":"<p>DIRETTA DA ANGELA VETTESE, TANTE LE NOVITA&rsquo; DELLA 41ESIMA EDIZIONE &nbsp;MAIN SECTION, SOLO SHOW, NUEVA VISTA, FOTOGRAFIA E SPECIAL PROJECTS RASSEGNE CURATORIALI PER ART CITY POLIS &ndash; 178 espositori totali, 153 le gallerie: &nbsp;qualit&agrave; del progetto espositivo, sezioni curatoriali, sguardo ai nuovi mercati Bologna &ndash; Al via, dal 27 al 30 gennaio 2017, la pi&ugrave; importante kermesse di arte moderna e contemporanea d&rsquo;Italia nei padiglioni di BolognaFiere: Arte Fiera inaugura la 41esima edizione con la nuova direzione artistica di Angela Vettese. Sono 178 gli espositori complessivi di cui 153 gallerie e 25 fra editori, librerie, istituzioni e periodici d&rsquo;arte. Curatela e mercato le parole chiave dell&rsquo;edizione 2017 con una selezione delle gallerie che punta sulla qualit&agrave;, ma non solo: attenzione alla coerenza del &nbsp;progetto espositivo e a nuove realt&agrave; artistiche che si affacciano sul mercato; interesse curatoriale dei progetti presentati e sguardo attento alle produzioni indipendenti. Nuova anche la veste grafica, affidata ad Andrea Lancellotti dello Studio Lancellotti, che mette in evidenza ci&ograve; che da sempre contraddistingue il fare artistico: da un lato la natura nelle sue molteplici forme, dall&rsquo;altro la capacit&agrave; umana di circoscriverla e ripensarla, accettandone con flessibilit&agrave; mentale anche i lati pi&ugrave; perturbanti. LE SEZIONI Arte Fiera [&hellip;]<\/p>\n","protected":false},"author":1,"featured_media":15717,"comment_status":"open","ping_status":"open","sticky":false,"template":"","format":"standard","meta":{"rop_custom_images_group":[],"rop_custom_messages_group":[],"rop_publish_now":"initial","rop_publish_now_accounts":[],"rop_publish_now_history":[],"rop_publish_now_status":"pending","footnotes":""},"categories":[16],"tags":[2178,2179,183,262],"class_list":["post-15715","post","type-post","status-publish","format-standard","has-post-thumbnail","hentry","category-articolo","tag-2178","tag-angela-vettese","tag-arte-fiera","tag-bologna"],"_links":{"self":[{"href":"https:\/\/www.nonsolomodanews.it\/wordpress\/wp-json\/wp\/v2\/posts\/15715","targetHints":{"allow":["GET"]}}],"collection":[{"href":"https:\/\/www.nonsolomodanews.it\/wordpress\/wp-json\/wp\/v2\/posts"}],"about":[{"href":"https:\/\/www.nonsolomodanews.it\/wordpress\/wp-json\/wp\/v2\/types\/post"}],"author":[{"embeddable":true,"href":"https:\/\/www.nonsolomodanews.it\/wordpress\/wp-json\/wp\/v2\/users\/1"}],"replies":[{"embeddable":true,"href":"https:\/\/www.nonsolomodanews.it\/wordpress\/wp-json\/wp\/v2\/comments?post=15715"}],"version-history":[{"count":1,"href":"https:\/\/www.nonsolomodanews.it\/wordpress\/wp-json\/wp\/v2\/posts\/15715\/revisions"}],"predecessor-version":[{"id":15718,"href":"https:\/\/www.nonsolomodanews.it\/wordpress\/wp-json\/wp\/v2\/posts\/15715\/revisions\/15718"}],"wp:featuredmedia":[{"embeddable":true,"href":"https:\/\/www.nonsolomodanews.it\/wordpress\/wp-json\/wp\/v2\/media\/15717"}],"wp:attachment":[{"href":"https:\/\/www.nonsolomodanews.it\/wordpress\/wp-json\/wp\/v2\/media?parent=15715"}],"wp:term":[{"taxonomy":"category","embeddable":true,"href":"https:\/\/www.nonsolomodanews.it\/wordpress\/wp-json\/wp\/v2\/categories?post=15715"},{"taxonomy":"post_tag","embeddable":true,"href":"https:\/\/www.nonsolomodanews.it\/wordpress\/wp-json\/wp\/v2\/tags?post=15715"}],"curies":[{"name":"wp","href":"https:\/\/api.w.org\/{rel}","templated":true}]}}