{"id":15536,"date":"2016-11-28T22:40:17","date_gmt":"2016-11-28T22:40:17","guid":{"rendered":"http:\/\/www.nonsolomodanews.it\/wordpress\/?p=15536"},"modified":"2016-11-28T22:40:17","modified_gmt":"2016-11-28T22:40:17","slug":"maria-iuliano-dalle-palestre-alle-passerelle-il-passo-e-breve","status":"publish","type":"post","link":"https:\/\/www.nonsolomodanews.it\/wordpress\/maria-iuliano-dalle-palestre-alle-passerelle-il-passo-e-breve\/","title":{"rendered":"Maria Iuliano, dalle palestre alle passerelle il passo \u00e8 breve&#8230;"},"content":{"rendered":"<div id=\"attachment_15530\" style=\"width: 272px\" class=\"wp-caption alignleft\"><a href=\"http:\/\/www.nonsolomodanews.it\/wordpress\/wp-content\/uploads\/2016\/11\/IMG_4417-1.jpg\"><img loading=\"lazy\" decoding=\"async\" aria-describedby=\"caption-attachment-15530\" class=\"size-medium wp-image-15530\" src=\"http:\/\/www.nonsolomodanews.it\/wordpress\/wp-content\/uploads\/2016\/11\/IMG_4417-1-262x300.jpg\" alt=\"Maria Iuliano\" width=\"262\" height=\"300\" srcset=\"https:\/\/www.nonsolomodanews.it\/wordpress\/wp-content\/uploads\/2016\/11\/IMG_4417-1-262x300.jpg 262w, https:\/\/www.nonsolomodanews.it\/wordpress\/wp-content\/uploads\/2016\/11\/IMG_4417-1-768x879.jpg 768w, https:\/\/www.nonsolomodanews.it\/wordpress\/wp-content\/uploads\/2016\/11\/IMG_4417-1.jpg 839w\" sizes=\"auto, (max-width: 262px) 100vw, 262px\" \/><\/a><p id=\"caption-attachment-15530\" class=\"wp-caption-text\">Maria Iuliano<\/p><\/div>\n<p style=\"text-align: justify;\"><span style=\"color: #000000;\"><strong>Nonsolomodanews<\/strong> ha il piacere di presentare ai propri lettori <strong>Maria Iuliano<\/strong>. Maria \u00e8 una giovanissima aspirante fotomodella che non disdegna le passerelle. Sportiva in tutti i sensi, dal campo alla tribuna (Montemario diremmo noi, essendo tifosa romanista) si considera una ragazza determinata che sta studiando mediazione linguistica all&#8217;universit\u00e0. Le piace il mondo del giornalismo e vorrebbe diventare una giornalista sportiva ma ha altri sogni nel cassetto. Ringraziamo Maria e auguriamo ai nostri lettori buon lettura.\u00a0<\/span><\/p>\n<p style=\"text-align: justify;\"><span style=\"color: #000000;\"><strong>Ciao Maria, benvenuta su Nonsolomodanews, ti vuoi presentare? \u00a0<\/strong><em>&#8220;Ciao a tutti! Mi chiamo Maria e ho 20 anni. Sono nata a Soveria Mannelli, in provincia di Catanzaro, ma ho sempre vissuto a Roma. Le mie misure sono: seno 90, vita 64, fianchi 85. Ho i capelli biondi e di media lunghezza e gli occhi marroni&#8221;<\/em><\/span><\/p>\n<p style=\"text-align: justify;\"><span style=\"color: #000000;\"><strong>Come sei di carattere? <\/strong><em>&#8220;Sono sempre stata una persona molto timida all\u2019inizio, ma una volta rotto il ghiaccio posso dire di essere l\u2019esatto contrario. Mi considero una persona molto determinata, che fa di tutto pur di arrivare all\u2019obiettivo prefissato. Non mi arrendo davanti agli ostacoli, cerco sempre il modo di superarli e di andare avanti, anche se a volte risulta difficile\u2026 Ma non impossibile&#8221;.<\/em><\/span><\/p>\n<p style=\"text-align: justify;\"><span style=\"color: #000000;\"><strong>Sei una persona determinata? <\/strong><em>&#8220;S\u00ec, come ho appena dichiarato, sono una persona molto determinata. Questo lo devo soprattutto alla mia attivit\u00e0 sportiva, la ginnastica artistica, che pratico da circa ben dieci anni&#8221;.<\/em><\/span><\/p>\n<p style=\"text-align: justify;\"><span style=\"color: #000000;\"><strong>Sappiamo che hai fatto ginnastica a livello agonistico, se lo consideriamo un hobby, quali sono altri interessi che hai? <\/strong><em>&#8220;Oltre ad allenarmi in palestra, amo andare a correre, meglio se in compagnia. Mi piace leggere, scrivere e cimentarmi nelle traduzioni di testi in lingua straniera&#8221;.<\/em><\/span><\/p>\n<p style=\"text-align: justify;\"><span style=\"color: #000000;\"><strong>In una scala da 1 a 10 qual \u00e8 il valore che dai alla cura del corpo? <\/strong><em>&#8220;Credo che sia piuttosto importante curare la propria immagine, \u00e8 pur sempre un biglietto da visita. Numericamente parlando, direi 9&#8221;.<\/em><\/span><\/p>\n<p style=\"text-align: justify;\"><span style=\"color: #000000;\"><strong>Tu stai studiando russo e tedesco alla facolt\u00e0 di mediazione linguistica all&#8217;universit\u00e0, cosa vorresti fare come attivit\u00e0 professionale da grande? <\/strong><em>&#8220;Ho diverse prospettive per il futuro. Mi piacerebbe molto intraprendere la carriera di interprete, per poter poi lavorare in ambito internazionale. Il mio sogno nel cassetto \u00e8 quello di diventare giornalista sportiva. Amo lo sport, in particolar modo il calcio (oltre alla ginnastica, ovviamente). La mia fede calcistica? Sono romanista&#8221;.<\/em><\/span><\/p>\n<p style=\"text-align: justify;\"><span style=\"color: #000000;\"><strong>Pensi che le lingue siano importanti a livello lavorativo? <\/strong><em>&#8220;Assolutamente s\u00ec. Fanno curriculum e danno una marcia in pi\u00f9. Con la globalizzazione oggi \u00e8 sempre pi\u00f9 importante saper parlare correttamente almeno una lingua straniera. L\u2019inglese \u00e8 sicuramente quella pi\u00f9 gettonata, ma negli ultimi tempi hanno preso piede anche il tedesco e il russo&#8221;.<\/em><\/span><\/p>\n<p style=\"text-align: justify;\"><span style=\"color: #000000;\"><strong>Colore preferito? <\/strong><em>&#8220;Turchese&#8221;.<\/em><\/span><\/p>\n<p style=\"text-align: justify;\"><span style=\"color: #000000;\"><strong>Qual \u00e8 il tuo rapporto con il cibo? <\/strong><em>&#8220;Cerco sempre di condurre un\u2019alimentazione corretta ed equilibrata, dal momento che pratico attivit\u00e0 agonistica. E\u2019 importante bere tanta acqua (almeno due litri al giorno) e mangiare tanta frutta e verdura. Ogni tanto, anche una volta a settimana, \u00e8 bene concedersi qualche piccolo sgarro&#8221;.<\/em><\/span><\/p>\n<p style=\"text-align: justify;\"><span style=\"color: #000000;\"><strong>Piatto preferito? <\/strong><em>&#8220;Pasta alla carbonara&#8221;.<\/em><\/span><\/p>\n<p style=\"text-align: justify;\"><span style=\"color: #000000;\"><strong>Quale musica ascolti? <\/strong><em>&#8220;Ascolto un po\u2019 di tutto, ma tra tutti i generi preferisco di gran lunga la musica rock&#8221;.<\/em><\/span><\/p>\n<p style=\"text-align: justify;\"><span style=\"color: #000000;\"><strong>Quando hai iniziato a posare, ti ricordi la prima volta? <\/strong><em>&#8220;Ho iniziato la mia esperienza da modella solo pochi mesi fa. Ho partecipato alle selezioni di Miss Italia e sono stata contattata da alcuni fotografi. Ricordo bene la prima volta che ho posato: all&#8217;inizio\u00a0ero impacciata e non sapevo cosa fare, avevo paura di sembrare un manichino senza espressione. Dopo i primi scatti, per\u00f2, mi sono lasciata andare\u2026 E devo dire che il risultato \u00e8 andato oltre le mie aspettative! &#8220;.<\/em><\/span><\/p>\n<p style=\"text-align: justify;\"><span style=\"color: #000000;\"><strong>Tu hai partecipato alle selezioni provinciali di Miss Italia. Quali sensazioni hai provato la prima volta che hai calcato la passerella? <\/strong><em>&#8220;Prima di allora non avevo mai sfilato davanti a tanta gente e la cosa mi metteva molta ansia. La prima volta infatti non and\u00f2 molto bene, davo l\u2019impressione di essere insicura, ma feci tesoro di quell&#8217;esperienza. Alla seguente selezione provinciale, invece, accadde l\u2019esatto contrario: ero molto pi\u00f9 determinata. Ci\u00f2 mi port\u00f2 a vincere una fascia, pass per le finali regionali del concorso. Purtroppo non sono riuscita a portare a casa uno dei titoli che mi avrebbe permesso di partecipare alle fasi finali a Jesolo. Penso, per\u00f2, che sia stata un\u2019esperienza che mi ha aiutata moltissimo e ha inciso molto anche dal punto di vista caratteriale. Come disse Miriam Leone in una recente intervista &lt;&lt; Miss Italia \u00e8 come un diamante, \u00e8 per sempre &gt;&gt;&#8221;.<\/em><\/span><\/p>\n<p style=\"text-align: justify;\"><span style=\"color: #000000;\"><strong>Pensi che fare la fotomodella sia il lavoro della vita o stai pensando ad un piano B? <\/strong><em>&#8220;Fare la fotomodella comporta molti sacrifici e anche molta fortuna. Eh s\u00ec, per riuscire a diventare qualcuno c\u2019\u00e8 bisogno anche di quella. E\u2019 giusto, a prescindere da qualsiasi tipo di percorso, prepararsi un\u2019alternativa. Al momento ne ho diverse&#8221;.<\/em><\/span><\/p>\n<p style=\"text-align: justify;\"><span style=\"color: #000000;\"><strong>Se ti parlo di Moda, che cosa \u00e8 per te il fashion? <\/strong><em>&#8220;E\u2019 espressione della propria personalit\u00e0, di se stessi. Quando si indossa qualcosa bisogna sentirsi a proprio agio. Ognuno di noi ha un proprio stile che lo contraddistingue dagli altri e dalla massa&#8221;.<\/em><\/span><\/p>\n<p style=\"text-align: justify;\"><span style=\"color: #000000;\"><strong>La segui o hai un tuo guardaroba personale?\u00a0<\/strong><em>&#8220;Sono spesso aggiornata sulle tendenze del momento, alcune mi piacciono e cerco di integrarle nel mio stile e nel mio modo di essere, perch\u00e9 mi rispecchiano, altre no. Amo sbizzarrirmi con gli abbinamenti, in particolar modo con gli accessori. Sono capaci di cambiare moltissimo un outfit&#8221;.<\/em><\/span><\/p>\n<p style=\"text-align: justify;\"><span style=\"color: #000000;\"><strong>Hai un fashion designer preferito? <\/strong><em>&#8220;Giorgio Armani e Valentino&#8221;.<\/em><\/span><\/p>\n<p style=\"text-align: justify;\"><span style=\"color: #000000;\"><strong>Qual \u00e8 il capo di vestiario che ami di pi\u00f9 e quello di meno? <\/strong><em>&#8220;Non amo molto le tute, odio metterle persino per andare in palestra. Tra tutti i capi d\u2019abbigliamento preferisco i jeans, possibilmente aderenti&#8221;.<\/em><\/span><\/p>\n<p style=\"text-align: justify;\"><span style=\"color: #000000;\"><strong>Scarpe basse o tacchi?<\/strong> <em>&#8220;Direi entrambe. Sono amante delle Converse, ma anche i tacchi non mi dispiacciano&#8221;.<\/em><\/span><\/p>\n<p style=\"text-align: justify;\"><span style=\"color: #000000;\"><strong>Un accessorio che non manca mai quando esci da casa? <\/strong><em>&#8220;Sicuramente la mia borsa e il mio orologio&#8221;.<\/em><\/span><\/p>\n<p style=\"text-align: justify;\"><span style=\"color: #000000;\"><strong>Ti piace viaggiare o sei una sedentaria? <\/strong><em>&#8220;Studio lingue, mi piace conoscere nuove culture. Qual \u00e8 il miglior modo, se non quello di viaggiare?&#8221;.<\/em><\/span><\/p>\n<p style=\"text-align: justify;\"><span style=\"color: #000000;\"><strong>Quale sarebbe la tua citt\u00e0 ideale per vivere? <\/strong><em>&#8220;Vienna&#8221;.<\/em><\/span><\/p>\n<p style=\"text-align: justify;\"><span style=\"color: #000000;\"><strong>Domanda personale. Se ti dico amore, tu che cosa mi rispondi? <\/strong><em>&#8220;Fiducia, felicit\u00e0 e libert\u00e0&#8221;.<\/em><\/span><\/p>\n<p style=\"text-align: justify;\"><span style=\"color: #000000;\"><strong>Ultima domanda, sogno nel cassetto che una ragazza di 20 anni desidera realizzare?<\/strong> <em>&#8220;Lavorare nel mondo dello spettacolo, magari come conduttrice di un progra<\/em>mma <em>televisivo&#8221;.<\/em><\/span><\/p>\n<p style=\"text-align: center;\">Le fotografie sono state fornite da Maria Iuliano. I crediti appartengono\u00a0ai relativi fotografi<br \/>\nTutti i diritti riservati \u00a9 2016 \u2013 Email: nonsolomodanews@gmail.com<\/p>\n<style id=\"bwg-style-0\">      #bwg_container1_0 #bwg_container2_0 #bwg_mosaic_thumbnails_div_0 {        width: 100%;        position: relative;        background-color: rgba(255, 255, 255, 0.00);        text-align: center;        justify-content: center;                  margin-left: auto;          margin-right: auto;                    padding-left: 4px;          padding-top: 4px;                }          #bwg_container1_0 #bwg_container2_0 .bwg_mosaic_thumb_spun_0 {        display: block;        position: absolute;\t\t\t\tborder-radius: 0;\t\t\t\tborder: 0px none #CCCCCC;    \t\t    \t\tbackground-color:rgba(0,0,0, 0.30);        -moz-box-sizing: content-box !important;        -webkit-box-sizing: content-box !important;        box-sizing: content-box !important;      }\t\t\t#bwg_container1_0 #bwg_container2_0 .bwg_mosaic_thumb_0 {\t\t\t\tdisplay: block;\t\t\t\t-moz-box-sizing: content-box !important;\t\t\t\t-webkit-box-sizing: content-box !important;\t\t\t\tbox-sizing: content-box !important;\t\t\t\tmargin: 0;\t\t\t\topacity: 1.00;\t\t\t}      #bwg_container1_0 #bwg_container2_0 .bwg_mosaic_thumb_spun_0:hover {        opacity: 1;        backface-visibility: hidden;        -webkit-backface-visibility: hidden;        -moz-backface-visibility: hidden;        -ms-backface-visibility: hidden;        z-index: 102;      }\t      @media only screen and (min-width: 480px) {        #bwg_container1_0 #bwg_container2_0 .bwg_mosaic_thumb_spun_0:hover {          transform: scale(1.1);          -ms-transform: scale(1.1);          -webkit-transform: scale(1.1);        }      }\t      #bwg_container1_0 #bwg_container2_0 .bwg_mosaic_thumbnails_0 {        background-color: rgba(255, 255, 255, 0.00);        font-size: 0;        position: relative;        text-align: center;        display: inline-block;        visibility: hidden;              }\t  \/*image title styles*\/      #bwg_container1_0 #bwg_container2_0 .bwg_mosaic_title_spun1_0,      #bwg_container1_0 #bwg_container2_0 .bwg-mosaic-thumbnails .bwg_ecommerce_spun1_0 {        position: absolute;        display: block;        opacity: 0;        box-sizing: border-box;        text-align: center;\t\t\t\ttop: 50%;\t\t\t\tleft: 50%;\t\t\t\ttransform: translate(-50%, -50%);      }      #bwg_container1_0 #bwg_container2_0 .bwg-mosaic-thumbnails .bwg_mosaic_title_spun2_0,      #bwg_container1_0 #bwg_container2_0 .bwg-mosaic-thumbnails .bwg_ecommerce_spun2_0 {\t\t    color: #CCCCCC;        font-family: segoe ui;        font-size: 16px;        font-weight: bold;        text-shadow: 0px 0px 0px #888888;        vertical-align: middle;        word-wrap: break-word;      }            .bwg_mosaic_play_icon_spun_0 {        display: table;        position: absolute;        left: -10000px;        top: 0px;        opacity: 0;      }      .bwg_mosaic_play_icon_0 {        color: #CCCCCC;        font-size: 32px;        vertical-align: middle;        display: table-cell !important;        z-index: 1;        text-align: center;        margin: 0 auto;      }      #bwg_container1_0 #bwg_container2_0 .bwg_gal_title_0 {        background-color: rgba(0, 0, 0, 0);        color: #323A45;        display: block;        font-family: Ubuntu;        font-size: 16px;        font-weight: bold;        padding: 2px;        text-shadow: ;        text-align: center;      }            @media screen and (max-width: 280px) {      div[class^=\"bwg_mosaic_thumbnails_\"],      span[class^=\"bwg_mosaic_thumb_spun_\"] {      width: 100% !important;      }      img[class^=\"bwg_mosaic_thumb_\"] {      width: 100% !important;      height: auto !important;      margin: 0px auto !important;      }      }      <\/style>    <div id=\"bwg_container1_0\"         class=\"bwg_container bwg_thumbnail bwg_thumbnails_mosaic \"         data-right-click-protection=\"0\"         data-bwg=\"0\"         data-scroll=\"0\"         data-gallery-type=\"thumbnails_mosaic\"         data-gallery-view-type=\"thumbnails_mosaic\"         data-current-url=\"\/wordpress\/wp-json\/wp\/v2\/posts\/15536\"         data-lightbox-url=\"https:\/\/www.nonsolomodanews.it\/wordpress\/wp-admin\/admin-ajax.php?action=GalleryBox&#038;current_view=0&#038;gallery_id=181&#038;tag=0&#038;theme_id=1&#038;shortcode_id=176&#038;sort_by=order&#038;order_by=asc&#038;current_url=%2Fwordpress%2Fwp-json%2Fwp%2Fv2%2Fposts%2F15536\"         data-gallery-id=\"181\"         data-popup-width=\"800\"         data-popup-height=\"500\"         data-is-album=\"gallery\"         data-buttons-position=\"bottom\">      <div id=\"bwg_container2_0\">             <div id=\"ajax_loading_0\" class=\"bwg_loading_div_1\">      <div class=\"bwg_loading_div_2\">        <div class=\"bwg_loading_div_3\">          <div id=\"loading_div_0\" class=\"bwg_spider_ajax_loading\">          <\/div>        <\/div>      <\/div>    <\/div>            <form id=\"gal_front_form_0\"              class=\"bwg-hidden\"              method=\"post\"              action=\"#\"              data-current=\"0\"              data-shortcode-id=\"176\"              data-gallery-type=\"thumbnails_mosaic\"              data-gallery-id=\"181\"              data-tag=\"0\"              data-album-id=\"0\"              data-theme-id=\"1\"              data-ajax-url=\"https:\/\/www.nonsolomodanews.it\/wordpress\/wp-admin\/admin-ajax.php?action=bwg_frontend_data\">          <div id=\"bwg_container3_0\" class=\"bwg-background bwg-background-0\">                <div id=\"bwg_mosaic_thumbnails_div_0\"         class=\"bwg-container-0 bwg-container bwg-mosaic-thumbnails\"         data-bwg=\"0\"         data-mosaic-direction=\"vertical\"         data-resizable=\"0\"         data-width=\"180\"         data-height=\"90\"         data-total-width=\"100\"         data-block-id=\"bwg_thumbnails_mosaic_0\"         data-thumb-padding=\"4\"         data-thumb-border=\"0\"         data-title-margin=\"2px\"         data-image-title=\"none\"         data-play-icon=\"1\"         data-ecommerce-icon=\"none\"         data-gallery-id=\"181\"         data-lightbox-url=\"https:\/\/www.nonsolomodanews.it\/wordpress\/wp-admin\/admin-ajax.php?action=GalleryBox&#038;current_view=0&#038;gallery_id=181&#038;tag=0&#038;theme_id=1&#038;shortcode_id=176&#038;sort_by=order&#038;order_by=asc&#038;current_url=%2Fwordpress%2Fwp-json%2Fwp%2Fv2%2Fposts%2F15536\"         data-mosaic-thumb-transition=\"1\"         style=\"visibility: hidden\" >      <div id=\"bwg_thumbnails_mosaic_0\" class=\"bwg_mosaic_thumbnails_0\">                  <a class=\"bwg-a\" >          <div class=\"bwg_mosaic_thumb_spun_0 bwg-item0 bwg-mosaic-thumb-span \">            <img decoding=\"async\" class=\"bwg_mosaic_thumb_0 skip-lazy bwg_img_clear bwg_img_custom \"                 id=\"15946\"                 src=\"https:\/\/www.nonsolomodanews.it\/wordpress\/wp-content\/uploads\/photo-gallery\/Maria%20Iuliano\/thumb\/IMG_4714.jpg?bwg=1624548760\"                 data-src=\"https:\/\/www.nonsolomodanews.it\/wordpress\/wp-content\/uploads\/photo-gallery\/Maria%20Iuliano\/thumb\/IMG_4714.jpg?bwg=1624548760\"                 data-width=\"\"                 data-height=\"\"                 alt=\"Maria Iuliano  Ph Giancarlo Fiori\"                 title=\"Maria Iuliano  Ph Giancarlo Fiori\" \/>                      <\/div>        <\/a>                <a class=\"bwg-a\" >          <div class=\"bwg_mosaic_thumb_spun_0 bwg-item0 bwg-mosaic-thumb-span \">            <img decoding=\"async\" class=\"bwg_mosaic_thumb_0 skip-lazy bwg_img_clear bwg_img_custom \"                 id=\"15945\"                 src=\"https:\/\/www.nonsolomodanews.it\/wordpress\/wp-content\/uploads\/photo-gallery\/Maria%20Iuliano\/thumb\/IMG_4496.JPG?bwg=1624548760\"                 data-src=\"https:\/\/www.nonsolomodanews.it\/wordpress\/wp-content\/uploads\/photo-gallery\/Maria%20Iuliano\/thumb\/IMG_4496.JPG?bwg=1624548760\"                 data-width=\"\"                 data-height=\"\"                 alt=\"Maria Iuliano  Ph Giancarlo Fiori\"                 title=\"Maria Iuliano  Ph Giancarlo Fiori\" \/>                      <\/div>        <\/a>                <a class=\"bwg-a\" >          <div class=\"bwg_mosaic_thumb_spun_0 bwg-item0 bwg-mosaic-thumb-span \">            <img decoding=\"async\" class=\"bwg_mosaic_thumb_0 skip-lazy bwg_img_clear bwg_img_custom \"                 id=\"15944\"                 src=\"https:\/\/www.nonsolomodanews.it\/wordpress\/wp-content\/uploads\/photo-gallery\/Maria%20Iuliano\/thumb\/IMG_4489.JPG?bwg=1624548760\"                 data-src=\"https:\/\/www.nonsolomodanews.it\/wordpress\/wp-content\/uploads\/photo-gallery\/Maria%20Iuliano\/thumb\/IMG_4489.JPG?bwg=1624548760\"                 data-width=\"\"                 data-height=\"\"                 alt=\"Maria Iuliano  Ph Giancarlo Fiori\"                 title=\"Maria Iuliano  Ph Giancarlo Fiori\" \/>                      <\/div>        <\/a>                <a class=\"bwg-a\" >          <div class=\"bwg_mosaic_thumb_spun_0 bwg-item0 bwg-mosaic-thumb-span \">            <img decoding=\"async\" class=\"bwg_mosaic_thumb_0 skip-lazy bwg_img_clear bwg_img_custom \"                 id=\"15943\"                 src=\"https:\/\/www.nonsolomodanews.it\/wordpress\/wp-content\/uploads\/photo-gallery\/Maria%20Iuliano\/thumb\/IMG_4417.jpg?bwg=1624548760\"                 data-src=\"https:\/\/www.nonsolomodanews.it\/wordpress\/wp-content\/uploads\/photo-gallery\/Maria%20Iuliano\/thumb\/IMG_4417.jpg?bwg=1624548760\"                 data-width=\"\"                 data-height=\"\"                 alt=\"Maria Iuliano  Ph Giancarlo Fiori\"                 title=\"Maria Iuliano  Ph Giancarlo Fiori\" \/>                      <\/div>        <\/a>                <a class=\"bwg-a\" >          <div class=\"bwg_mosaic_thumb_spun_0 bwg-item0 bwg-mosaic-thumb-span \">            <img decoding=\"async\" class=\"bwg_mosaic_thumb_0 skip-lazy bwg_img_clear bwg_img_custom \"                 id=\"15942\"                 src=\"https:\/\/www.nonsolomodanews.it\/wordpress\/wp-content\/uploads\/photo-gallery\/Maria%20Iuliano\/thumb\/IMG_4383.JPG?bwg=1624548760\"                 data-src=\"https:\/\/www.nonsolomodanews.it\/wordpress\/wp-content\/uploads\/photo-gallery\/Maria%20Iuliano\/thumb\/IMG_4383.JPG?bwg=1624548760\"                 data-width=\"\"                 data-height=\"\"                 alt=\"Maria Iuliano  Ph Roberto Antonelli\"                 title=\"Maria Iuliano  Ph Roberto Antonelli\" \/>                      <\/div>        <\/a>                <a class=\"bwg-a\" >          <div class=\"bwg_mosaic_thumb_spun_0 bwg-item0 bwg-mosaic-thumb-span \">            <img decoding=\"async\" class=\"bwg_mosaic_thumb_0 skip-lazy bwg_img_clear bwg_img_custom \"                 id=\"15941\"                 src=\"https:\/\/www.nonsolomodanews.it\/wordpress\/wp-content\/uploads\/photo-gallery\/Maria%20Iuliano\/thumb\/AM1X7493.JPG?bwg=1624548760\"                 data-src=\"https:\/\/www.nonsolomodanews.it\/wordpress\/wp-content\/uploads\/photo-gallery\/Maria%20Iuliano\/thumb\/AM1X7493.JPG?bwg=1624548760\"                 data-width=\"\"                 data-height=\"\"                 alt=\"Maria Iuliano  Ph Giancarlo Fiori\"                 title=\"Maria Iuliano  Ph Giancarlo Fiori\" \/>                      <\/div>        <\/a>                <a class=\"bwg-a\" >          <div class=\"bwg_mosaic_thumb_spun_0 bwg-item0 bwg-mosaic-thumb-span \">            <img decoding=\"async\" class=\"bwg_mosaic_thumb_0 skip-lazy bwg_img_clear bwg_img_custom \"                 id=\"15940\"                 src=\"https:\/\/www.nonsolomodanews.it\/wordpress\/wp-content\/uploads\/photo-gallery\/Maria%20Iuliano\/thumb\/AM1X7393.JPG?bwg=1624548760\"                 data-src=\"https:\/\/www.nonsolomodanews.it\/wordpress\/wp-content\/uploads\/photo-gallery\/Maria%20Iuliano\/thumb\/AM1X7393.JPG?bwg=1624548760\"                 data-width=\"\"                 data-height=\"\"                 alt=\"Maria Iuliano  Ph Giancarlo Fiori\"                 title=\"Maria Iuliano  Ph Giancarlo Fiori\" \/>                      <\/div>        <\/a>                <a class=\"bwg-a\" >          <div class=\"bwg_mosaic_thumb_spun_0 bwg-item0 bwg-mosaic-thumb-span \">            <img decoding=\"async\" class=\"bwg_mosaic_thumb_0 skip-lazy bwg_img_clear bwg_img_custom \"                 id=\"15939\"                 src=\"https:\/\/www.nonsolomodanews.it\/wordpress\/wp-content\/uploads\/photo-gallery\/Maria%20Iuliano\/thumb\/AM1X7290.JPG?bwg=1624548760\"                 data-src=\"https:\/\/www.nonsolomodanews.it\/wordpress\/wp-content\/uploads\/photo-gallery\/Maria%20Iuliano\/thumb\/AM1X7290.JPG?bwg=1624548760\"                 data-width=\"\"                 data-height=\"\"                 alt=\"Maria Iuliano  Ph Giancarlo Fiori\"                 title=\"Maria Iuliano  Ph Giancarlo Fiori\" \/>                      <\/div>        <\/a>                <a class=\"bwg-a\" >          <div class=\"bwg_mosaic_thumb_spun_0 bwg-item0 bwg-mosaic-thumb-span \">            <img decoding=\"async\" class=\"bwg_mosaic_thumb_0 skip-lazy bwg_img_clear bwg_img_custom \"                 id=\"15938\"                 src=\"https:\/\/www.nonsolomodanews.it\/wordpress\/wp-content\/uploads\/photo-gallery\/Maria%20Iuliano\/thumb\/AM1X7289.JPG?bwg=1624548760\"                 data-src=\"https:\/\/www.nonsolomodanews.it\/wordpress\/wp-content\/uploads\/photo-gallery\/Maria%20Iuliano\/thumb\/AM1X7289.JPG?bwg=1624548760\"                 data-width=\"\"                 data-height=\"\"                 alt=\"Maria Iuliano  Ph Giancarlo Fiori\"                 title=\"Maria Iuliano  Ph Giancarlo Fiori\" \/>                      <\/div>        <\/a>                <a class=\"bwg-a\" >          <div class=\"bwg_mosaic_thumb_spun_0 bwg-item0 bwg-mosaic-thumb-span \">            <img decoding=\"async\" class=\"bwg_mosaic_thumb_0 skip-lazy bwg_img_clear bwg_img_custom \"                 id=\"15937\"                 src=\"https:\/\/www.nonsolomodanews.it\/wordpress\/wp-content\/uploads\/photo-gallery\/Maria%20Iuliano\/thumb\/AM1X7285.JPG?bwg=1624548760\"                 data-src=\"https:\/\/www.nonsolomodanews.it\/wordpress\/wp-content\/uploads\/photo-gallery\/Maria%20Iuliano\/thumb\/AM1X7285.JPG?bwg=1624548760\"                 data-width=\"\"                 data-height=\"\"                 alt=\"Maria Iuliano  Ph Giancarlo Fiori\"                 title=\"Maria Iuliano  Ph Giancarlo Fiori\" \/>                      <\/div>        <\/a>                <a class=\"bwg-a\" >          <div class=\"bwg_mosaic_thumb_spun_0 bwg-item0 bwg-mosaic-thumb-span \">            <img decoding=\"async\" class=\"bwg_mosaic_thumb_0 skip-lazy bwg_img_clear bwg_img_custom \"                 id=\"15936\"                 src=\"https:\/\/www.nonsolomodanews.it\/wordpress\/wp-content\/uploads\/photo-gallery\/Maria%20Iuliano\/thumb\/AM1X7244.JPG?bwg=1624548760\"                 data-src=\"https:\/\/www.nonsolomodanews.it\/wordpress\/wp-content\/uploads\/photo-gallery\/Maria%20Iuliano\/thumb\/AM1X7244.JPG?bwg=1624548760\"                 data-width=\"\"                 data-height=\"\"                 alt=\"Maria Iuliano  Ph Giancarlo Fiori\"                 title=\"Maria Iuliano  Ph Giancarlo Fiori\" \/>                      <\/div>        <\/a>            <\/div>    <\/div>    <style>      \/*pagination styles*\/      #bwg_container1_0 #bwg_container2_0 .tablenav-pages_0 {\t\t\t\ttext-align: center;\t\t\t\tfont-size: 12px;\t\t\t\tfont-family: segoe ui;\t\t\t\tfont-weight: bold;\t\t\t\tcolor: #666666;\t\t\t\tmargin: 6px 0 4px;\t\t\t\tdisplay: block;      }      @media only screen and (max-width : 320px) {      #bwg_container1_0 #bwg_container2_0 .displaying-num_0 {     \t display: none;      }      }      #bwg_container1_0 #bwg_container2_0 .displaying-num_0 {\t\t\t\tfont-size: 12px;\t\t\t\tfont-family: segoe ui;\t\t\t\tfont-weight: bold;\t\t\t\tcolor: #666666;\t\t\t\tmargin-right: 10px;\t\t\t\tvertical-align: middle;      }      #bwg_container1_0 #bwg_container2_0 .paging-input_0 {\t\t\t\tfont-size: 12px;\t\t\t\tfont-family: segoe ui;\t\t\t\tfont-weight: bold;\t\t\t\tcolor: #666666;\t\t\t\tvertical-align: middle;      }      #bwg_container1_0 #bwg_container2_0 .tablenav-pages_0 a.disabled,      #bwg_container1_0 #bwg_container2_0 .tablenav-pages_0 a.disabled:hover,      #bwg_container1_0 #bwg_container2_0 .tablenav-pages_0 a.disabled:focus,\t\t\t#bwg_container1_0 #bwg_container2_0 .tablenav-pages_0 input.bwg_current_page {\t\t\t\tcursor: default;\t\t\t\tcolor: rgba(102, 102, 102, 0.5);      }      #bwg_container1_0 #bwg_container2_0 .tablenav-pages_0 a,      #bwg_container1_0 #bwg_container2_0 .tablenav-pages_0 input.bwg_current_page {\t\t\t\tcursor: pointer;\t\t\t\ttext-align: center;\t\t\t\tfont-size: 12px;\t\t\t\tfont-family: segoe ui;\t\t\t\tfont-weight: bold;\t\t\t\tcolor: #666666;\t\t\t\ttext-decoration: none;\t\t\t\tpadding: 3px 6px;\t\t\t\tmargin: 0;\t\t\t\tborder-radius: 0;\t\t\t\tborder-style: solid;\t\t\t\tborder-width: 1px;\t\t\t\tborder-color: #E3E3E3;\t\t\t\t\t\t\t\tbackground-color: rgba(255, 255, 255, 1.00);\t\t\t\tbox-shadow: 0;\t\t\t\ttransition: all 0.3s ease 0s;-webkit-transition: all 0.3s ease 0s;      }      <\/style>      <span class=\"bwg_nav_cont_0\">              <div class=\"tablenav-pages_0\">                  <\/div>                <input type=\"hidden\" id=\"page_number_0\" name=\"page_number_0\" value=\"1\" \/>      <script type=\"text\/javascript\">        if( jQuery('.bwg_nav_cont_0').length > 1 ) {          jQuery('.bwg_nav_cont_0').first().remove()        }        function spider_page_0(cur, x, y, load_more) {          if (typeof load_more == \"undefined\") {            var load_more = false;          }          if (jQuery(cur).hasClass('disabled')) {            return false;          }          var items_county_0 = 1;          switch (y) {            case 1:              if (x >= items_county_0) {                document.getElementById('page_number_0').value = items_county_0;              }              else {                document.getElementById('page_number_0').value = x + 1;              }              break;            case 2:              document.getElementById('page_number_0').value = items_county_0;              break;            case -1:              if (x == 1) {                document.getElementById('page_number_0').value = 1;              }              else {                document.getElementById('page_number_0').value = x - 1;              }              break;            case -2:              document.getElementById('page_number_0').value = 1;              break;\t\t\t\t\t\tcase 0:              document.getElementById('page_number_0').value = x;              break;            default:              document.getElementById('page_number_0').value = 1;          }          bwg_ajax('gal_front_form_0', '0', 'bwg_thumbnails_mosaic_0', '0', '', 'gallery', 0, '', '', load_more, '', 1);        }                    jQuery('.first-page-0').on('click', function () {              spider_page_0(this, 1, -2, 'numeric');              return false;            });            jQuery('.prev-page-0').on('click', function () {              spider_page_0(this, 1, -1, 'numeric');              return false;            });            jQuery('.next-page-0').on('click', function () {              spider_page_0(this, 1, 1, 'numeric');              return false;            });            jQuery('.last-page-0').on('click', function () {              spider_page_0(this, 1, 2, 'numeric');              return false;            });        \t\t\t\t\/* Change page on input enter. *\/        function bwg_change_page_0( e, that ) {          if (  e.key == 'Enter' ) {            var to_page = parseInt(jQuery(that).val());            var pages_count = jQuery(that).parents(\".pagination-links\").data(\"pages-count\");            var current_url_param = jQuery(that).attr('data-url-info');            if (to_page > pages_count) {              to_page = 1;            }\t \t\t\t\t\t\t\t\t\t\t\t\tspider_page_0(this, to_page, 0, 'numeric');\t\t\t\t\t\t\treturn false;\t\t\t\t\t\t          }          return true;        }        jQuery('.bwg_load_btn_0').on('click', function () {            spider_page_0(this, 1, 1, true);            return false;        });      <\/script>      <\/span>                <\/div>        <\/form>              <\/div>    <\/div>    <script>      if (document.readyState === 'complete') {        if( typeof bwg_main_ready == 'function' ) {          if ( jQuery(\"#bwg_container1_0\").height() ) {            bwg_main_ready(jQuery(\"#bwg_container1_0\"));          }        }      } else {        document.addEventListener('DOMContentLoaded', function() {          if( typeof bwg_main_ready == 'function' ) {            if ( jQuery(\"#bwg_container1_0\").height() ) {             bwg_main_ready(jQuery(\"#bwg_container1_0\"));            }          }        });      }    <\/script>    \n<p>&nbsp;<\/p>\n","protected":false},"excerpt":{"rendered":"<p>Nonsolomodanews ha il piacere di presentare ai propri lettori Maria Iuliano. Maria &egrave; una giovanissima aspirante fotomodella che non disdegna le passerelle. Sportiva in tutti i sensi, dal campo alla tribuna (Montemario diremmo noi, essendo tifosa romanista) si considera una ragazza determinata che sta studiando mediazione linguistica all&rsquo;universit&agrave;. Le piace il mondo del giornalismo e vorrebbe diventare una giornalista sportiva ma ha altri sogni nel cassetto. Ringraziamo Maria e auguriamo ai nostri lettori buon lettura.&nbsp; Ciao Maria, benvenuta su Nonsolomodanews, ti vuoi presentare? &nbsp;&ldquo;Ciao a tutti! Mi chiamo Maria e ho 20 anni. Sono nata a Soveria Mannelli, in provincia di Catanzaro, ma ho sempre vissuto a Roma. Le mie misure sono: seno 90, vita 64, fianchi 85. Ho i capelli biondi e di media lunghezza e gli occhi marroni&rdquo; Come sei di carattere? &ldquo;Sono sempre stata una persona molto timida all&rsquo;inizio, ma una volta rotto il ghiaccio posso dire di essere l&rsquo;esatto contrario. Mi considero una persona molto determinata, che fa di tutto pur di arrivare all&rsquo;obiettivo prefissato. Non mi arrendo davanti agli ostacoli, cerco sempre il modo di superarli e di andare avanti, anche se a volte risulta difficile&hellip; Ma non impossibile&rdquo;. Sei una persona determinata? &ldquo;S&igrave;, come [&hellip;]<\/p>\n","protected":false},"author":1,"featured_media":15531,"comment_status":"open","ping_status":"open","sticky":false,"template":"","format":"standard","meta":{"rop_custom_images_group":[],"rop_custom_messages_group":[],"rop_publish_now":"initial","rop_publish_now_accounts":[],"rop_publish_now_history":[],"rop_publish_now_status":"pending","footnotes":""},"categories":[16],"tags":[588,819,2145,1016,1242],"class_list":["post-15536","post","type-post","status-publish","format-standard","has-post-thumbnail","hentry","category-articolo","tag-fotomodella","tag-lazio","tag-maria-iuliano","tag-miss-italia","tag-roma"],"_links":{"self":[{"href":"https:\/\/www.nonsolomodanews.it\/wordpress\/wp-json\/wp\/v2\/posts\/15536","targetHints":{"allow":["GET"]}}],"collection":[{"href":"https:\/\/www.nonsolomodanews.it\/wordpress\/wp-json\/wp\/v2\/posts"}],"about":[{"href":"https:\/\/www.nonsolomodanews.it\/wordpress\/wp-json\/wp\/v2\/types\/post"}],"author":[{"embeddable":true,"href":"https:\/\/www.nonsolomodanews.it\/wordpress\/wp-json\/wp\/v2\/users\/1"}],"replies":[{"embeddable":true,"href":"https:\/\/www.nonsolomodanews.it\/wordpress\/wp-json\/wp\/v2\/comments?post=15536"}],"version-history":[{"count":1,"href":"https:\/\/www.nonsolomodanews.it\/wordpress\/wp-json\/wp\/v2\/posts\/15536\/revisions"}],"predecessor-version":[{"id":15537,"href":"https:\/\/www.nonsolomodanews.it\/wordpress\/wp-json\/wp\/v2\/posts\/15536\/revisions\/15537"}],"wp:featuredmedia":[{"embeddable":true,"href":"https:\/\/www.nonsolomodanews.it\/wordpress\/wp-json\/wp\/v2\/media\/15531"}],"wp:attachment":[{"href":"https:\/\/www.nonsolomodanews.it\/wordpress\/wp-json\/wp\/v2\/media?parent=15536"}],"wp:term":[{"taxonomy":"category","embeddable":true,"href":"https:\/\/www.nonsolomodanews.it\/wordpress\/wp-json\/wp\/v2\/categories?post=15536"},{"taxonomy":"post_tag","embeddable":true,"href":"https:\/\/www.nonsolomodanews.it\/wordpress\/wp-json\/wp\/v2\/tags?post=15536"}],"curies":[{"name":"wp","href":"https:\/\/api.w.org\/{rel}","templated":true}]}}