{"id":15508,"date":"2016-11-26T18:37:42","date_gmt":"2016-11-26T18:37:42","guid":{"rendered":"http:\/\/www.nonsolomodanews.it\/wordpress\/?p=15508"},"modified":"2016-11-26T18:37:42","modified_gmt":"2016-11-26T18:37:42","slug":"amelia-amy-santelli-vincitrice-della-fascia-nazionale-miss-mamma-italiana-gold-solare-2016","status":"publish","type":"post","link":"https:\/\/www.nonsolomodanews.it\/wordpress\/amelia-amy-santelli-vincitrice-della-fascia-nazionale-miss-mamma-italiana-gold-solare-2016\/","title":{"rendered":"Amelia Amy Santelli vincitrice della fascia Nazionale  Miss Mamma Italiana Gold Solare 2016"},"content":{"rendered":"<div id=\"attachment_15509\" style=\"width: 211px\" class=\"wp-caption alignleft\"><a href=\"http:\/\/www.nonsolomodanews.it\/wordpress\/wp-content\/uploads\/2016\/11\/PhotoGrid_1479687389408.jpg\"><img loading=\"lazy\" decoding=\"async\" aria-describedby=\"caption-attachment-15509\" class=\"size-medium wp-image-15509\" src=\"http:\/\/www.nonsolomodanews.it\/wordpress\/wp-content\/uploads\/2016\/11\/PhotoGrid_1479687389408-201x300.jpg\" alt=\"Amelia Santelli - Ph. Bruno Angelo Porcellana - PP AS\" width=\"201\" height=\"300\" srcset=\"https:\/\/www.nonsolomodanews.it\/wordpress\/wp-content\/uploads\/2016\/11\/PhotoGrid_1479687389408-201x300.jpg 201w, https:\/\/www.nonsolomodanews.it\/wordpress\/wp-content\/uploads\/2016\/11\/PhotoGrid_1479687389408.jpg 540w\" sizes=\"auto, (max-width: 201px) 100vw, 201px\" \/><\/a><p id=\"caption-attachment-15509\" class=\"wp-caption-text\">Amelia Santelli &#8211; Ph. Bruno Angelo Porcellana &#8211; PP AS<\/p><\/div>\n<p><span style=\"color: #000000;\"><strong>Nonsolomodanews<\/strong> \u00a0incontra <strong>Amelia &lt;&lt;Ami&gt;&gt; Santelli<\/strong> tecnico di Anestesia e rianimazione, \u00a0mamma, modella, \u00a0fotomodella e ora anche attrice.<\/span><br \/>\n<span style=\"color: #000000;\"> Nel tempo libero si dedica a calcare le passerelle di moda, concorsi di bellezza e shooting fotografici.\u00a0<\/span><span style=\"color: #000000;\">Eletta a settembre Miss Mamma Italiana Gold Solare 2016 nel concorso nazionale dopo una selezione regionale di cui il \u00a0Patron del concorso \u00e8 Paolo Teti.<\/span><br \/>\n<!--more--><br \/>\n<span style=\"color: #000000;\">Amelia, benvenuta su Nonsolomodanews e grazie per averci concesso questa intervista.<\/span><\/p>\n<p style=\"text-align: justify;\"><span style=\"color: #000000;\"><strong>Dopo le varie esperienze nel campo della moda e della fotografia sappiamo che hai avuto delle esperienze nel mondo del cinema, ce ne vuoi parlare<\/strong>?\u00a0<em>&#8220;Si, ho gi\u00e0 alcune esperienze cinematografiche alle spalle come nel cortometraggio \u00a0&lt;&lt;Il Giornalista&gt;&gt;, girato in Sicilia in qualit\u00e0 di figurante speciale, regia di Tony Morgan , Produttore Chemi Antonino. Un Film con tema sociale contro il bullismo &#8220;. Poi ho partecipato &#8211; sempre come figurante &#8211; nel film &lt;&lt;Infernet&gt;&gt;, con gli attori Katia Ricciarelli, Ricky Tognazzi, Roberto Farnesi, Daniela Poggi e tanti altri, regia di Giuseppe Ferlito. Bellissima esperienza, la scena si \u00e8 svolta su una nave crociera a Venezia. Il film (che \u00e8 stato proiettato nelle sale cinematografiche italiano) aveva come tema\u00a0 l&#8217;uso distorto del web.<\/em><\/span><\/p>\n<p style=\"text-align: justify;\"><span style=\"color: #000000;\"><strong>Dopo queste esperienze hai avuto altre proposte lavorative nel mondo del cinema o della televisione? <\/strong><em>&#8220;Si , sono appena finite le riprese del film &lt;&lt;Lovers&gt;&gt;, regia di Matteo Vicino sempre in qualit\u00e0 sempre come figurante, con gli attori Primo Reggiani, Antonietta Bello e molti altri, film che uscir\u00e0 al cinema ad aprile 2017&#8221;<\/em><\/span><\/p>\n<p style=\"text-align: justify;\"><span style=\"color: #000000;\"><strong>Quali sono i tuoi programmi futuri?<\/strong> <em>&#8220;Ho in programma una fiction che si girer\u00e0 in Sicilia, Taormina, &lt;&lt;La Perla del Sud&gt;&gt;, con il produttore Chemi Antonino ma non posso dire altro<\/em>&#8220;<\/span><\/p>\n<p style=\"text-align: justify;\"><span style=\"color: #000000;\"><strong>Molta carne al fuoco..?<\/strong> <em>&#8220;Si molta e per questo devo dire grazie al Concorso di Miss Mamma che mi ha dato una visibilit\u00e0 unica&#8221;<\/em><\/span><\/p>\n<p style=\"text-align: justify;\"><span style=\"color: #000000;\"><strong>Ti abbiamo presentata come, mamma, fotomodella, attrice e in primis come tecnico di anestesia e rianimazione come riesci a conciliare le tue passioni con il tuo lavoro di tutti i giorni?<\/strong><\/span><em><span style=\"color: #000000;\">&#8220;Purtroppo (per fortuna per altri ndr) ho molte proposte ma quelle \u00a0pi\u00f9 impegnative non le posso accettare , perch\u00e9 come priorit\u00e0 metto il mio lavoro che svolgo con passione e la famiglia che non intendo trascurare. Mi dedico a piccole cose ma buone<\/span>&#8220;.<\/em><\/p>\n\n\t\t<style>\n\t\t\t#gallery-1 {\n\t\t\t\tmargin: auto;\n\t\t\t}\n\t\t\t#gallery-1 .gallery-item {\n\t\t\t\tfloat: left;\n\t\t\t\tmargin-top: 10px;\n\t\t\t\ttext-align: center;\n\t\t\t\twidth: 33%;\n\t\t\t}\n\t\t\t#gallery-1 img {\n\t\t\t\tborder: 2px solid #cfcfcf;\n\t\t\t}\n\t\t\t#gallery-1 .gallery-caption {\n\t\t\t\tmargin-left: 0;\n\t\t\t}\n\t\t\t\/* see gallery_shortcode() in wp-includes\/media.php *\/\n\t\t<\/style>\n\t\t<div id='gallery-1' class='gallery galleryid-15508 gallery-columns-3 gallery-size-thumbnail'><dl class='gallery-item'>\n\t\t\t<dt class='gallery-icon portrait'>\n\t\t\t\t<a href='https:\/\/www.nonsolomodanews.it\/wordpress\/amelia-amy-santelli-vincitrice-della-fascia-nazionale-miss-mamma-italiana-gold-solare-2016\/photogrid_1479687389408-2\/'><img loading=\"lazy\" decoding=\"async\" width=\"150\" height=\"150\" src=\"https:\/\/www.nonsolomodanews.it\/wordpress\/wp-content\/uploads\/2016\/11\/PhotoGrid_1479687389408-1-150x150.jpg\" class=\"attachment-thumbnail size-thumbnail\" alt=\"\" aria-describedby=\"gallery-1-15521\" \/><\/a>\n\t\t\t<\/dt>\n\t\t\t\t<dd class='wp-caption-text gallery-caption' id='gallery-1-15521'>\n\t\t\t\tAmelia Santelli &#8211; Ph. Bruno Angelo Porcellana &#8211; PP AS\n\t\t\t\t<\/dd><\/dl><dl class='gallery-item'>\n\t\t\t<dt class='gallery-icon portrait'>\n\t\t\t\t<a href='https:\/\/www.nonsolomodanews.it\/wordpress\/amelia-amy-santelli-vincitrice-della-fascia-nazionale-miss-mamma-italiana-gold-solare-2016\/photogrid_1479682310869\/'><img loading=\"lazy\" decoding=\"async\" width=\"150\" height=\"150\" src=\"https:\/\/www.nonsolomodanews.it\/wordpress\/wp-content\/uploads\/2016\/11\/PhotoGrid_1479682310869-150x150.jpg\" class=\"attachment-thumbnail size-thumbnail\" alt=\"\" aria-describedby=\"gallery-1-15520\" \/><\/a>\n\t\t\t<\/dt>\n\t\t\t\t<dd class='wp-caption-text gallery-caption' id='gallery-1-15520'>\n\t\t\t\tAmelia Santelli &#8211; Ph. Bruno Angelo Porcellana &#8211; PP AS\n\t\t\t\t<\/dd><\/dl><dl class='gallery-item'>\n\t\t\t<dt class='gallery-icon portrait'>\n\t\t\t\t<a href='https:\/\/www.nonsolomodanews.it\/wordpress\/amelia-amy-santelli-vincitrice-della-fascia-nazionale-miss-mamma-italiana-gold-solare-2016\/photogrid_1478110220828\/'><img loading=\"lazy\" decoding=\"async\" width=\"150\" height=\"150\" src=\"https:\/\/www.nonsolomodanews.it\/wordpress\/wp-content\/uploads\/2016\/11\/PhotoGrid_1478110220828-150x150.jpg\" class=\"attachment-thumbnail size-thumbnail\" alt=\"\" aria-describedby=\"gallery-1-15519\" \/><\/a>\n\t\t\t<\/dt>\n\t\t\t\t<dd class='wp-caption-text gallery-caption' id='gallery-1-15519'>\n\t\t\t\tAmelia Santelli &#8211; Ph. Bruno Angelo Porcellana &#8211; PP AS\n\t\t\t\t<\/dd><\/dl><br style=\"clear: both\" \/><dl class='gallery-item'>\n\t\t\t<dt class='gallery-icon landscape'>\n\t\t\t\t<a href='https:\/\/www.nonsolomodanews.it\/wordpress\/amelia-amy-santelli-vincitrice-della-fascia-nazionale-miss-mamma-italiana-gold-solare-2016\/photogrid_1477653567680\/'><img loading=\"lazy\" decoding=\"async\" width=\"150\" height=\"150\" src=\"https:\/\/www.nonsolomodanews.it\/wordpress\/wp-content\/uploads\/2016\/11\/PhotoGrid_1477653567680-150x150.jpg\" class=\"attachment-thumbnail size-thumbnail\" alt=\"\" aria-describedby=\"gallery-1-15518\" \/><\/a>\n\t\t\t<\/dt>\n\t\t\t\t<dd class='wp-caption-text gallery-caption' id='gallery-1-15518'>\n\t\t\t\tAmelia Santelli &#8211; Ph. Bruno Angelo Porcellana &#8211; PP AS\n\t\t\t\t<\/dd><\/dl><dl class='gallery-item'>\n\t\t\t<dt class='gallery-icon portrait'>\n\t\t\t\t<a href='https:\/\/www.nonsolomodanews.it\/wordpress\/amelia-amy-santelli-vincitrice-della-fascia-nazionale-miss-mamma-italiana-gold-solare-2016\/photogrid_1476859144173\/'><img loading=\"lazy\" decoding=\"async\" width=\"150\" height=\"150\" src=\"https:\/\/www.nonsolomodanews.it\/wordpress\/wp-content\/uploads\/2016\/11\/PhotoGrid_1476859144173-150x150.jpg\" class=\"attachment-thumbnail size-thumbnail\" alt=\"\" aria-describedby=\"gallery-1-15517\" \/><\/a>\n\t\t\t<\/dt>\n\t\t\t\t<dd class='wp-caption-text gallery-caption' id='gallery-1-15517'>\n\t\t\t\tAmelia Santelli &#8211; Ph. Bruno Angelo Porcellana &#8211; PP AS\n\t\t\t\t<\/dd><\/dl><dl class='gallery-item'>\n\t\t\t<dt class='gallery-icon portrait'>\n\t\t\t\t<a href='https:\/\/www.nonsolomodanews.it\/wordpress\/amelia-amy-santelli-vincitrice-della-fascia-nazionale-miss-mamma-italiana-gold-solare-2016\/photogrid_1476859024127\/'><img loading=\"lazy\" decoding=\"async\" width=\"150\" height=\"150\" src=\"https:\/\/www.nonsolomodanews.it\/wordpress\/wp-content\/uploads\/2016\/11\/PhotoGrid_1476859024127-150x150.jpg\" class=\"attachment-thumbnail size-thumbnail\" alt=\"\" aria-describedby=\"gallery-1-15516\" \/><\/a>\n\t\t\t<\/dt>\n\t\t\t\t<dd class='wp-caption-text gallery-caption' id='gallery-1-15516'>\n\t\t\t\tAmelia Santelli &#8211; Ph. Bruno Angelo Porcellana &#8211; PP AS\n\t\t\t\t<\/dd><\/dl><br style=\"clear: both\" \/><dl class='gallery-item'>\n\t\t\t<dt class='gallery-icon portrait'>\n\t\t\t\t<a href='https:\/\/www.nonsolomodanews.it\/wordpress\/amelia-amy-santelli-vincitrice-della-fascia-nazionale-miss-mamma-italiana-gold-solare-2016\/photogrid_1475322885258\/'><img loading=\"lazy\" decoding=\"async\" width=\"150\" height=\"150\" src=\"https:\/\/www.nonsolomodanews.it\/wordpress\/wp-content\/uploads\/2016\/11\/PhotoGrid_1475322885258-150x150.jpg\" class=\"attachment-thumbnail size-thumbnail\" alt=\"\" aria-describedby=\"gallery-1-15515\" \/><\/a>\n\t\t\t<\/dt>\n\t\t\t\t<dd class='wp-caption-text gallery-caption' id='gallery-1-15515'>\n\t\t\t\tAmelia Santelli &#8211; Ph. Bruno Angelo Porcellana &#8211; PP AS\n\t\t\t\t<\/dd><\/dl><dl class='gallery-item'>\n\t\t\t<dt class='gallery-icon landscape'>\n\t\t\t\t<a href='https:\/\/www.nonsolomodanews.it\/wordpress\/amelia-amy-santelli-vincitrice-della-fascia-nazionale-miss-mamma-italiana-gold-solare-2016\/photogrid_1475322359748-2\/'><img loading=\"lazy\" decoding=\"async\" width=\"150\" height=\"150\" src=\"https:\/\/www.nonsolomodanews.it\/wordpress\/wp-content\/uploads\/2016\/11\/PhotoGrid_1475322359748-1-150x150.jpg\" class=\"attachment-thumbnail size-thumbnail\" alt=\"\" aria-describedby=\"gallery-1-15514\" \/><\/a>\n\t\t\t<\/dt>\n\t\t\t\t<dd class='wp-caption-text gallery-caption' id='gallery-1-15514'>\n\t\t\t\tAmelia Santelli &#8211; Ph. Bruno Angelo Porcellana &#8211; PP AS\n\t\t\t\t<\/dd><\/dl><dl class='gallery-item'>\n\t\t\t<dt class='gallery-icon portrait'>\n\t\t\t\t<a href='https:\/\/www.nonsolomodanews.it\/wordpress\/amelia-amy-santelli-vincitrice-della-fascia-nazionale-miss-mamma-italiana-gold-solare-2016\/photogrid_1475251556191\/'><img loading=\"lazy\" decoding=\"async\" width=\"150\" height=\"150\" src=\"https:\/\/www.nonsolomodanews.it\/wordpress\/wp-content\/uploads\/2016\/11\/PhotoGrid_1475251556191-150x150.jpg\" class=\"attachment-thumbnail size-thumbnail\" alt=\"\" aria-describedby=\"gallery-1-15513\" \/><\/a>\n\t\t\t<\/dt>\n\t\t\t\t<dd class='wp-caption-text gallery-caption' id='gallery-1-15513'>\n\t\t\t\tAmelia Santelli &#8211; Ph. Bruno Angelo Porcellana &#8211; PP AS\n\t\t\t\t<\/dd><\/dl><br style=\"clear: both\" \/><dl class='gallery-item'>\n\t\t\t<dt class='gallery-icon portrait'>\n\t\t\t\t<a href='https:\/\/www.nonsolomodanews.it\/wordpress\/amelia-amy-santelli-vincitrice-della-fascia-nazionale-miss-mamma-italiana-gold-solare-2016\/photogrid_1475238008483\/'><img loading=\"lazy\" decoding=\"async\" width=\"150\" height=\"150\" src=\"https:\/\/www.nonsolomodanews.it\/wordpress\/wp-content\/uploads\/2016\/11\/PhotoGrid_1475238008483-150x150.jpg\" class=\"attachment-thumbnail size-thumbnail\" alt=\"\" aria-describedby=\"gallery-1-15512\" \/><\/a>\n\t\t\t<\/dt>\n\t\t\t\t<dd class='wp-caption-text gallery-caption' id='gallery-1-15512'>\n\t\t\t\tAmelia Santelli &#8211; Ph. Bruno Angelo Porcellana &#8211; PP AS\n\t\t\t\t<\/dd><\/dl><dl class='gallery-item'>\n\t\t\t<dt class='gallery-icon portrait'>\n\t\t\t\t<a href='https:\/\/www.nonsolomodanews.it\/wordpress\/amelia-amy-santelli-vincitrice-della-fascia-nazionale-miss-mamma-italiana-gold-solare-2016\/photogrid_1475216347692\/'><img loading=\"lazy\" decoding=\"async\" width=\"150\" height=\"150\" src=\"https:\/\/www.nonsolomodanews.it\/wordpress\/wp-content\/uploads\/2016\/11\/PhotoGrid_1475216347692-150x150.jpg\" class=\"attachment-thumbnail size-thumbnail\" alt=\"\" aria-describedby=\"gallery-1-15511\" \/><\/a>\n\t\t\t<\/dt>\n\t\t\t\t<dd class='wp-caption-text gallery-caption' id='gallery-1-15511'>\n\t\t\t\tAmelia Santelli &#8211; Ph. Bruno Angelo Porcellana &#8211; PP AS\n\t\t\t\t<\/dd><\/dl><dl class='gallery-item'>\n\t\t\t<dt class='gallery-icon portrait'>\n\t\t\t\t<a href='https:\/\/www.nonsolomodanews.it\/wordpress\/amelia-amy-santelli-vincitrice-della-fascia-nazionale-miss-mamma-italiana-gold-solare-2016\/photogrid_1479687389408\/'><img loading=\"lazy\" decoding=\"async\" width=\"150\" height=\"150\" src=\"https:\/\/www.nonsolomodanews.it\/wordpress\/wp-content\/uploads\/2016\/11\/PhotoGrid_1479687389408-150x150.jpg\" class=\"attachment-thumbnail size-thumbnail\" alt=\"\" aria-describedby=\"gallery-1-15509\" \/><\/a>\n\t\t\t<\/dt>\n\t\t\t\t<dd class='wp-caption-text gallery-caption' id='gallery-1-15509'>\n\t\t\t\tAmelia Santelli &#8211; Ph. Bruno Angelo Porcellana &#8211; PP AS\n\t\t\t\t<\/dd><\/dl><br style=\"clear: both\" \/>\n\t\t<\/div>\n\n<p style=\"text-align: center;\">Testi e fotografie Bruno Angelo Porcellana<br \/>\nTutti i diritti riservati \u00a9 2016 \u2013 Email: nonsolomodanews@gmail.com<\/p>\n","protected":false},"excerpt":{"rendered":"<p>Nonsolomodanews &nbsp;incontra Amelia &lt;&lt;Ami&gt;&gt; Santelli tecnico di Anestesia e rianimazione, &nbsp;mamma, modella, &nbsp;fotomodella e ora anche attrice. Nel tempo libero si dedica a calcare le passerelle di moda, concorsi di bellezza e shooting fotografici.&nbsp;Eletta a settembre Miss Mamma Italiana Gold Solare 2016 nel concorso nazionale dopo una selezione regionale di cui il &nbsp;Patron del concorso &egrave; Paolo Teti.<\/p>\n","protected":false},"author":1,"featured_media":15510,"comment_status":"open","ping_status":"open","sticky":false,"template":"","format":"standard","meta":{"rop_custom_images_group":[],"rop_custom_messages_group":[],"rop_publish_now":"initial","rop_publish_now_accounts":[],"rop_publish_now_history":[],"rop_publish_now_status":"pending","footnotes":""},"categories":[16],"tags":[139,262,588,2144,1099],"class_list":["post-15508","post","type-post","status-publish","format-standard","has-post-thumbnail","hentry","category-articolo","tag-amelia-santelli","tag-bologna","tag-fotomodella","tag-miss-mamma","tag-nonsolomodanews"],"_links":{"self":[{"href":"https:\/\/www.nonsolomodanews.it\/wordpress\/wp-json\/wp\/v2\/posts\/15508","targetHints":{"allow":["GET"]}}],"collection":[{"href":"https:\/\/www.nonsolomodanews.it\/wordpress\/wp-json\/wp\/v2\/posts"}],"about":[{"href":"https:\/\/www.nonsolomodanews.it\/wordpress\/wp-json\/wp\/v2\/types\/post"}],"author":[{"embeddable":true,"href":"https:\/\/www.nonsolomodanews.it\/wordpress\/wp-json\/wp\/v2\/users\/1"}],"replies":[{"embeddable":true,"href":"https:\/\/www.nonsolomodanews.it\/wordpress\/wp-json\/wp\/v2\/comments?post=15508"}],"version-history":[{"count":3,"href":"https:\/\/www.nonsolomodanews.it\/wordpress\/wp-json\/wp\/v2\/posts\/15508\/revisions"}],"predecessor-version":[{"id":15524,"href":"https:\/\/www.nonsolomodanews.it\/wordpress\/wp-json\/wp\/v2\/posts\/15508\/revisions\/15524"}],"wp:featuredmedia":[{"embeddable":true,"href":"https:\/\/www.nonsolomodanews.it\/wordpress\/wp-json\/wp\/v2\/media\/15510"}],"wp:attachment":[{"href":"https:\/\/www.nonsolomodanews.it\/wordpress\/wp-json\/wp\/v2\/media?parent=15508"}],"wp:term":[{"taxonomy":"category","embeddable":true,"href":"https:\/\/www.nonsolomodanews.it\/wordpress\/wp-json\/wp\/v2\/categories?post=15508"},{"taxonomy":"post_tag","embeddable":true,"href":"https:\/\/www.nonsolomodanews.it\/wordpress\/wp-json\/wp\/v2\/tags?post=15508"}],"curies":[{"name":"wp","href":"https:\/\/api.w.org\/{rel}","templated":true}]}}