{"id":15449,"date":"2016-11-13T11:41:16","date_gmt":"2016-11-13T11:41:16","guid":{"rendered":"http:\/\/www.nonsolomodanews.it\/wordpress\/?p=15449"},"modified":"2016-11-13T11:47:19","modified_gmt":"2016-11-13T11:47:19","slug":"__trashed","status":"publish","type":"post","link":"https:\/\/www.nonsolomodanews.it\/wordpress\/__trashed\/","title":{"rendered":"Lara Maggio, campionessa del mondo di JuJitsu sul set di Nonsolomodanews"},"content":{"rendered":"<div id=\"attachment_15457\" style=\"width: 210px\" class=\"wp-caption alignleft\"><a href=\"http:\/\/www.nonsolomodanews.it\/wordpress\/wp-content\/uploads\/2016\/11\/20102016-DSC_7730.jpg\"><img loading=\"lazy\" decoding=\"async\" aria-describedby=\"caption-attachment-15457\" class=\" wp-image-15457\" src=\"http:\/\/www.nonsolomodanews.it\/wordpress\/wp-content\/uploads\/2016\/11\/20102016-DSC_7730-200x300.jpg\" alt=\"Lara Maggio -ph. Bruno A.Porcellana - MUA Francesca Paci\" width=\"200\" height=\"300\" srcset=\"https:\/\/www.nonsolomodanews.it\/wordpress\/wp-content\/uploads\/2016\/11\/20102016-DSC_7730-200x300.jpg 200w, https:\/\/www.nonsolomodanews.it\/wordpress\/wp-content\/uploads\/2016\/11\/20102016-DSC_7730.jpg 640w\" sizes=\"auto, (max-width: 200px) 100vw, 200px\" \/><\/a><p id=\"caption-attachment-15457\" class=\"wp-caption-text\">Lara Maggio -ph. Bruno A.Porcellana &#8211; MUA Francesca Paci<\/p><\/div>\n<p><span style=\"color: #000000;\">Conosciamo <strong>Lara Maggio<\/strong>, giovanissima campionessa mondiale \u00a0under21 di JuJitsu e fotomodella quando gli impegni sportivi (allenamento e gare) e di studio le permettono di frequentare i set fotografici come \u00e8 avvenuto nel caso di Nonsolomodanews. Ringraziamo Lara e auguriamo ai lettori di <strong>Nonsolomodanews<\/strong> buona lettura e buona visione della gallery.<\/span><\/p>\n<p><!--more--><\/p>\n<p style=\"text-align: justify;\"><span style=\"color: #000000;\"><strong>In poche parole ci spieghi l&#8217;origine di questa arte marziale e la sua filosofia<\/strong>? &#8220;<em>La parola Ju Jutsu pu\u00f2 essere liberamente tradotta come l&#8217;arte di giungere alla vittoria per resa o per &lt;&lt;docilit\u00e0&gt;&gt;. E&#8217; considerato come uno dei pi\u00f9 efficaci e flessibili sistemi di Arti Marziali, che attualmente si insegnano. E&#8217; tipicamente associato a cadute, proiezioni, sistemi di leva, attacchi ai centri nervosi, manipolazioni delle articolazioni e tecniche di colpi con i piedi e con le mani nelle zone vitali dei corpo&#8221;. <\/em><\/span><\/p>\n<p style=\"text-align: justify;\"><span style=\"color: #000000;\"><strong>Come \u00e8 nata la passione per questo sport?<\/strong><em> &#8220;Ho conosciuto il mio attuale maestro alle medie perch\u00e9 mi insegnava anche storia della musica, aveva invitato tutti i suoi studenti a fare una prova all&#8217;interno della palestra. Il giorno ci sono andata \u00e8 da l\u00ec ci sono andata tutti i giorni perch\u00e9 sentivo che era il mio sport. Infatti sono cresciuta molto mentalmente e anche come comportamento perch\u00e9 ti insegna il valore dell&#8217;educazione in qualsiasi momento&#8221;.<\/em><\/span><\/p>\n<p style=\"text-align: justify;\"><span style=\"color: #000000;\"><em>\u00a0<\/em><strong>Se tu dovessi invogliare una persona a frequentare un corso di Ju Jitsu, su cosa punteresti?<\/strong><em> Punterei molto sulla difesa personale che \u00e8 la cosa pi\u00f9 fondamentale e anche per sfogarsi da tutti i pensieri negativi durante le giornate di lavoro o di studio. Lo consiglierei dai pi\u00f9 piccoli fino ai 60 anni, pu\u00f2 servire sempre&#8221;.<\/em><\/span><\/p>\n<p style=\"text-align: justify;\"><span style=\"color: #000000;\"><strong>Tu sei campionessa, titolo conquistato ad Atene nel 2015 in coppia con Alice Rovigatti. Cosa hai provato quando hai vinto?<\/strong><em> &#8220;Direi un&#8217;emozione unica. Ancora non ci credo di aver vinto un titolo mondiale a soli 17 anni dopo tante sconfitte ma sempre con la voglia di vincere. Ci allenavamo ogni giorno con determinazione, con tanti sacrifici per\u00f2 con uno scopo grande che prima o poi arrivava. Abbiamo creduto in noi anzi tutt&#8217;ora crediamo sempre in noi e con tanta voglia di imparare sempre cose nuove&#8221;.<\/em><\/span><\/p>\n<p style=\"text-align: justify;\"><span style=\"color: #000000;\"><strong>Quali sono i metodi di valutazione del vostro sport?<\/strong><em> &#8220;Velocit\u00e0, determinazione, la tecnica delle nostre proiezioni, comportamento&#8221;.. <\/em><\/span><\/p>\n<p style=\"text-align: justify;\"><span style=\"color: #000000;\"><strong>Quanti titoli giovanili italiani o mondiali avete vinto?<\/strong><em> &#8220;Siamo campionesse italiane da ormai 4 anni, oro mondiale ad Atene nel 2015, bronzo mondiale quest&#8217;anno e oro al German Open (gara internazionale)&#8221;.<\/em><\/span><\/p>\n<p style=\"text-align: justify;\"><span style=\"color: #000000;\"><strong>Quante ore di allenamento fate durante la settimana?<\/strong><em> &#8220;Ci alleniamo praticamente tutti i giorni 1 ora e mezza massimo 2 ore al giorno. Quando facciamo i raduni con la nazionale anche 4 ore al giorno&#8221;.<\/em><\/span><\/p>\n<p style=\"text-align: justify;\"><span style=\"color: #000000;\"><strong>Tu studi anche, come fai a conciliare studio, allenamento, tempo libero e famiglia?<\/strong><em> &#8220;Sono molto limitata ad avere del tempo libero per\u00f2 mi organizzo giorno per giorno per fare tutto! Scuola, studio, allenamento e riposo alla sera. Per\u00f2 non mi faccio mai mancare il weekend per stare con amici e famigliari quando non devo partire per il mondo a fare gare&#8221;.<\/em><\/span><\/p>\n<p style=\"text-align: justify;\"><span style=\"color: #000000;\"><strong>Hai una persona che vuoi ringraziare?<\/strong><em> &#8220;Dovrei ringraziare tante persone per la persona che sono adesso, ma devo tutta la mia vita a mia madre perch\u00e9 senza di lei non avrei questo sprono ad andare avanti nonostante tanti sacrifici. Per\u00f2 le mie vittorie, i miei sorrisi e le mie soddisfazioni sono grazie a lei. La mamma \u00e8 sempre la mamma&#8221;.<\/em><\/span><\/p>\n<p style=\"text-align: justify;\"><span style=\"color: #000000;\"><strong>Ultima domanda, se tu avessi una bacchetta magica e potessi esprimere un desiderio, quale sarebbe?<\/strong><em>\u00a0&#8220;Valorizzare di pi\u00f9 le arti marziali in Italia e dare spazio ai giovani d&#8217;oggi. Siamo noi il futuro. Per il resto non cambierei nulla della mia vita perch\u00e9 se ho avuto dei momenti bui mi hanno solo aiutato ad essere pi\u00f9 forte e andare avanti per la mia strada&#8221;.<\/em><\/span><\/p>\n<p style=\"text-align: justify;\"><span style=\"color: #000000;\">Il servizio fotografico \u00e8 stato realizzato a Bologna.\u00a0<\/span><\/p>\n<p>&nbsp;<\/p>\n<p style=\"text-align: center;\"><span style=\"color: #000000;\">Testi e fotografie di Bruno Angelo Porcellana &#8211; MUA Francesca Paci<\/span><br \/>\n<span style=\"color: #000000;\">Tutti i diritti riservati \u00a9 2016 \u2013 Email: nonsolomodanews@gmail.com<\/span><\/p>\n<style id=\"bwg-style-0\">      #bwg_container1_0 #bwg_container2_0 #bwg_mosaic_thumbnails_div_0 {        width: 100%;        position: relative;        background-color: rgba(255, 255, 255, 0.00);        text-align: center;        justify-content: center;                  margin-left: auto;          margin-right: auto;                    padding-left: 4px;          padding-top: 4px;                }          #bwg_container1_0 #bwg_container2_0 .bwg_mosaic_thumb_spun_0 {        display: block;        position: absolute;\t\t\t\tborder-radius: 0;\t\t\t\tborder: 0px none #CCCCCC;    \t\t    \t\tbackground-color:rgba(0,0,0, 0.30);        -moz-box-sizing: content-box !important;        -webkit-box-sizing: content-box !important;        box-sizing: content-box !important;      }\t\t\t#bwg_container1_0 #bwg_container2_0 .bwg_mosaic_thumb_0 {\t\t\t\tdisplay: block;\t\t\t\t-moz-box-sizing: content-box !important;\t\t\t\t-webkit-box-sizing: content-box !important;\t\t\t\tbox-sizing: content-box !important;\t\t\t\tmargin: 0;\t\t\t\topacity: 1.00;\t\t\t}      #bwg_container1_0 #bwg_container2_0 .bwg_mosaic_thumb_spun_0:hover {        opacity: 1;        backface-visibility: hidden;        -webkit-backface-visibility: hidden;        -moz-backface-visibility: hidden;        -ms-backface-visibility: hidden;        z-index: 102;      }\t      @media only screen and (min-width: 480px) {        #bwg_container1_0 #bwg_container2_0 .bwg_mosaic_thumb_spun_0:hover {          transform: scale(1.1);          -ms-transform: scale(1.1);          -webkit-transform: scale(1.1);        }      }\t      #bwg_container1_0 #bwg_container2_0 .bwg_mosaic_thumbnails_0 {        background-color: rgba(255, 255, 255, 0.00);        font-size: 0;        position: relative;        text-align: center;        display: inline-block;        visibility: hidden;              }\t  \/*image title styles*\/      #bwg_container1_0 #bwg_container2_0 .bwg_mosaic_title_spun1_0,      #bwg_container1_0 #bwg_container2_0 .bwg-mosaic-thumbnails .bwg_ecommerce_spun1_0 {        position: absolute;        display: block;        opacity: 0;        box-sizing: border-box;        text-align: center;\t\t\t\ttop: 50%;\t\t\t\tleft: 50%;\t\t\t\ttransform: translate(-50%, -50%);      }      #bwg_container1_0 #bwg_container2_0 .bwg-mosaic-thumbnails .bwg_mosaic_title_spun2_0,      #bwg_container1_0 #bwg_container2_0 .bwg-mosaic-thumbnails .bwg_ecommerce_spun2_0 {\t\t    color: #CCCCCC;        font-family: segoe ui;        font-size: 16px;        font-weight: bold;        text-shadow: 0px 0px 0px #888888;        vertical-align: middle;        word-wrap: break-word;      }            .bwg_mosaic_play_icon_spun_0 {        display: table;        position: absolute;        left: -10000px;        top: 0px;        opacity: 0;      }      .bwg_mosaic_play_icon_0 {        color: #CCCCCC;        font-size: 32px;        vertical-align: middle;        display: table-cell !important;        z-index: 1;        text-align: center;        margin: 0 auto;      }      #bwg_container1_0 #bwg_container2_0 .bwg_gal_title_0 {        background-color: rgba(0, 0, 0, 0);        color: #323A45;        display: block;        font-family: Ubuntu;        font-size: 16px;        font-weight: bold;        padding: 2px;        text-shadow: ;        text-align: center;      }            @media screen and (max-width: 280px) {      div[class^=\"bwg_mosaic_thumbnails_\"],      span[class^=\"bwg_mosaic_thumb_spun_\"] {      width: 100% !important;      }      img[class^=\"bwg_mosaic_thumb_\"] {      width: 100% !important;      height: auto !important;      margin: 0px auto !important;      }      }      <\/style>    <div id=\"bwg_container1_0\"         class=\"bwg_container bwg_thumbnail bwg_thumbnails_mosaic \"         data-right-click-protection=\"0\"         data-bwg=\"0\"         data-scroll=\"0\"         data-gallery-type=\"thumbnails_mosaic\"         data-gallery-view-type=\"thumbnails_mosaic\"         data-current-url=\"\/wordpress\/wp-json\/wp\/v2\/posts\/15449\"         data-lightbox-url=\"https:\/\/www.nonsolomodanews.it\/wordpress\/wp-admin\/admin-ajax.php?action=GalleryBox&#038;current_view=0&#038;gallery_id=180&#038;tag=0&#038;theme_id=1&#038;shortcode_id=173&#038;sort_by=order&#038;order_by=asc&#038;current_url=%2Fwordpress%2Fwp-json%2Fwp%2Fv2%2Fposts%2F15449\"         data-gallery-id=\"180\"         data-popup-width=\"800\"         data-popup-height=\"500\"         data-is-album=\"gallery\"         data-buttons-position=\"bottom\">      <div id=\"bwg_container2_0\">             <div id=\"ajax_loading_0\" class=\"bwg_loading_div_1\">      <div class=\"bwg_loading_div_2\">        <div class=\"bwg_loading_div_3\">          <div id=\"loading_div_0\" class=\"bwg_spider_ajax_loading\">          <\/div>        <\/div>      <\/div>    <\/div>            <form id=\"gal_front_form_0\"              class=\"bwg-hidden\"              method=\"post\"              action=\"#\"              data-current=\"0\"              data-shortcode-id=\"173\"              data-gallery-type=\"thumbnails_mosaic\"              data-gallery-id=\"180\"              data-tag=\"0\"              data-album-id=\"0\"              data-theme-id=\"1\"              data-ajax-url=\"https:\/\/www.nonsolomodanews.it\/wordpress\/wp-admin\/admin-ajax.php?action=bwg_frontend_data\">          <div id=\"bwg_container3_0\" class=\"bwg-background bwg-background-0\">                <div id=\"bwg_mosaic_thumbnails_div_0\"         class=\"bwg-container-0 bwg-container bwg-mosaic-thumbnails\"         data-bwg=\"0\"         data-mosaic-direction=\"vertical\"         data-resizable=\"0\"         data-width=\"180\"         data-height=\"90\"         data-total-width=\"100\"         data-block-id=\"bwg_thumbnails_mosaic_0\"         data-thumb-padding=\"4\"         data-thumb-border=\"0\"         data-title-margin=\"2px\"         data-image-title=\"none\"         data-play-icon=\"1\"         data-ecommerce-icon=\"none\"         data-gallery-id=\"180\"         data-lightbox-url=\"https:\/\/www.nonsolomodanews.it\/wordpress\/wp-admin\/admin-ajax.php?action=GalleryBox&#038;current_view=0&#038;gallery_id=180&#038;tag=0&#038;theme_id=1&#038;shortcode_id=173&#038;sort_by=order&#038;order_by=asc&#038;current_url=%2Fwordpress%2Fwp-json%2Fwp%2Fv2%2Fposts%2F15449\"         data-mosaic-thumb-transition=\"1\"         style=\"visibility: hidden\" >      <div id=\"bwg_thumbnails_mosaic_0\" class=\"bwg_mosaic_thumbnails_0\">                  <a class=\"bwg-a\" >          <div class=\"bwg_mosaic_thumb_spun_0 bwg-item0 bwg-mosaic-thumb-span \">            <img decoding=\"async\" class=\"bwg_mosaic_thumb_0 skip-lazy bwg_img_clear bwg_img_custom \"                 id=\"15935\"                 src=\"https:\/\/www.nonsolomodanews.it\/wordpress\/wp-content\/uploads\/photo-gallery\/lara%20maggio\/thumb\/20102016-DSC_7949.jpg?bwg=1624548760\"                 data-src=\"https:\/\/www.nonsolomodanews.it\/wordpress\/wp-content\/uploads\/photo-gallery\/lara%20maggio\/thumb\/20102016-DSC_7949.jpg?bwg=1624548760\"                 data-width=\"\"                 data-height=\"\"                 alt=\"Lara Maggio - Ph. Bruno Angelo Porcellana - Mua Francesca Paci\"                 title=\"Lara Maggio - Ph. Bruno Angelo Porcellana - Mua Francesca Paci\" \/>                      <\/div>        <\/a>                <a class=\"bwg-a\" >          <div class=\"bwg_mosaic_thumb_spun_0 bwg-item0 bwg-mosaic-thumb-span \">            <img decoding=\"async\" class=\"bwg_mosaic_thumb_0 skip-lazy bwg_img_clear bwg_img_custom \"                 id=\"15934\"                 src=\"https:\/\/www.nonsolomodanews.it\/wordpress\/wp-content\/uploads\/photo-gallery\/lara%20maggio\/thumb\/20102016-DSC_7880.jpg?bwg=1624548760\"                 data-src=\"https:\/\/www.nonsolomodanews.it\/wordpress\/wp-content\/uploads\/photo-gallery\/lara%20maggio\/thumb\/20102016-DSC_7880.jpg?bwg=1624548760\"                 data-width=\"\"                 data-height=\"\"                 alt=\"Lara Maggio - Ph. Bruno Angelo Porcellana - Mua Francesca Paci\"                 title=\"Lara Maggio - Ph. Bruno Angelo Porcellana - Mua Francesca Paci\" \/>                      <\/div>        <\/a>                <a class=\"bwg-a\" >          <div class=\"bwg_mosaic_thumb_spun_0 bwg-item0 bwg-mosaic-thumb-span \">            <img decoding=\"async\" class=\"bwg_mosaic_thumb_0 skip-lazy bwg_img_clear bwg_img_custom \"                 id=\"15933\"                 src=\"https:\/\/www.nonsolomodanews.it\/wordpress\/wp-content\/uploads\/photo-gallery\/lara%20maggio\/thumb\/20102016-DSC_7864.jpg?bwg=1624548760\"                 data-src=\"https:\/\/www.nonsolomodanews.it\/wordpress\/wp-content\/uploads\/photo-gallery\/lara%20maggio\/thumb\/20102016-DSC_7864.jpg?bwg=1624548760\"                 data-width=\"\"                 data-height=\"\"                 alt=\"Lara Maggio - Ph. Bruno Angelo Porcellana - Mua Francesca Paci\"                 title=\"Lara Maggio - Ph. Bruno Angelo Porcellana - Mua Francesca Paci\" \/>                      <\/div>        <\/a>                <a class=\"bwg-a\" >          <div class=\"bwg_mosaic_thumb_spun_0 bwg-item0 bwg-mosaic-thumb-span \">            <img decoding=\"async\" class=\"bwg_mosaic_thumb_0 skip-lazy bwg_img_clear bwg_img_custom \"                 id=\"15932\"                 src=\"https:\/\/www.nonsolomodanews.it\/wordpress\/wp-content\/uploads\/photo-gallery\/lara%20maggio\/thumb\/20102016-DSC_7859.jpg?bwg=1624548760\"                 data-src=\"https:\/\/www.nonsolomodanews.it\/wordpress\/wp-content\/uploads\/photo-gallery\/lara%20maggio\/thumb\/20102016-DSC_7859.jpg?bwg=1624548760\"                 data-width=\"\"                 data-height=\"\"                 alt=\"Lara Maggio - Ph. Bruno Angelo Porcellana - Mua Francesca Paci\"                 title=\"Lara Maggio - Ph. Bruno Angelo Porcellana - Mua Francesca Paci\" \/>                      <\/div>        <\/a>                <a class=\"bwg-a\" >          <div class=\"bwg_mosaic_thumb_spun_0 bwg-item0 bwg-mosaic-thumb-span \">            <img decoding=\"async\" class=\"bwg_mosaic_thumb_0 skip-lazy bwg_img_clear bwg_img_custom \"                 id=\"15931\"                 src=\"https:\/\/www.nonsolomodanews.it\/wordpress\/wp-content\/uploads\/photo-gallery\/lara%20maggio\/thumb\/20102016-DSC_7857.jpg?bwg=1624548760\"                 data-src=\"https:\/\/www.nonsolomodanews.it\/wordpress\/wp-content\/uploads\/photo-gallery\/lara%20maggio\/thumb\/20102016-DSC_7857.jpg?bwg=1624548760\"                 data-width=\"\"                 data-height=\"\"                 alt=\"Lara Maggio - Ph. Bruno Angelo Porcellana - Mua Francesca Paci\"                 title=\"Lara Maggio - Ph. Bruno Angelo Porcellana - Mua Francesca Paci\" \/>                      <\/div>        <\/a>                <a class=\"bwg-a\" >          <div class=\"bwg_mosaic_thumb_spun_0 bwg-item0 bwg-mosaic-thumb-span \">            <img decoding=\"async\" class=\"bwg_mosaic_thumb_0 skip-lazy bwg_img_clear bwg_img_custom \"                 id=\"15930\"                 src=\"https:\/\/www.nonsolomodanews.it\/wordpress\/wp-content\/uploads\/photo-gallery\/lara%20maggio\/thumb\/20102016-DSC_7851.jpg?bwg=1624548760\"                 data-src=\"https:\/\/www.nonsolomodanews.it\/wordpress\/wp-content\/uploads\/photo-gallery\/lara%20maggio\/thumb\/20102016-DSC_7851.jpg?bwg=1624548760\"                 data-width=\"\"                 data-height=\"\"                 alt=\"Lara Maggio - Ph. Bruno Angelo Porcellana - Mua Francesca Paci\"                 title=\"Lara Maggio - Ph. Bruno Angelo Porcellana - Mua Francesca Paci\" \/>                      <\/div>        <\/a>                <a class=\"bwg-a\" >          <div class=\"bwg_mosaic_thumb_spun_0 bwg-item0 bwg-mosaic-thumb-span \">            <img decoding=\"async\" class=\"bwg_mosaic_thumb_0 skip-lazy bwg_img_clear bwg_img_custom \"                 id=\"15929\"                 src=\"https:\/\/www.nonsolomodanews.it\/wordpress\/wp-content\/uploads\/photo-gallery\/lara%20maggio\/thumb\/20102016-DSC_7847.jpg?bwg=1624548760\"                 data-src=\"https:\/\/www.nonsolomodanews.it\/wordpress\/wp-content\/uploads\/photo-gallery\/lara%20maggio\/thumb\/20102016-DSC_7847.jpg?bwg=1624548760\"                 data-width=\"\"                 data-height=\"\"                 alt=\"Lara Maggio - Ph. Bruno Angelo Porcellana - Mua Francesca Paci\"                 title=\"Lara Maggio - Ph. Bruno Angelo Porcellana - Mua Francesca Paci\" \/>                      <\/div>        <\/a>                <a class=\"bwg-a\" >          <div class=\"bwg_mosaic_thumb_spun_0 bwg-item0 bwg-mosaic-thumb-span \">            <img decoding=\"async\" class=\"bwg_mosaic_thumb_0 skip-lazy bwg_img_clear bwg_img_custom \"                 id=\"15928\"                 src=\"https:\/\/www.nonsolomodanews.it\/wordpress\/wp-content\/uploads\/photo-gallery\/lara%20maggio\/thumb\/20102016-DSC_7824.jpg?bwg=1624548760\"                 data-src=\"https:\/\/www.nonsolomodanews.it\/wordpress\/wp-content\/uploads\/photo-gallery\/lara%20maggio\/thumb\/20102016-DSC_7824.jpg?bwg=1624548760\"                 data-width=\"\"                 data-height=\"\"                 alt=\"Lara Maggio - Ph. Bruno Angelo Porcellana - Mua Francesca Paci\"                 title=\"Lara Maggio - Ph. Bruno Angelo Porcellana - Mua Francesca Paci\" \/>                      <\/div>        <\/a>                <a class=\"bwg-a\" >          <div class=\"bwg_mosaic_thumb_spun_0 bwg-item0 bwg-mosaic-thumb-span \">            <img decoding=\"async\" class=\"bwg_mosaic_thumb_0 skip-lazy bwg_img_clear bwg_img_custom \"                 id=\"15927\"                 src=\"https:\/\/www.nonsolomodanews.it\/wordpress\/wp-content\/uploads\/photo-gallery\/lara%20maggio\/thumb\/20102016-DSC_7811.jpg?bwg=1624548760\"                 data-src=\"https:\/\/www.nonsolomodanews.it\/wordpress\/wp-content\/uploads\/photo-gallery\/lara%20maggio\/thumb\/20102016-DSC_7811.jpg?bwg=1624548760\"                 data-width=\"\"                 data-height=\"\"                 alt=\"Lara Maggio - Ph. Bruno Angelo Porcellana - Mua Francesca Paci\"                 title=\"Lara Maggio - Ph. Bruno Angelo Porcellana - Mua Francesca Paci\" \/>                      <\/div>        <\/a>                <a class=\"bwg-a\" >          <div class=\"bwg_mosaic_thumb_spun_0 bwg-item0 bwg-mosaic-thumb-span \">            <img decoding=\"async\" class=\"bwg_mosaic_thumb_0 skip-lazy bwg_img_clear bwg_img_custom \"                 id=\"15926\"                 src=\"https:\/\/www.nonsolomodanews.it\/wordpress\/wp-content\/uploads\/photo-gallery\/lara%20maggio\/thumb\/20102016-DSC_7755_bn.jpg?bwg=1624548760\"                 data-src=\"https:\/\/www.nonsolomodanews.it\/wordpress\/wp-content\/uploads\/photo-gallery\/lara%20maggio\/thumb\/20102016-DSC_7755_bn.jpg?bwg=1624548760\"                 data-width=\"\"                 data-height=\"\"                 alt=\"Lara Maggio - Ph. Bruno Angelo Porcellana - Mua Francesca Paci\"                 title=\"Lara Maggio - Ph. Bruno Angelo Porcellana - Mua Francesca Paci\" \/>                      <\/div>        <\/a>                <a class=\"bwg-a\" >          <div class=\"bwg_mosaic_thumb_spun_0 bwg-item0 bwg-mosaic-thumb-span \">            <img decoding=\"async\" class=\"bwg_mosaic_thumb_0 skip-lazy bwg_img_clear bwg_img_custom \"                 id=\"15921\"                 src=\"https:\/\/www.nonsolomodanews.it\/wordpress\/wp-content\/uploads\/photo-gallery\/lara%20maggio\/thumb\/20102016-DSC_7752.jpg?bwg=1624548760\"                 data-src=\"https:\/\/www.nonsolomodanews.it\/wordpress\/wp-content\/uploads\/photo-gallery\/lara%20maggio\/thumb\/20102016-DSC_7752.jpg?bwg=1624548760\"                 data-width=\"\"                 data-height=\"\"                 alt=\"Lara Maggio - Ph. Bruno Angelo Porcellana - Mua Francesca Paci\"                 title=\"Lara Maggio - Ph. Bruno Angelo Porcellana - Mua Francesca Paci\" \/>                      <\/div>        <\/a>                <a class=\"bwg-a\" >          <div class=\"bwg_mosaic_thumb_spun_0 bwg-item0 bwg-mosaic-thumb-span \">            <img decoding=\"async\" class=\"bwg_mosaic_thumb_0 skip-lazy bwg_img_clear bwg_img_custom \"                 id=\"15918\"                 src=\"https:\/\/www.nonsolomodanews.it\/wordpress\/wp-content\/uploads\/photo-gallery\/lara%20maggio\/thumb\/20102016-DSC_7749.jpg?bwg=1624548760\"                 data-src=\"https:\/\/www.nonsolomodanews.it\/wordpress\/wp-content\/uploads\/photo-gallery\/lara%20maggio\/thumb\/20102016-DSC_7749.jpg?bwg=1624548760\"                 data-width=\"\"                 data-height=\"\"                 alt=\"Lara Maggio - Ph. Bruno Angelo Porcellana - Mua Francesca Paci\"                 title=\"Lara Maggio - Ph. Bruno Angelo Porcellana - Mua Francesca Paci\" \/>                      <\/div>        <\/a>                <a class=\"bwg-a\" >          <div class=\"bwg_mosaic_thumb_spun_0 bwg-item0 bwg-mosaic-thumb-span \">            <img decoding=\"async\" class=\"bwg_mosaic_thumb_0 skip-lazy bwg_img_clear bwg_img_custom \"                 id=\"15916\"                 src=\"https:\/\/www.nonsolomodanews.it\/wordpress\/wp-content\/uploads\/photo-gallery\/lara%20maggio\/thumb\/20102016-DSC_7747.jpg?bwg=1624548760\"                 data-src=\"https:\/\/www.nonsolomodanews.it\/wordpress\/wp-content\/uploads\/photo-gallery\/lara%20maggio\/thumb\/20102016-DSC_7747.jpg?bwg=1624548760\"                 data-width=\"\"                 data-height=\"\"                 alt=\"Lara Maggio - Ph. Bruno Angelo Porcellana - Mua Francesca Paci\"                 title=\"Lara Maggio - Ph. Bruno Angelo Porcellana - Mua Francesca Paci\" \/>                      <\/div>        <\/a>                <a class=\"bwg-a\" >          <div class=\"bwg_mosaic_thumb_spun_0 bwg-item0 bwg-mosaic-thumb-span \">            <img decoding=\"async\" class=\"bwg_mosaic_thumb_0 skip-lazy bwg_img_clear bwg_img_custom \"                 id=\"15915\"                 src=\"https:\/\/www.nonsolomodanews.it\/wordpress\/wp-content\/uploads\/photo-gallery\/lara%20maggio\/thumb\/20102016-DSC_7746.jpg?bwg=1624548760\"                 data-src=\"https:\/\/www.nonsolomodanews.it\/wordpress\/wp-content\/uploads\/photo-gallery\/lara%20maggio\/thumb\/20102016-DSC_7746.jpg?bwg=1624548760\"                 data-width=\"\"                 data-height=\"\"                 alt=\"Lara Maggio - Ph. Bruno Angelo Porcellana - Mua Francesca Paci\"                 title=\"Lara Maggio - Ph. Bruno Angelo Porcellana - Mua Francesca Paci\" \/>                      <\/div>        <\/a>                <a class=\"bwg-a\" >          <div class=\"bwg_mosaic_thumb_spun_0 bwg-item0 bwg-mosaic-thumb-span \">            <img decoding=\"async\" class=\"bwg_mosaic_thumb_0 skip-lazy bwg_img_clear bwg_img_custom \"                 id=\"15914\"                 src=\"https:\/\/www.nonsolomodanews.it\/wordpress\/wp-content\/uploads\/photo-gallery\/lara%20maggio\/thumb\/20102016-DSC_7745.jpg?bwg=1624548760\"                 data-src=\"https:\/\/www.nonsolomodanews.it\/wordpress\/wp-content\/uploads\/photo-gallery\/lara%20maggio\/thumb\/20102016-DSC_7745.jpg?bwg=1624548760\"                 data-width=\"\"                 data-height=\"\"                 alt=\"Lara Maggio - Ph. Bruno Angelo Porcellana - Mua Francesca Paci\"                 title=\"Lara Maggio - Ph. Bruno Angelo Porcellana - Mua Francesca Paci\" \/>                      <\/div>        <\/a>                <a class=\"bwg-a\" >          <div class=\"bwg_mosaic_thumb_spun_0 bwg-item0 bwg-mosaic-thumb-span \">            <img decoding=\"async\" class=\"bwg_mosaic_thumb_0 skip-lazy bwg_img_clear bwg_img_custom \"                 id=\"15913\"                 src=\"https:\/\/www.nonsolomodanews.it\/wordpress\/wp-content\/uploads\/photo-gallery\/lara%20maggio\/thumb\/20102016-DSC_7744.jpg?bwg=1624548760\"                 data-src=\"https:\/\/www.nonsolomodanews.it\/wordpress\/wp-content\/uploads\/photo-gallery\/lara%20maggio\/thumb\/20102016-DSC_7744.jpg?bwg=1624548760\"                 data-width=\"\"                 data-height=\"\"                 alt=\"Lara Maggio - Ph. Bruno Angelo Porcellana - Mua Francesca Paci\"                 title=\"Lara Maggio - Ph. Bruno Angelo Porcellana - Mua Francesca Paci\" \/>                      <\/div>        <\/a>                <a class=\"bwg-a\" >          <div class=\"bwg_mosaic_thumb_spun_0 bwg-item0 bwg-mosaic-thumb-span \">            <img decoding=\"async\" class=\"bwg_mosaic_thumb_0 skip-lazy bwg_img_clear bwg_img_custom \"                 id=\"15912\"                 src=\"https:\/\/www.nonsolomodanews.it\/wordpress\/wp-content\/uploads\/photo-gallery\/lara%20maggio\/thumb\/20102016-DSC_7743.jpg?bwg=1624548760\"                 data-src=\"https:\/\/www.nonsolomodanews.it\/wordpress\/wp-content\/uploads\/photo-gallery\/lara%20maggio\/thumb\/20102016-DSC_7743.jpg?bwg=1624548760\"                 data-width=\"\"                 data-height=\"\"                 alt=\"Lara Maggio - Ph. Bruno Angelo Porcellana - Mua Francesca Paci\"                 title=\"Lara Maggio - Ph. Bruno Angelo Porcellana - Mua Francesca Paci\" \/>                      <\/div>        <\/a>                <a class=\"bwg-a\" >          <div class=\"bwg_mosaic_thumb_spun_0 bwg-item0 bwg-mosaic-thumb-span \">            <img decoding=\"async\" class=\"bwg_mosaic_thumb_0 skip-lazy bwg_img_clear bwg_img_custom \"                 id=\"15911\"                 src=\"https:\/\/www.nonsolomodanews.it\/wordpress\/wp-content\/uploads\/photo-gallery\/lara%20maggio\/thumb\/20102016-DSC_7742.jpg?bwg=1624548760\"                 data-src=\"https:\/\/www.nonsolomodanews.it\/wordpress\/wp-content\/uploads\/photo-gallery\/lara%20maggio\/thumb\/20102016-DSC_7742.jpg?bwg=1624548760\"                 data-width=\"\"                 data-height=\"\"                 alt=\"Lara Maggio - Ph. Bruno Angelo Porcellana - Mua Francesca Paci\"                 title=\"Lara Maggio - Ph. Bruno Angelo Porcellana - Mua Francesca Paci\" \/>                      <\/div>        <\/a>                <a class=\"bwg-a\" >          <div class=\"bwg_mosaic_thumb_spun_0 bwg-item0 bwg-mosaic-thumb-span \">            <img decoding=\"async\" class=\"bwg_mosaic_thumb_0 skip-lazy bwg_img_clear bwg_img_custom \"                 id=\"15910\"                 src=\"https:\/\/www.nonsolomodanews.it\/wordpress\/wp-content\/uploads\/photo-gallery\/lara%20maggio\/thumb\/20102016-DSC_7741.jpg?bwg=1624548760\"                 data-src=\"https:\/\/www.nonsolomodanews.it\/wordpress\/wp-content\/uploads\/photo-gallery\/lara%20maggio\/thumb\/20102016-DSC_7741.jpg?bwg=1624548760\"                 data-width=\"\"                 data-height=\"\"                 alt=\"Lara Maggio - Ph. Bruno Angelo Porcellana - Mua Francesca Paci\"                 title=\"Lara Maggio - Ph. Bruno Angelo Porcellana - Mua Francesca Paci\" \/>                      <\/div>        <\/a>                <a class=\"bwg-a\" >          <div class=\"bwg_mosaic_thumb_spun_0 bwg-item0 bwg-mosaic-thumb-span \">            <img decoding=\"async\" class=\"bwg_mosaic_thumb_0 skip-lazy bwg_img_clear bwg_img_custom \"                 id=\"15909\"                 src=\"https:\/\/www.nonsolomodanews.it\/wordpress\/wp-content\/uploads\/photo-gallery\/lara%20maggio\/thumb\/20102016-DSC_7740.jpg?bwg=1624548760\"                 data-src=\"https:\/\/www.nonsolomodanews.it\/wordpress\/wp-content\/uploads\/photo-gallery\/lara%20maggio\/thumb\/20102016-DSC_7740.jpg?bwg=1624548760\"                 data-width=\"\"                 data-height=\"\"                 alt=\"Lara Maggio - Ph. Bruno Angelo Porcellana - Mua Francesca Paci\"                 title=\"Lara Maggio - Ph. Bruno Angelo Porcellana - Mua Francesca Paci\" \/>                      <\/div>        <\/a>                <a class=\"bwg-a\" >          <div class=\"bwg_mosaic_thumb_spun_0 bwg-item0 bwg-mosaic-thumb-span \">            <img decoding=\"async\" class=\"bwg_mosaic_thumb_0 skip-lazy bwg_img_clear bwg_img_custom \"                 id=\"15908\"                 src=\"https:\/\/www.nonsolomodanews.it\/wordpress\/wp-content\/uploads\/photo-gallery\/lara%20maggio\/thumb\/20102016-DSC_7739.jpg?bwg=1624548760\"                 data-src=\"https:\/\/www.nonsolomodanews.it\/wordpress\/wp-content\/uploads\/photo-gallery\/lara%20maggio\/thumb\/20102016-DSC_7739.jpg?bwg=1624548760\"                 data-width=\"\"                 data-height=\"\"                 alt=\"Lara Maggio - Ph. Bruno Angelo Porcellana - Mua Francesca Paci\"                 title=\"Lara Maggio - Ph. Bruno Angelo Porcellana - Mua Francesca Paci\" \/>                      <\/div>        <\/a>                <a class=\"bwg-a\" >          <div class=\"bwg_mosaic_thumb_spun_0 bwg-item0 bwg-mosaic-thumb-span \">            <img decoding=\"async\" class=\"bwg_mosaic_thumb_0 skip-lazy bwg_img_clear bwg_img_custom \"                 id=\"15907\"                 src=\"https:\/\/www.nonsolomodanews.it\/wordpress\/wp-content\/uploads\/photo-gallery\/lara%20maggio\/thumb\/20102016-DSC_7738.jpg?bwg=1624548760\"                 data-src=\"https:\/\/www.nonsolomodanews.it\/wordpress\/wp-content\/uploads\/photo-gallery\/lara%20maggio\/thumb\/20102016-DSC_7738.jpg?bwg=1624548760\"                 data-width=\"\"                 data-height=\"\"                 alt=\"Lara Maggio - Ph. Bruno Angelo Porcellana - Mua Francesca Paci\"                 title=\"Lara Maggio - Ph. Bruno Angelo Porcellana - Mua Francesca Paci\" \/>                      <\/div>        <\/a>                <a class=\"bwg-a\" >          <div class=\"bwg_mosaic_thumb_spun_0 bwg-item0 bwg-mosaic-thumb-span \">            <img decoding=\"async\" class=\"bwg_mosaic_thumb_0 skip-lazy bwg_img_clear bwg_img_custom \"                 id=\"15905\"                 src=\"https:\/\/www.nonsolomodanews.it\/wordpress\/wp-content\/uploads\/photo-gallery\/lara%20maggio\/thumb\/20102016-DSC_7737.jpg?bwg=1624548760\"                 data-src=\"https:\/\/www.nonsolomodanews.it\/wordpress\/wp-content\/uploads\/photo-gallery\/lara%20maggio\/thumb\/20102016-DSC_7737.jpg?bwg=1624548760\"                 data-width=\"\"                 data-height=\"\"                 alt=\"Lara Maggio - Ph. Bruno Angelo Porcellana - Mua Francesca Paci\"                 title=\"Lara Maggio - Ph. Bruno Angelo Porcellana - Mua Francesca Paci\" \/>                      <\/div>        <\/a>                <a class=\"bwg-a\" >          <div class=\"bwg_mosaic_thumb_spun_0 bwg-item0 bwg-mosaic-thumb-span \">            <img decoding=\"async\" class=\"bwg_mosaic_thumb_0 skip-lazy bwg_img_clear bwg_img_custom \"                 id=\"15903\"                 src=\"https:\/\/www.nonsolomodanews.it\/wordpress\/wp-content\/uploads\/photo-gallery\/lara%20maggio\/thumb\/20102016-DSC_7736.jpg?bwg=1624548760\"                 data-src=\"https:\/\/www.nonsolomodanews.it\/wordpress\/wp-content\/uploads\/photo-gallery\/lara%20maggio\/thumb\/20102016-DSC_7736.jpg?bwg=1624548760\"                 data-width=\"\"                 data-height=\"\"                 alt=\"Lara Maggio - Ph. Bruno Angelo Porcellana - Mua Francesca Paci\"                 title=\"Lara Maggio - Ph. Bruno Angelo Porcellana - Mua Francesca Paci\" \/>                      <\/div>        <\/a>                <a class=\"bwg-a\" >          <div class=\"bwg_mosaic_thumb_spun_0 bwg-item0 bwg-mosaic-thumb-span \">            <img decoding=\"async\" class=\"bwg_mosaic_thumb_0 skip-lazy bwg_img_clear bwg_img_custom \"                 id=\"15902\"                 src=\"https:\/\/www.nonsolomodanews.it\/wordpress\/wp-content\/uploads\/photo-gallery\/lara%20maggio\/thumb\/20102016-DSC_7735.jpg?bwg=1624548760\"                 data-src=\"https:\/\/www.nonsolomodanews.it\/wordpress\/wp-content\/uploads\/photo-gallery\/lara%20maggio\/thumb\/20102016-DSC_7735.jpg?bwg=1624548760\"                 data-width=\"\"                 data-height=\"\"                 alt=\"Lara Maggio - Ph. Bruno Angelo Porcellana - Mua Francesca Paci\"                 title=\"Lara Maggio - Ph. Bruno Angelo Porcellana - Mua Francesca Paci\" \/>                      <\/div>        <\/a>                <a class=\"bwg-a\" >          <div class=\"bwg_mosaic_thumb_spun_0 bwg-item0 bwg-mosaic-thumb-span \">            <img decoding=\"async\" class=\"bwg_mosaic_thumb_0 skip-lazy bwg_img_clear bwg_img_custom \"                 id=\"15901\"                 src=\"https:\/\/www.nonsolomodanews.it\/wordpress\/wp-content\/uploads\/photo-gallery\/lara%20maggio\/thumb\/20102016-DSC_7734.jpg?bwg=1624548760\"                 data-src=\"https:\/\/www.nonsolomodanews.it\/wordpress\/wp-content\/uploads\/photo-gallery\/lara%20maggio\/thumb\/20102016-DSC_7734.jpg?bwg=1624548760\"                 data-width=\"\"                 data-height=\"\"                 alt=\"Lara Maggio - Ph. Bruno Angelo Porcellana - Mua Francesca Paci\"                 title=\"Lara Maggio - Ph. Bruno Angelo Porcellana - Mua Francesca Paci\" \/>                      <\/div>        <\/a>                <a class=\"bwg-a\" >          <div class=\"bwg_mosaic_thumb_spun_0 bwg-item0 bwg-mosaic-thumb-span \">            <img decoding=\"async\" class=\"bwg_mosaic_thumb_0 skip-lazy bwg_img_clear bwg_img_custom \"                 id=\"15899\"                 src=\"https:\/\/www.nonsolomodanews.it\/wordpress\/wp-content\/uploads\/photo-gallery\/lara%20maggio\/thumb\/20102016-DSC_7732.jpg?bwg=1624548760\"                 data-src=\"https:\/\/www.nonsolomodanews.it\/wordpress\/wp-content\/uploads\/photo-gallery\/lara%20maggio\/thumb\/20102016-DSC_7732.jpg?bwg=1624548760\"                 data-width=\"\"                 data-height=\"\"                 alt=\"Lara Maggio - Ph. Bruno Angelo Porcellana - Mua Francesca Paci\"                 title=\"Lara Maggio - Ph. Bruno Angelo Porcellana - Mua Francesca Paci\" \/>                      <\/div>        <\/a>                <a class=\"bwg-a\" >          <div class=\"bwg_mosaic_thumb_spun_0 bwg-item0 bwg-mosaic-thumb-span \">            <img decoding=\"async\" class=\"bwg_mosaic_thumb_0 skip-lazy bwg_img_clear bwg_img_custom \"                 id=\"15898\"                 src=\"https:\/\/www.nonsolomodanews.it\/wordpress\/wp-content\/uploads\/photo-gallery\/lara%20maggio\/thumb\/20102016-DSC_7731.jpg?bwg=1624548760\"                 data-src=\"https:\/\/www.nonsolomodanews.it\/wordpress\/wp-content\/uploads\/photo-gallery\/lara%20maggio\/thumb\/20102016-DSC_7731.jpg?bwg=1624548760\"                 data-width=\"\"                 data-height=\"\"                 alt=\"Lara Maggio - Ph. Bruno Angelo Porcellana - Mua Francesca Paci\"                 title=\"Lara Maggio - Ph. Bruno Angelo Porcellana - Mua Francesca Paci\" \/>                      <\/div>        <\/a>                <a class=\"bwg-a\" >          <div class=\"bwg_mosaic_thumb_spun_0 bwg-item0 bwg-mosaic-thumb-span \">            <img decoding=\"async\" class=\"bwg_mosaic_thumb_0 skip-lazy bwg_img_clear bwg_img_custom \"                 id=\"15897\"                 src=\"https:\/\/www.nonsolomodanews.it\/wordpress\/wp-content\/uploads\/photo-gallery\/lara%20maggio\/thumb\/20102016-DSC_7730.jpg?bwg=1624548760\"                 data-src=\"https:\/\/www.nonsolomodanews.it\/wordpress\/wp-content\/uploads\/photo-gallery\/lara%20maggio\/thumb\/20102016-DSC_7730.jpg?bwg=1624548760\"                 data-width=\"\"                 data-height=\"\"                 alt=\"Lara Maggio - Ph. Bruno Angelo Porcellana - Mua Francesca Paci\"                 title=\"Lara Maggio - Ph. Bruno Angelo Porcellana - Mua Francesca Paci\" \/>                      <\/div>        <\/a>                <a class=\"bwg-a\" >          <div class=\"bwg_mosaic_thumb_spun_0 bwg-item0 bwg-mosaic-thumb-span \">            <img decoding=\"async\" class=\"bwg_mosaic_thumb_0 skip-lazy bwg_img_clear bwg_img_custom \"                 id=\"15896\"                 src=\"https:\/\/www.nonsolomodanews.it\/wordpress\/wp-content\/uploads\/photo-gallery\/lara%20maggio\/thumb\/20102016-DSC_7729.jpg?bwg=1624548760\"                 data-src=\"https:\/\/www.nonsolomodanews.it\/wordpress\/wp-content\/uploads\/photo-gallery\/lara%20maggio\/thumb\/20102016-DSC_7729.jpg?bwg=1624548760\"                 data-width=\"\"                 data-height=\"\"                 alt=\"Lara Maggio - Ph. Bruno Angelo Porcellana - Mua Francesca Paci\"                 title=\"Lara Maggio - Ph. Bruno Angelo Porcellana - Mua Francesca Paci\" \/>                      <\/div>        <\/a>            <\/div>    <\/div>    <style>      \/*pagination styles*\/      #bwg_container1_0 #bwg_container2_0 .tablenav-pages_0 {\t\t\t\ttext-align: center;\t\t\t\tfont-size: 12px;\t\t\t\tfont-family: segoe ui;\t\t\t\tfont-weight: bold;\t\t\t\tcolor: #666666;\t\t\t\tmargin: 6px 0 4px;\t\t\t\tdisplay: block;      }      @media only screen and (max-width : 320px) {      #bwg_container1_0 #bwg_container2_0 .displaying-num_0 {     \t display: none;      }      }      #bwg_container1_0 #bwg_container2_0 .displaying-num_0 {\t\t\t\tfont-size: 12px;\t\t\t\tfont-family: segoe ui;\t\t\t\tfont-weight: bold;\t\t\t\tcolor: #666666;\t\t\t\tmargin-right: 10px;\t\t\t\tvertical-align: middle;      }      #bwg_container1_0 #bwg_container2_0 .paging-input_0 {\t\t\t\tfont-size: 12px;\t\t\t\tfont-family: segoe ui;\t\t\t\tfont-weight: bold;\t\t\t\tcolor: #666666;\t\t\t\tvertical-align: middle;      }      #bwg_container1_0 #bwg_container2_0 .tablenav-pages_0 a.disabled,      #bwg_container1_0 #bwg_container2_0 .tablenav-pages_0 a.disabled:hover,      #bwg_container1_0 #bwg_container2_0 .tablenav-pages_0 a.disabled:focus,\t\t\t#bwg_container1_0 #bwg_container2_0 .tablenav-pages_0 input.bwg_current_page {\t\t\t\tcursor: default;\t\t\t\tcolor: rgba(102, 102, 102, 0.5);      }      #bwg_container1_0 #bwg_container2_0 .tablenav-pages_0 a,      #bwg_container1_0 #bwg_container2_0 .tablenav-pages_0 input.bwg_current_page {\t\t\t\tcursor: pointer;\t\t\t\ttext-align: center;\t\t\t\tfont-size: 12px;\t\t\t\tfont-family: segoe ui;\t\t\t\tfont-weight: bold;\t\t\t\tcolor: #666666;\t\t\t\ttext-decoration: none;\t\t\t\tpadding: 3px 6px;\t\t\t\tmargin: 0;\t\t\t\tborder-radius: 0;\t\t\t\tborder-style: solid;\t\t\t\tborder-width: 1px;\t\t\t\tborder-color: #E3E3E3;\t\t\t\t\t\t\t\tbackground-color: rgba(255, 255, 255, 1.00);\t\t\t\tbox-shadow: 0;\t\t\t\ttransition: all 0.3s ease 0s;-webkit-transition: all 0.3s ease 0s;      }      <\/style>      <span class=\"bwg_nav_cont_0\">              <div class=\"tablenav-pages_0\">                      <span class=\"pagination-links_0 pagination-links\" data-pages-count=\"2\">              <span class=\"pagination-links_col1\">              <a class=\"bwg-a first-page disabled\" title=\"Vai alla prima pagina\" >\u00ab<\/a>              <a class=\"bwg-a prev-page disabled\" title=\"Vai alla pagina precedente\" >\u2039<\/a>              <\/span>\t\t\t\t\t\t\t<span class=\"pagination-links_col2\">\t\t\t\t\t\t\t\t\t<input type=\"number\" class=\"bwg_current_page\" name=\"bwg_current_page\" value=\"1\" data-url-info=\"page_number_0\" onkeypress=\"return bwg_change_page_0(event, this)\" min=\"1\" oninput=\"validity.valid||(value='')\" \/>\t\t\t\t\t\t\t\t\t\tdi\t\t\t\t\t\t\t\t\t\t<span class=\"total-pages_0\">\t\t\t\t\t\t\t\t\t\t\t2\t\t\t\t\t\t\t\t\t\t<\/span>\t\t\t\t\t\t\t<\/span>              <span class=\"pagination-links_col3\">                <a class=\"bwg-a next-page-0\" title=\"Vai alla pagina successiva\" href=\"\/wordpress\/wp-json\/wp\/v2\/posts\/15449?page_number_0=2\">\u203a<\/a>                <a class=\"bwg-a last-page-0\" title=\"Vai all&#039;ultima pagina\" href=\"\/wordpress\/wp-json\/wp\/v2\/posts\/15449?page_number_0=2\">\u00bb<\/a>              <\/span>\t\t\t\t\t\t<\/span>\t\t\t\t\t\t        <\/div>                <input type=\"hidden\" id=\"page_number_0\" name=\"page_number_0\" value=\"1\" \/>      <script type=\"text\/javascript\">        if( jQuery('.bwg_nav_cont_0').length > 1 ) {          jQuery('.bwg_nav_cont_0').first().remove()        }        function spider_page_0(cur, x, y, load_more) {          if (typeof load_more == \"undefined\") {            var load_more = false;          }          if (jQuery(cur).hasClass('disabled')) {            return false;          }          var items_county_0 = 2;          switch (y) {            case 1:              if (x >= items_county_0) {                document.getElementById('page_number_0').value = items_county_0;              }              else {                document.getElementById('page_number_0').value = x + 1;              }              break;            case 2:              document.getElementById('page_number_0').value = items_county_0;              break;            case -1:              if (x == 1) {                document.getElementById('page_number_0').value = 1;              }              else {                document.getElementById('page_number_0').value = x - 1;              }              break;            case -2:              document.getElementById('page_number_0').value = 1;              break;\t\t\t\t\t\tcase 0:              document.getElementById('page_number_0').value = x;              break;            default:              document.getElementById('page_number_0').value = 1;          }          bwg_ajax('gal_front_form_0', '0', 'bwg_thumbnails_mosaic_0', '0', '', 'gallery', 0, '', '', load_more, '', 1);        }                    jQuery('.first-page disabled').on('click', function () {              spider_page_0(this, 1, -2, 'numeric');              return false;            });            jQuery('.prev-page disabled').on('click', function () {              spider_page_0(this, 1, -1, 'numeric');              return false;            });            jQuery('.next-page-0').on('click', function () {              spider_page_0(this, 1, 1, 'numeric');              return false;            });            jQuery('.last-page-0').on('click', function () {              spider_page_0(this, 1, 2, 'numeric');              return false;            });        \t\t\t\t\/* Change page on input enter. *\/        function bwg_change_page_0( e, that ) {          if (  e.key == 'Enter' ) {            var to_page = parseInt(jQuery(that).val());            var pages_count = jQuery(that).parents(\".pagination-links\").data(\"pages-count\");            var current_url_param = jQuery(that).attr('data-url-info');            if (to_page > pages_count) {              to_page = 1;            }\t \t\t\t\t\t\t\t\t\t\t\t\tspider_page_0(this, to_page, 0, 'numeric');\t\t\t\t\t\t\treturn false;\t\t\t\t\t\t          }          return true;        }        jQuery('.bwg_load_btn_0').on('click', function () {            spider_page_0(this, 1, 1, true);            return false;        });      <\/script>      <\/span>                <\/div>        <\/form>              <\/div>    <\/div>    <script>      if (document.readyState === 'complete') {        if( typeof bwg_main_ready == 'function' ) {          if ( jQuery(\"#bwg_container1_0\").height() ) {            bwg_main_ready(jQuery(\"#bwg_container1_0\"));          }        }      } else {        document.addEventListener('DOMContentLoaded', function() {          if( typeof bwg_main_ready == 'function' ) {            if ( jQuery(\"#bwg_container1_0\").height() ) {             bwg_main_ready(jQuery(\"#bwg_container1_0\"));            }          }        });      }    <\/script>    \n<p>&nbsp;<\/p>\n","protected":false},"excerpt":{"rendered":"<p>Conosciamo Lara Maggio, giovanissima campionessa mondiale &nbsp;under21 di JuJitsu e fotomodella quando gli impegni sportivi (allenamento e gare) e di studio le permettono di frequentare i set fotografici come &egrave; avvenuto nel caso di Nonsolomodanews. Ringraziamo Lara e auguriamo ai lettori di Nonsolomodanews buona lettura e buona visione della gallery.<\/p>\n","protected":false},"author":1,"featured_media":15460,"comment_status":"open","ping_status":"open","sticky":false,"template":"","format":"standard","meta":{"rop_custom_images_group":[],"rop_custom_messages_group":[],"rop_publish_now":"initial","rop_publish_now_accounts":[],"rop_publish_now_history":[],"rop_publish_now_status":"pending","footnotes":""},"categories":[16],"tags":[2139,2138,2137,2136,2140],"class_list":["post-15449","post","type-post","status-publish","format-standard","has-post-thumbnail","hentry","category-articolo","tag-arti-marziali","tag-campionessa-del-mondo","tag-jujitsu","tag-lara-maggio","tag-sport"],"_links":{"self":[{"href":"https:\/\/www.nonsolomodanews.it\/wordpress\/wp-json\/wp\/v2\/posts\/15449","targetHints":{"allow":["GET"]}}],"collection":[{"href":"https:\/\/www.nonsolomodanews.it\/wordpress\/wp-json\/wp\/v2\/posts"}],"about":[{"href":"https:\/\/www.nonsolomodanews.it\/wordpress\/wp-json\/wp\/v2\/types\/post"}],"author":[{"embeddable":true,"href":"https:\/\/www.nonsolomodanews.it\/wordpress\/wp-json\/wp\/v2\/users\/1"}],"replies":[{"embeddable":true,"href":"https:\/\/www.nonsolomodanews.it\/wordpress\/wp-json\/wp\/v2\/comments?post=15449"}],"version-history":[{"count":7,"href":"https:\/\/www.nonsolomodanews.it\/wordpress\/wp-json\/wp\/v2\/posts\/15449\/revisions"}],"predecessor-version":[{"id":15464,"href":"https:\/\/www.nonsolomodanews.it\/wordpress\/wp-json\/wp\/v2\/posts\/15449\/revisions\/15464"}],"wp:featuredmedia":[{"embeddable":true,"href":"https:\/\/www.nonsolomodanews.it\/wordpress\/wp-json\/wp\/v2\/media\/15460"}],"wp:attachment":[{"href":"https:\/\/www.nonsolomodanews.it\/wordpress\/wp-json\/wp\/v2\/media?parent=15449"}],"wp:term":[{"taxonomy":"category","embeddable":true,"href":"https:\/\/www.nonsolomodanews.it\/wordpress\/wp-json\/wp\/v2\/categories?post=15449"},{"taxonomy":"post_tag","embeddable":true,"href":"https:\/\/www.nonsolomodanews.it\/wordpress\/wp-json\/wp\/v2\/tags?post=15449"}],"curies":[{"name":"wp","href":"https:\/\/api.w.org\/{rel}","templated":true}]}}