{"id":15383,"date":"2016-10-17T22:55:13","date_gmt":"2016-10-17T22:55:13","guid":{"rendered":"http:\/\/www.nonsolomodanews.it\/wordpress\/?p=15383"},"modified":"2016-10-17T22:56:48","modified_gmt":"2016-10-17T22:56:48","slug":"clelia-di-trapani-venere-spettacolo-al-concorso-nazionale-venere-ditalia-2","status":"publish","type":"post","link":"https:\/\/www.nonsolomodanews.it\/wordpress\/clelia-di-trapani-venere-spettacolo-al-concorso-nazionale-venere-ditalia-2\/","title":{"rendered":"Clelia Di Trapani,  Venere Spettacolo al concorso nazionale Venere d&#8217;Italia"},"content":{"rendered":"<div id=\"attachment_15370\" style=\"width: 209px\" class=\"wp-caption alignleft\"><a href=\"http:\/\/www.nonsolomodanews.it\/wordpress\/wp-content\/uploads\/2016\/10\/14625472_1033978873381404_2034191248_n.jpg\"><img loading=\"lazy\" decoding=\"async\" aria-describedby=\"caption-attachment-15370\" class=\"size-medium wp-image-15370\" src=\"http:\/\/www.nonsolomodanews.it\/wordpress\/wp-content\/uploads\/2016\/10\/14625472_1033978873381404_2034191248_n-199x300.jpg\" alt=\"Clelia Di Trapani\" width=\"199\" height=\"300\" srcset=\"https:\/\/www.nonsolomodanews.it\/wordpress\/wp-content\/uploads\/2016\/10\/14625472_1033978873381404_2034191248_n-199x300.jpg 199w, https:\/\/www.nonsolomodanews.it\/wordpress\/wp-content\/uploads\/2016\/10\/14625472_1033978873381404_2034191248_n.jpg 638w\" sizes=\"auto, (max-width: 199px) 100vw, 199px\" \/><\/a><p id=\"caption-attachment-15370\" class=\"wp-caption-text\">Clelia Di Trapani<\/p><\/div>\n<p style=\"text-align: justify;\"><span style=\"color: #000000;\"><strong>Clelia Di Trapani <\/strong>\u00e8 una giovanissima modella che ha rappresentato la Sicilia\u00a0alla finale nazionale del concorso Venere d\u2019Italia e che ha vinto la fascia di Venere Spettacolo. Ringraziamo\u00a0Clelia\u00a0e auguriamo ai lettori di\u00a0<strong>Nonsolomodanews<\/strong> buona lettura.<\/span><\/p>\n<p style=\"text-align: justify;\"><span style=\"color: #000000;\"><strong>Ti vuoi presentare? <\/strong><em>\u201cMi chiamo Clelia Di Trapani ho 17 anni sono nata a Palermo il 30\/10\/1998 e sono del segno dello scorpione. Da anni vivo a Partinico in provincia di Palermo. Le mie misure sono 82 seno 60 vita 86 fianchi numero di scarpe 39 altezza 178 \u00a0cm. Capelli biondi e occhi marroni. \u00a0Nella vita studio, frequento il liceo delle scienze umane. \u00a0Amo e studio danza fin da piccola sono una ragazza solare e determinata a raggiungere i miei obiettivi. Amo tutta la saga di Harry Potter e Adoro viaggiare e leggere\u201d.<\/em><\/span><\/p>\n<p style=\"text-align: justify;\"><span style=\"color: #000000;\"><strong>Innanzi tutto complimenti per aver conquistato la fascia di \u201cVenere Spettacolo\u201d.<\/strong><\/span><\/p>\n<p style=\"text-align: justify;\"><span style=\"color: #000000;\"><strong>Che cosa hai provato quando ti hanno consegnato la fascia?<\/strong><em> \u201cIn un primo momento ero incredula poi un insieme di emozioni tanta gioia e soddisfazione\u201d.<\/em><\/span><\/p>\n<p style=\"text-align: justify;\"><span style=\"color: #000000;\"><strong>Ci dici in due parole le emozioni che hai provato partecipando al concorso?<\/strong><em> \u201cDurante il concorso mi sono divertita molto ho avuto un po\u2019 d\u2019ansia per il passaggio in giuria ma nel complesso ero molto felice ed \u00e8 un esperienza che rifarei\u201d.<\/em><\/span><\/p>\n<p style=\"text-align: justify;\"><span style=\"color: #000000;\"><strong>Come sei giunta alla finale nazionale?<\/strong><em> \u201cSono giunta alla finale nazionale avendo vinto la fascia nazionale alla finale regionale in Sicilia\u201d.<\/em><\/span><\/p>\n<p style=\"text-align: justify;\"><span style=\"color: #000000;\"><strong>Tu hai conquistato la fascia di Venere Spettacolo, cosa significa per te spettacolo?<\/strong><em> \u201cPer me lo spettacolo \u00e8 tutto ci\u00f2 che attrae lo sguardo e suscita emozioni. Tutti possono fare spettacolo ma solo chi ha talento e riesce a coinvolgere gli altri \u00e8 capace di rendere bello uno spettacolo\u201d.<\/em><\/span><\/p>\n<p style=\"text-align: justify;\"><span style=\"color: #000000;\"><strong>Come sei di carattere?<\/strong><em> \u201cMi piace ridere e scherzare. Sono solare come la mia terra, un po\u2019 sognatrice \u00e8 molto ironica\u201d<\/em><\/span><\/p>\n<p style=\"text-align: justify;\"><span style=\"color: #000000;\"><strong>Sei una ragazza ambiziosa?<\/strong><em> \u201cTutti mi dicono che sono l\u2019ambizione fatta persona effettivamente si.. penso che l\u2019ambizione sia fondamentale per imporsi di arrivare in alto\u201d<\/em><\/span><\/p>\n<p style=\"text-align: justify;\"><span style=\"color: #000000;\"><strong>Come \u00e8 stato il rapporto con le altre concorrenti del concorso? <\/strong><em>\u201cHo avuto un ottimo rapporto con tutte le ragazze del concorso\u201d.<\/em><\/span><\/p>\n<p style=\"text-align: justify;\"><span style=\"color: #000000;\"><strong>E\u2019 nata qualche nuova amicizia?<\/strong><em> \u201c<\/em><em>Ho stretto amicizia con 3 altre ragazze\u201d.<\/em><\/span><\/p>\n<p style=\"text-align: justify;\"><span style=\"color: #000000;\"><strong>Segui e pratichi qualche sport in particolare?<\/strong><em> \u201cPratico e Studio Danza dall\u2019et\u00e0 di 4 anni adoro tutti i generi di danza Il ballo \u00e8 la mia passione. Per me la danza \u00e8 come l\u2019aria dove senza \u00e8 impossibile vivere\u201d.<\/em><\/span><\/p>\n<p style=\"text-align: justify;\"><span style=\"color: #000000;\"><strong>Hai degli hobby?<\/strong><em> \u201cNegli anni passati ho praticato l\u2019equitazione precisamente l\u2019endurance resistenza a cavallo. Quando ho un po\u2019 di tempo libero mi dedico al disegno e alla pittura\u201d.<\/em><\/span><\/p>\n<p style=\"text-align: justify;\"><span style=\"color: #000000;\"><strong>Qual \u00e8 il colore preferito? <\/strong><em>\u201cIl mio colore preferito \u00e8 il rosso che simboleggia la passione e il calore\u201d.<\/em><\/span><\/p>\n<p style=\"text-align: justify;\"><span style=\"color: #000000;\"><strong>A livello di cucina, qual \u00e8 il piatto che ti piace di pi\u00f9?<\/strong><em> \u201cDa buona siciliana adoro la pasta alla norma e il buon pesce per non parlare dello street food siciliano\u201d.<\/em><\/span><\/p>\n<p style=\"text-align: justify;\"><span style=\"color: #000000;\"><strong>Qual \u00e8 il tuo rapporto con il cibo?<\/strong><em> \u201c<\/em><em>Ho un ottimo rapporto con il cibo e mi definisco una buon gustaia\u201d.<\/em><\/span><\/p>\n<p style=\"text-align: justify;\"><span style=\"color: #000000;\"><strong>Che cosa \u00e8 per te la femminilit\u00e0?<\/strong><em> \u201cLa femminilit\u00e0 \u00e8 l\u2019insieme delle caratteristiche psichiche fisiche e comportamentali che una donna possiede\u201d.<\/em><\/span><\/p>\n<p style=\"text-align: justify;\"><span style=\"color: #000000;\"><strong>Nella societ\u00e0 attuale \u00e8 meglio essere o apparire?<\/strong><em> \u201cViviamo nell\u2019era dell\u2019apparire ma io preferisco essere perch\u00e9 l\u2019essere \u00e8 migliore dell\u2019apparire. L\u2019apparenza inganna l\u2019essere \u00e8 unico e inimitabile\u201d.<\/em><\/span><\/p>\n<p style=\"text-align: justify;\"><span style=\"color: #000000;\"><strong>Guardi la TV? <\/strong><em>\u201cDefinisco la TV come una finestra sul mondo. Mi piacciono i programmi di intrattenimento e di informazione. Adoro i film e le serie TV\u201d.<\/em><\/span><\/p>\n<p style=\"text-align: justify;\"><span style=\"color: #000000;\"><strong>Programma preferito?<\/strong><em> \u201cIl mio programma preferito \u00e8 amici\u201d.<\/em><\/span><\/p>\n<p style=\"text-align: justify;\"><span style=\"color: #000000;\"><strong>Personaggio televisivo che preferisci?<\/strong><em> \u201cI miei personaggi televisivi preferiti sono Emma Watson, Michelle Hunziker, Johnny Depp. Adoro la poliedricit\u00e0 di Massimo Ranieri\u201d.<\/em><\/span><\/p>\n<p style=\"text-align: justify;\"><span style=\"color: #000000;\"><strong>Ci parli delle tue esperienze di modella e fotomodella? <\/strong><em>\u201cHo iniziato un po\u2019 per gioco \u00e8 da poco che sono in questo ambito ricordo molto volentieri l\u2019ultima sfilata fatta con gli abiti di Kiara Ferretta\u201d.<\/em><\/span><\/p>\n<p style=\"text-align: justify;\"><span style=\"color: #000000;\"><strong>Quali sono i generi fotografici che preferisci e perch\u00e9?<\/strong><em> \u201cI generi fotografici che preferisco sono la fotografia naturalistica, paesaggistica d\u2019arte la street photography i selfie e i ritratti. Mi piacciono molto i paesaggi e la natura mi piace l\u2019atmosfera che si crea in strada questo genere fotografico riprende i soggetti in situazioni reali sottolineando in maniera artistica alcuni aspetti della societ\u00e0. Adoro farmi i selfie e i ritratti\u201d.<\/em><\/span><\/p>\n<p style=\"text-align: justify;\"><span style=\"color: #000000;\"><strong>Quando hai iniziato a posare? <\/strong><em>\u201cHo iniziato a posare a giugno di quest\u2019anno\u201d.<\/em><\/span><\/p>\n<p style=\"text-align: justify;\"><span style=\"color: #000000;\"><strong>Quale progetto fotografico ti piacerebbe realizzare e perch\u00e9?<\/strong><em> \u201cMi piacerebbe realizzare un progetto sulla danza sono una modella e anche una ballerina per me sarebbe il massimo unire le due mie pi\u00f9 grandi passioni della mia vita\u201d.<\/em><\/span><\/p>\n<p style=\"text-align: justify;\"><span style=\"color: #000000;\"><strong>Che cosa significa per te \u201cessere una modella?<\/strong><em> \u201cEssere modella \u00e8 per me essere me stessa mi sento a mio agio davanti alla macchina fotografica e in passerella\u201d.<\/em><\/span><\/p>\n<p style=\"text-align: justify;\"><span style=\"color: #000000;\"><strong>Modella o fotomodella che conosci e alla quale ti ispiri?<\/strong><em> \u201cMi ispiro molto a Cara Delevingne a Naomi Campbell e Claudia schiffer. Per la loro bellezza l\u2019eleganza e il portamento\u201d.<\/em><\/span><\/p>\n<p style=\"text-align: justify;\"><span style=\"color: #000000;\"><strong>Che cos\u2019\u00e8 per te la moda?<\/strong><em> \u201cLa moda per me \u00e8 ricercare il look giusto per stare bene con me stessa\u201d.<\/em><\/span><\/p>\n<p style=\"text-align: justify;\"><span style=\"color: #000000;\"><strong>Qual \u00e8 l\u2019accessorio che non ti stacchi mai quando esci?<\/strong><em> \u201cNon ho un accessorio fisso particolare dal quale non mi stacco. Amo sempre cambiare i miei accessori\u201d.<\/em><\/span><\/p>\n<p style=\"text-align: justify;\"><span style=\"color: #000000;\"><strong>Sogno nel cassetto?<\/strong><em> \u201c<\/em><em>Ho molti sogni nel cassetto.. entrare a far parte nel mondo dello spettacolo E sfilare per degli stilisti famosi sono alcuni di questi\u201d.<\/em><\/span><\/p>\n<p style=\"text-align: justify;\"><span style=\"color: #000000;\"><strong>Ultima domanda, hai qualche persona in particolare da ringraziare per la tua partecipazione al concorso?<\/strong><em>\u201cRingrazio i miei genitori per l\u2019appoggio e il sostegno morale che mi hanno dato, il mio agente Fabrizio Dia per i consigli e per la pazienza nei miei confronti e La stilista Kiara Ferretta Venere D\u2019Italia 2014\u201d.<\/em><\/span><\/p>\n<p style=\"text-align: center;\">Fotografie fornite\u00a0da\u00a0Clelia Di Trapani<br \/>\nI credits delle fotografie appartengono ai relativi fotografi<br \/>\nTutti i diritti riservati \u00a9 2016 \u2013 Email: nonsolomodanews@gmail.com<\/p>\n<style id=\"bwg-style-0\">      #bwg_container1_0 #bwg_container2_0 #bwg_mosaic_thumbnails_div_0 {        width: 100%;        position: relative;        background-color: rgba(255, 255, 255, 0.00);        text-align: center;        justify-content: center;                  margin-left: auto;          margin-right: auto;                    padding-left: 4px;          padding-top: 4px;                }          #bwg_container1_0 #bwg_container2_0 .bwg_mosaic_thumb_spun_0 {        display: block;        position: absolute;\t\t\t\tborder-radius: 0;\t\t\t\tborder: 0px none #CCCCCC;    \t\t    \t\tbackground-color:rgba(0,0,0, 0.30);        -moz-box-sizing: content-box !important;        -webkit-box-sizing: content-box !important;        box-sizing: content-box !important;      }\t\t\t#bwg_container1_0 #bwg_container2_0 .bwg_mosaic_thumb_0 {\t\t\t\tdisplay: block;\t\t\t\t-moz-box-sizing: content-box !important;\t\t\t\t-webkit-box-sizing: content-box !important;\t\t\t\tbox-sizing: content-box !important;\t\t\t\tmargin: 0;\t\t\t\topacity: 1.00;\t\t\t}      #bwg_container1_0 #bwg_container2_0 .bwg_mosaic_thumb_spun_0:hover {        opacity: 1;        backface-visibility: hidden;        -webkit-backface-visibility: hidden;        -moz-backface-visibility: hidden;        -ms-backface-visibility: hidden;        z-index: 102;      }\t      @media only screen and (min-width: 480px) {        #bwg_container1_0 #bwg_container2_0 .bwg_mosaic_thumb_spun_0:hover {          transform: scale(1.1);          -ms-transform: scale(1.1);          -webkit-transform: scale(1.1);        }      }\t      #bwg_container1_0 #bwg_container2_0 .bwg_mosaic_thumbnails_0 {        background-color: rgba(255, 255, 255, 0.00);        font-size: 0;        position: relative;        text-align: center;        display: inline-block;        visibility: hidden;              }\t  \/*image title styles*\/      #bwg_container1_0 #bwg_container2_0 .bwg_mosaic_title_spun1_0,      #bwg_container1_0 #bwg_container2_0 .bwg-mosaic-thumbnails .bwg_ecommerce_spun1_0 {        position: absolute;        display: block;        opacity: 0;        box-sizing: border-box;        text-align: center;\t\t\t\ttop: 50%;\t\t\t\tleft: 50%;\t\t\t\ttransform: translate(-50%, -50%);      }      #bwg_container1_0 #bwg_container2_0 .bwg-mosaic-thumbnails .bwg_mosaic_title_spun2_0,      #bwg_container1_0 #bwg_container2_0 .bwg-mosaic-thumbnails .bwg_ecommerce_spun2_0 {\t\t    color: #CCCCCC;        font-family: segoe ui;        font-size: 16px;        font-weight: bold;        text-shadow: 0px 0px 0px #888888;        vertical-align: middle;        word-wrap: break-word;      }            .bwg_mosaic_play_icon_spun_0 {        display: table;        position: absolute;        left: -10000px;        top: 0px;        opacity: 0;      }      .bwg_mosaic_play_icon_0 {        color: #CCCCCC;        font-size: 32px;        vertical-align: middle;        display: table-cell !important;        z-index: 1;        text-align: center;        margin: 0 auto;      }      #bwg_container1_0 #bwg_container2_0 .bwg_gal_title_0 {        background-color: rgba(0, 0, 0, 0);        color: #323A45;        display: block;        font-family: Ubuntu;        font-size: 16px;        font-weight: bold;        padding: 2px;        text-shadow: ;        text-align: center;      }            @media screen and (max-width: 280px) {      div[class^=\"bwg_mosaic_thumbnails_\"],      span[class^=\"bwg_mosaic_thumb_spun_\"] {      width: 100% !important;      }      img[class^=\"bwg_mosaic_thumb_\"] {      width: 100% !important;      height: auto !important;      margin: 0px auto !important;      }      }      <\/style>    <div id=\"bwg_container1_0\"         class=\"bwg_container bwg_thumbnail bwg_thumbnails_mosaic \"         data-right-click-protection=\"0\"         data-bwg=\"0\"         data-scroll=\"0\"         data-gallery-type=\"thumbnails_mosaic\"         data-gallery-view-type=\"thumbnails_mosaic\"         data-current-url=\"\/wordpress\/wp-json\/wp\/v2\/posts\/15383\"         data-lightbox-url=\"https:\/\/www.nonsolomodanews.it\/wordpress\/wp-admin\/admin-ajax.php?action=GalleryBox&#038;current_view=0&#038;gallery_id=174&#038;tag=0&#038;theme_id=1&#038;shortcode_id=166&#038;sort_by=order&#038;order_by=asc&#038;current_url=%2Fwordpress%2Fwp-json%2Fwp%2Fv2%2Fposts%2F15383\"         data-gallery-id=\"174\"         data-popup-width=\"800\"         data-popup-height=\"500\"         data-is-album=\"gallery\"         data-buttons-position=\"bottom\">      <div id=\"bwg_container2_0\">             <div id=\"ajax_loading_0\" class=\"bwg_loading_div_1\">      <div class=\"bwg_loading_div_2\">        <div class=\"bwg_loading_div_3\">          <div id=\"loading_div_0\" class=\"bwg_spider_ajax_loading\">          <\/div>        <\/div>      <\/div>    <\/div>            <form id=\"gal_front_form_0\"              class=\"bwg-hidden\"              method=\"post\"              action=\"#\"              data-current=\"0\"              data-shortcode-id=\"166\"              data-gallery-type=\"thumbnails_mosaic\"              data-gallery-id=\"174\"              data-tag=\"0\"              data-album-id=\"0\"              data-theme-id=\"1\"              data-ajax-url=\"https:\/\/www.nonsolomodanews.it\/wordpress\/wp-admin\/admin-ajax.php?action=bwg_frontend_data\">          <div id=\"bwg_container3_0\" class=\"bwg-background bwg-background-0\">                <div id=\"bwg_mosaic_thumbnails_div_0\"         class=\"bwg-container-0 bwg-container bwg-mosaic-thumbnails\"         data-bwg=\"0\"         data-mosaic-direction=\"vertical\"         data-resizable=\"0\"         data-width=\"180\"         data-height=\"90\"         data-total-width=\"100\"         data-block-id=\"bwg_thumbnails_mosaic_0\"         data-thumb-padding=\"4\"         data-thumb-border=\"0\"         data-title-margin=\"2px\"         data-image-title=\"none\"         data-play-icon=\"1\"         data-ecommerce-icon=\"none\"         data-gallery-id=\"174\"         data-lightbox-url=\"https:\/\/www.nonsolomodanews.it\/wordpress\/wp-admin\/admin-ajax.php?action=GalleryBox&#038;current_view=0&#038;gallery_id=174&#038;tag=0&#038;theme_id=1&#038;shortcode_id=166&#038;sort_by=order&#038;order_by=asc&#038;current_url=%2Fwordpress%2Fwp-json%2Fwp%2Fv2%2Fposts%2F15383\"         data-mosaic-thumb-transition=\"1\"         style=\"visibility: hidden\" >      <div id=\"bwg_thumbnails_mosaic_0\" class=\"bwg_mosaic_thumbnails_0\">                  <a class=\"bwg-a\" >          <div class=\"bwg_mosaic_thumb_spun_0 bwg-item0 bwg-mosaic-thumb-span \">            <img decoding=\"async\" class=\"bwg_mosaic_thumb_0 skip-lazy bwg_img_clear bwg_img_custom \"                 id=\"12713\"                 src=\"https:\/\/www.nonsolomodanews.it\/wordpress\/wp-content\/uploads\/photo-gallery\/clelia%20di%20trapani\/thumb\/14794119_1033979056714719_549473908_n.jpg?bwg=1624548760\"                 data-src=\"https:\/\/www.nonsolomodanews.it\/wordpress\/wp-content\/uploads\/photo-gallery\/clelia%20di%20trapani\/thumb\/14794119_1033979056714719_549473908_n.jpg?bwg=1624548760\"                 data-width=\"\"                 data-height=\"\"                 alt=\"14794119_1033979056714719_549473908_n\"                 title=\"14794119_1033979056714719_549473908_n\" \/>                      <\/div>        <\/a>                <a class=\"bwg-a\" >          <div class=\"bwg_mosaic_thumb_spun_0 bwg-item0 bwg-mosaic-thumb-span \">            <img decoding=\"async\" class=\"bwg_mosaic_thumb_0 skip-lazy bwg_img_clear bwg_img_custom \"                 id=\"12712\"                 src=\"https:\/\/www.nonsolomodanews.it\/wordpress\/wp-content\/uploads\/photo-gallery\/clelia%20di%20trapani\/thumb\/14794053_1033979100048048_888683933_n.jpg?bwg=1624548760\"                 data-src=\"https:\/\/www.nonsolomodanews.it\/wordpress\/wp-content\/uploads\/photo-gallery\/clelia%20di%20trapani\/thumb\/14794053_1033979100048048_888683933_n.jpg?bwg=1624548760\"                 data-width=\"\"                 data-height=\"\"                 alt=\"14794053_1033979100048048_888683933_n\"                 title=\"14794053_1033979100048048_888683933_n\" \/>                      <\/div>        <\/a>                <a class=\"bwg-a\" >          <div class=\"bwg_mosaic_thumb_spun_0 bwg-item0 bwg-mosaic-thumb-span \">            <img decoding=\"async\" class=\"bwg_mosaic_thumb_0 skip-lazy bwg_img_clear bwg_img_custom \"                 id=\"12711\"                 src=\"https:\/\/www.nonsolomodanews.it\/wordpress\/wp-content\/uploads\/photo-gallery\/clelia%20di%20trapani\/thumb\/14793658_1033979650047993_1747777941_n.jpg?bwg=1624548760\"                 data-src=\"https:\/\/www.nonsolomodanews.it\/wordpress\/wp-content\/uploads\/photo-gallery\/clelia%20di%20trapani\/thumb\/14793658_1033979650047993_1747777941_n.jpg?bwg=1624548760\"                 data-width=\"\"                 data-height=\"\"                 alt=\"14793658_1033979650047993_1747777941_n\"                 title=\"14793658_1033979650047993_1747777941_n\" \/>                      <\/div>        <\/a>                <a class=\"bwg-a\" >          <div class=\"bwg_mosaic_thumb_spun_0 bwg-item0 bwg-mosaic-thumb-span \">            <img decoding=\"async\" class=\"bwg_mosaic_thumb_0 skip-lazy bwg_img_clear bwg_img_custom \"                 id=\"12710\"                 src=\"https:\/\/www.nonsolomodanews.it\/wordpress\/wp-content\/uploads\/photo-gallery\/clelia%20di%20trapani\/thumb\/14741723_1033979576714667_687484941_n.jpg?bwg=1624548760\"                 data-src=\"https:\/\/www.nonsolomodanews.it\/wordpress\/wp-content\/uploads\/photo-gallery\/clelia%20di%20trapani\/thumb\/14741723_1033979576714667_687484941_n.jpg?bwg=1624548760\"                 data-width=\"\"                 data-height=\"\"                 alt=\"14741723_1033979576714667_687484941_n\"                 title=\"14741723_1033979576714667_687484941_n\" \/>                      <\/div>        <\/a>                <a class=\"bwg-a\" >          <div class=\"bwg_mosaic_thumb_spun_0 bwg-item0 bwg-mosaic-thumb-span \">            <img decoding=\"async\" class=\"bwg_mosaic_thumb_0 skip-lazy bwg_img_clear bwg_img_custom \"                 id=\"12709\"                 src=\"https:\/\/www.nonsolomodanews.it\/wordpress\/wp-content\/uploads\/photo-gallery\/clelia%20di%20trapani\/thumb\/14741163_1033979270048031_1641665263_n.jpg?bwg=1624548760\"                 data-src=\"https:\/\/www.nonsolomodanews.it\/wordpress\/wp-content\/uploads\/photo-gallery\/clelia%20di%20trapani\/thumb\/14741163_1033979270048031_1641665263_n.jpg?bwg=1624548760\"                 data-width=\"\"                 data-height=\"\"                 alt=\"14741163_1033979270048031_1641665263_n\"                 title=\"14741163_1033979270048031_1641665263_n\" \/>                      <\/div>        <\/a>                <a class=\"bwg-a\" >          <div class=\"bwg_mosaic_thumb_spun_0 bwg-item0 bwg-mosaic-thumb-span \">            <img decoding=\"async\" class=\"bwg_mosaic_thumb_0 skip-lazy bwg_img_clear bwg_img_custom \"                 id=\"12708\"                 src=\"https:\/\/www.nonsolomodanews.it\/wordpress\/wp-content\/uploads\/photo-gallery\/clelia%20di%20trapani\/thumb\/14741014_1033978983381393_752909906_n.jpg?bwg=1624548760\"                 data-src=\"https:\/\/www.nonsolomodanews.it\/wordpress\/wp-content\/uploads\/photo-gallery\/clelia%20di%20trapani\/thumb\/14741014_1033978983381393_752909906_n.jpg?bwg=1624548760\"                 data-width=\"\"                 data-height=\"\"                 alt=\"14741014_1033978983381393_752909906_n\"                 title=\"14741014_1033978983381393_752909906_n\" \/>                      <\/div>        <\/a>                <a class=\"bwg-a\" >          <div class=\"bwg_mosaic_thumb_spun_0 bwg-item0 bwg-mosaic-thumb-span \">            <img decoding=\"async\" class=\"bwg_mosaic_thumb_0 skip-lazy bwg_img_clear bwg_img_custom \"                 id=\"12707\"                 src=\"https:\/\/www.nonsolomodanews.it\/wordpress\/wp-content\/uploads\/photo-gallery\/clelia%20di%20trapani\/thumb\/14699417_1033978913381400_1469221964_o.jpg?bwg=1624548760\"                 data-src=\"https:\/\/www.nonsolomodanews.it\/wordpress\/wp-content\/uploads\/photo-gallery\/clelia%20di%20trapani\/thumb\/14699417_1033978913381400_1469221964_o.jpg?bwg=1624548760\"                 data-width=\"\"                 data-height=\"\"                 alt=\"14699417_1033978913381400_1469221964_o\"                 title=\"14699417_1033978913381400_1469221964_o\" \/>                      <\/div>        <\/a>                <a class=\"bwg-a\" >          <div class=\"bwg_mosaic_thumb_spun_0 bwg-item0 bwg-mosaic-thumb-span \">            <img decoding=\"async\" class=\"bwg_mosaic_thumb_0 skip-lazy bwg_img_clear bwg_img_custom \"                 id=\"12706\"                 src=\"https:\/\/www.nonsolomodanews.it\/wordpress\/wp-content\/uploads\/photo-gallery\/clelia%20di%20trapani\/thumb\/14697022_1033979153381376_2116783729_n.jpg?bwg=1624548760\"                 data-src=\"https:\/\/www.nonsolomodanews.it\/wordpress\/wp-content\/uploads\/photo-gallery\/clelia%20di%20trapani\/thumb\/14697022_1033979153381376_2116783729_n.jpg?bwg=1624548760\"                 data-width=\"\"                 data-height=\"\"                 alt=\"14697022_1033979153381376_2116783729_n\"                 title=\"14697022_1033979153381376_2116783729_n\" \/>                      <\/div>        <\/a>                <a class=\"bwg-a\" >          <div class=\"bwg_mosaic_thumb_spun_0 bwg-item0 bwg-mosaic-thumb-span \">            <img decoding=\"async\" class=\"bwg_mosaic_thumb_0 skip-lazy bwg_img_clear bwg_img_custom \"                 id=\"12705\"                 src=\"https:\/\/www.nonsolomodanews.it\/wordpress\/wp-content\/uploads\/photo-gallery\/clelia%20di%20trapani\/thumb\/14694764_1033981903381101_239922057_n.jpg?bwg=1624548760\"                 data-src=\"https:\/\/www.nonsolomodanews.it\/wordpress\/wp-content\/uploads\/photo-gallery\/clelia%20di%20trapani\/thumb\/14694764_1033981903381101_239922057_n.jpg?bwg=1624548760\"                 data-width=\"\"                 data-height=\"\"                 alt=\"14694764_1033981903381101_239922057_n\"                 title=\"14694764_1033981903381101_239922057_n\" \/>                      <\/div>        <\/a>                <a class=\"bwg-a\" >          <div class=\"bwg_mosaic_thumb_spun_0 bwg-item0 bwg-mosaic-thumb-span \">            <img decoding=\"async\" class=\"bwg_mosaic_thumb_0 skip-lazy bwg_img_clear bwg_img_custom \"                 id=\"12704\"                 src=\"https:\/\/www.nonsolomodanews.it\/wordpress\/wp-content\/uploads\/photo-gallery\/clelia%20di%20trapani\/thumb\/14686631_1033978973381394_544646605_n.jpg?bwg=1624548760\"                 data-src=\"https:\/\/www.nonsolomodanews.it\/wordpress\/wp-content\/uploads\/photo-gallery\/clelia%20di%20trapani\/thumb\/14686631_1033978973381394_544646605_n.jpg?bwg=1624548760\"                 data-width=\"\"                 data-height=\"\"                 alt=\"14686631_1033978973381394_544646605_n\"                 title=\"14686631_1033978973381394_544646605_n\" \/>                      <\/div>        <\/a>                <a class=\"bwg-a\" >          <div class=\"bwg_mosaic_thumb_spun_0 bwg-item0 bwg-mosaic-thumb-span \">            <img decoding=\"async\" class=\"bwg_mosaic_thumb_0 skip-lazy bwg_img_clear bwg_img_custom \"                 id=\"12703\"                 src=\"https:\/\/www.nonsolomodanews.it\/wordpress\/wp-content\/uploads\/photo-gallery\/clelia%20di%20trapani\/thumb\/14686540_1033979036714721_1355296732_n.jpg?bwg=1624548760\"                 data-src=\"https:\/\/www.nonsolomodanews.it\/wordpress\/wp-content\/uploads\/photo-gallery\/clelia%20di%20trapani\/thumb\/14686540_1033979036714721_1355296732_n.jpg?bwg=1624548760\"                 data-width=\"\"                 data-height=\"\"                 alt=\"14686540_1033979036714721_1355296732_n\"                 title=\"14686540_1033979036714721_1355296732_n\" \/>                      <\/div>        <\/a>                <a class=\"bwg-a\" >          <div class=\"bwg_mosaic_thumb_spun_0 bwg-item0 bwg-mosaic-thumb-span \">            <img decoding=\"async\" class=\"bwg_mosaic_thumb_0 skip-lazy bwg_img_clear bwg_img_custom \"                 id=\"12702\"                 src=\"https:\/\/www.nonsolomodanews.it\/wordpress\/wp-content\/uploads\/photo-gallery\/clelia%20di%20trapani\/thumb\/14658171_1033978840048074_1045043706_n.jpg?bwg=1624548760\"                 data-src=\"https:\/\/www.nonsolomodanews.it\/wordpress\/wp-content\/uploads\/photo-gallery\/clelia%20di%20trapani\/thumb\/14658171_1033978840048074_1045043706_n.jpg?bwg=1624548760\"                 data-width=\"\"                 data-height=\"\"                 alt=\"14658171_1033978840048074_1045043706_n\"                 title=\"14658171_1033978840048074_1045043706_n\" \/>                      <\/div>        <\/a>                <a class=\"bwg-a\" >          <div class=\"bwg_mosaic_thumb_spun_0 bwg-item0 bwg-mosaic-thumb-span \">            <img decoding=\"async\" class=\"bwg_mosaic_thumb_0 skip-lazy bwg_img_clear bwg_img_custom \"                 id=\"12701\"                 src=\"https:\/\/www.nonsolomodanews.it\/wordpress\/wp-content\/uploads\/photo-gallery\/clelia%20di%20trapani\/thumb\/14627752_1033979130048045_2049515862_n.jpg?bwg=1624548760\"                 data-src=\"https:\/\/www.nonsolomodanews.it\/wordpress\/wp-content\/uploads\/photo-gallery\/clelia%20di%20trapani\/thumb\/14627752_1033979130048045_2049515862_n.jpg?bwg=1624548760\"                 data-width=\"\"                 data-height=\"\"                 alt=\"14627752_1033979130048045_2049515862_n\"                 title=\"14627752_1033979130048045_2049515862_n\" \/>                      <\/div>        <\/a>                <a class=\"bwg-a\" >          <div class=\"bwg_mosaic_thumb_spun_0 bwg-item0 bwg-mosaic-thumb-span \">            <img decoding=\"async\" class=\"bwg_mosaic_thumb_0 skip-lazy bwg_img_clear bwg_img_custom \"                 id=\"12700\"                 src=\"https:\/\/www.nonsolomodanews.it\/wordpress\/wp-content\/uploads\/photo-gallery\/clelia%20di%20trapani\/thumb\/14625472_1033978873381404_2034191248_n.jpg?bwg=1624548760\"                 data-src=\"https:\/\/www.nonsolomodanews.it\/wordpress\/wp-content\/uploads\/photo-gallery\/clelia%20di%20trapani\/thumb\/14625472_1033978873381404_2034191248_n.jpg?bwg=1624548760\"                 data-width=\"\"                 data-height=\"\"                 alt=\"14625472_1033978873381404_2034191248_n\"                 title=\"14625472_1033978873381404_2034191248_n\" \/>                      <\/div>        <\/a>                <a class=\"bwg-a\" >          <div class=\"bwg_mosaic_thumb_spun_0 bwg-item0 bwg-mosaic-thumb-span \">            <img decoding=\"async\" class=\"bwg_mosaic_thumb_0 skip-lazy bwg_img_clear bwg_img_custom \"                 id=\"12699\"                 src=\"https:\/\/www.nonsolomodanews.it\/wordpress\/wp-content\/uploads\/photo-gallery\/clelia%20di%20trapani\/thumb\/14620172_1033978866714738_2102903112_n.jpg?bwg=1624548760\"                 data-src=\"https:\/\/www.nonsolomodanews.it\/wordpress\/wp-content\/uploads\/photo-gallery\/clelia%20di%20trapani\/thumb\/14620172_1033978866714738_2102903112_n.jpg?bwg=1624548760\"                 data-width=\"\"                 data-height=\"\"                 alt=\"14620172_1033978866714738_2102903112_n\"                 title=\"14620172_1033978866714738_2102903112_n\" \/>                      <\/div>        <\/a>            <\/div>    <\/div>    <style>      \/*pagination styles*\/      #bwg_container1_0 #bwg_container2_0 .tablenav-pages_0 {\t\t\t\ttext-align: center;\t\t\t\tfont-size: 12px;\t\t\t\tfont-family: segoe ui;\t\t\t\tfont-weight: bold;\t\t\t\tcolor: #666666;\t\t\t\tmargin: 6px 0 4px;\t\t\t\tdisplay: block;      }      @media only screen and (max-width : 320px) {      #bwg_container1_0 #bwg_container2_0 .displaying-num_0 {     \t display: none;      }      }      #bwg_container1_0 #bwg_container2_0 .displaying-num_0 {\t\t\t\tfont-size: 12px;\t\t\t\tfont-family: segoe ui;\t\t\t\tfont-weight: bold;\t\t\t\tcolor: #666666;\t\t\t\tmargin-right: 10px;\t\t\t\tvertical-align: middle;      }      #bwg_container1_0 #bwg_container2_0 .paging-input_0 {\t\t\t\tfont-size: 12px;\t\t\t\tfont-family: segoe ui;\t\t\t\tfont-weight: bold;\t\t\t\tcolor: #666666;\t\t\t\tvertical-align: middle;      }      #bwg_container1_0 #bwg_container2_0 .tablenav-pages_0 a.disabled,      #bwg_container1_0 #bwg_container2_0 .tablenav-pages_0 a.disabled:hover,      #bwg_container1_0 #bwg_container2_0 .tablenav-pages_0 a.disabled:focus,\t\t\t#bwg_container1_0 #bwg_container2_0 .tablenav-pages_0 input.bwg_current_page {\t\t\t\tcursor: default;\t\t\t\tcolor: rgba(102, 102, 102, 0.5);      }      #bwg_container1_0 #bwg_container2_0 .tablenav-pages_0 a,      #bwg_container1_0 #bwg_container2_0 .tablenav-pages_0 input.bwg_current_page {\t\t\t\tcursor: pointer;\t\t\t\ttext-align: center;\t\t\t\tfont-size: 12px;\t\t\t\tfont-family: segoe ui;\t\t\t\tfont-weight: bold;\t\t\t\tcolor: #666666;\t\t\t\ttext-decoration: none;\t\t\t\tpadding: 3px 6px;\t\t\t\tmargin: 0;\t\t\t\tborder-radius: 0;\t\t\t\tborder-style: solid;\t\t\t\tborder-width: 1px;\t\t\t\tborder-color: #E3E3E3;\t\t\t\t\t\t\t\tbackground-color: rgba(255, 255, 255, 1.00);\t\t\t\tbox-shadow: 0;\t\t\t\ttransition: all 0.3s ease 0s;-webkit-transition: all 0.3s ease 0s;      }      <\/style>      <span class=\"bwg_nav_cont_0\">              <div class=\"tablenav-pages_0\">                  <\/div>                <input type=\"hidden\" id=\"page_number_0\" name=\"page_number_0\" value=\"1\" \/>      <script type=\"text\/javascript\">        if( jQuery('.bwg_nav_cont_0').length > 1 ) {          jQuery('.bwg_nav_cont_0').first().remove()        }        function spider_page_0(cur, x, y, load_more) {          if (typeof load_more == \"undefined\") {            var load_more = false;          }          if (jQuery(cur).hasClass('disabled')) {            return false;          }          var items_county_0 = 1;          switch (y) {            case 1:              if (x >= items_county_0) {                document.getElementById('page_number_0').value = items_county_0;              }              else {                document.getElementById('page_number_0').value = x + 1;              }              break;            case 2:              document.getElementById('page_number_0').value = items_county_0;              break;            case -1:              if (x == 1) {                document.getElementById('page_number_0').value = 1;              }              else {                document.getElementById('page_number_0').value = x - 1;              }              break;            case -2:              document.getElementById('page_number_0').value = 1;              break;\t\t\t\t\t\tcase 0:              document.getElementById('page_number_0').value = x;              break;            default:              document.getElementById('page_number_0').value = 1;          }          bwg_ajax('gal_front_form_0', '0', 'bwg_thumbnails_mosaic_0', '0', '', 'gallery', 0, '', '', load_more, '', 1);        }                    jQuery('.first-page-0').on('click', function () {              spider_page_0(this, 1, -2, 'numeric');              return false;            });            jQuery('.prev-page-0').on('click', function () {              spider_page_0(this, 1, -1, 'numeric');              return false;            });            jQuery('.next-page-0').on('click', function () {              spider_page_0(this, 1, 1, 'numeric');              return false;            });            jQuery('.last-page-0').on('click', function () {              spider_page_0(this, 1, 2, 'numeric');              return false;            });        \t\t\t\t\/* Change page on input enter. *\/        function bwg_change_page_0( e, that ) {          if (  e.key == 'Enter' ) {            var to_page = parseInt(jQuery(that).val());            var pages_count = jQuery(that).parents(\".pagination-links\").data(\"pages-count\");            var current_url_param = jQuery(that).attr('data-url-info');            if (to_page > pages_count) {              to_page = 1;            }\t \t\t\t\t\t\t\t\t\t\t\t\tspider_page_0(this, to_page, 0, 'numeric');\t\t\t\t\t\t\treturn false;\t\t\t\t\t\t          }          return true;        }        jQuery('.bwg_load_btn_0').on('click', function () {            spider_page_0(this, 1, 1, true);            return false;        });      <\/script>      <\/span>                <\/div>        <\/form>              <\/div>    <\/div>    <script>      if (document.readyState === 'complete') {        if( typeof bwg_main_ready == 'function' ) {          if ( jQuery(\"#bwg_container1_0\").height() ) {            bwg_main_ready(jQuery(\"#bwg_container1_0\"));          }        }      } else {        document.addEventListener('DOMContentLoaded', function() {          if( typeof bwg_main_ready == 'function' ) {            if ( jQuery(\"#bwg_container1_0\").height() ) {             bwg_main_ready(jQuery(\"#bwg_container1_0\"));            }          }        });      }    <\/script>    \n","protected":false},"excerpt":{"rendered":"<p>Clelia Di Trapani &egrave; una giovanissima modella che ha rappresentato la Sicilia&nbsp;alla finale nazionale del concorso Venere d&rsquo;Italia e che ha vinto la fascia di Venere Spettacolo. Ringraziamo&nbsp;Clelia&nbsp;e auguriamo ai lettori di&nbsp;Nonsolomodanews buona lettura. Ti vuoi presentare? &ldquo;Mi chiamo Clelia Di Trapani ho 17 anni sono nata a Palermo il 30\/10\/1998 e sono del segno dello scorpione. Da anni vivo a Partinico in provincia di Palermo. Le mie misure sono 82 seno 60 vita 86 fianchi numero di scarpe 39 altezza 178 &nbsp;cm. Capelli biondi e occhi marroni. &nbsp;Nella vita studio, frequento il liceo delle scienze umane. &nbsp;Amo e studio danza fin da piccola sono una ragazza solare e determinata a raggiungere i miei obiettivi. Amo tutta la saga di Harry Potter e Adoro viaggiare e leggere&rdquo;. Innanzi tutto complimenti per aver conquistato la fascia di &ldquo;Venere Spettacolo&rdquo;. Che cosa hai provato quando ti hanno consegnato la fascia? &ldquo;In un primo momento ero incredula poi un insieme di emozioni tanta gioia e soddisfazione&rdquo;. Ci dici in due parole le emozioni che hai provato partecipando al concorso? &ldquo;Durante il concorso mi sono divertita molto ho avuto un po&rsquo; d&rsquo;ansia per il passaggio in giuria ma nel complesso ero molto felice ed [&hellip;]<\/p>\n","protected":false},"author":1,"featured_media":15382,"comment_status":"open","ping_status":"open","sticky":false,"template":"","format":"standard","meta":{"rop_custom_images_group":[],"rop_custom_messages_group":[],"rop_publish_now":"initial","rop_publish_now_accounts":[],"rop_publish_now_history":[],"rop_publish_now_status":"pending","footnotes":""},"categories":[16],"tags":[2112,1130,1321,1605,2113],"class_list":["post-15383","post","type-post","status-publish","format-standard","has-post-thumbnail","hentry","category-articolo","tag-clelia-di-trapani","tag-palermo","tag-sicilia","tag-venere-ditalia","tag-venere-spettacolo"],"_links":{"self":[{"href":"https:\/\/www.nonsolomodanews.it\/wordpress\/wp-json\/wp\/v2\/posts\/15383","targetHints":{"allow":["GET"]}}],"collection":[{"href":"https:\/\/www.nonsolomodanews.it\/wordpress\/wp-json\/wp\/v2\/posts"}],"about":[{"href":"https:\/\/www.nonsolomodanews.it\/wordpress\/wp-json\/wp\/v2\/types\/post"}],"author":[{"embeddable":true,"href":"https:\/\/www.nonsolomodanews.it\/wordpress\/wp-json\/wp\/v2\/users\/1"}],"replies":[{"embeddable":true,"href":"https:\/\/www.nonsolomodanews.it\/wordpress\/wp-json\/wp\/v2\/comments?post=15383"}],"version-history":[{"count":2,"href":"https:\/\/www.nonsolomodanews.it\/wordpress\/wp-json\/wp\/v2\/posts\/15383\/revisions"}],"predecessor-version":[{"id":15385,"href":"https:\/\/www.nonsolomodanews.it\/wordpress\/wp-json\/wp\/v2\/posts\/15383\/revisions\/15385"}],"wp:featuredmedia":[{"embeddable":true,"href":"https:\/\/www.nonsolomodanews.it\/wordpress\/wp-json\/wp\/v2\/media\/15382"}],"wp:attachment":[{"href":"https:\/\/www.nonsolomodanews.it\/wordpress\/wp-json\/wp\/v2\/media?parent=15383"}],"wp:term":[{"taxonomy":"category","embeddable":true,"href":"https:\/\/www.nonsolomodanews.it\/wordpress\/wp-json\/wp\/v2\/categories?post=15383"},{"taxonomy":"post_tag","embeddable":true,"href":"https:\/\/www.nonsolomodanews.it\/wordpress\/wp-json\/wp\/v2\/tags?post=15383"}],"curies":[{"name":"wp","href":"https:\/\/api.w.org\/{rel}","templated":true}]}}