{"id":15359,"date":"2016-10-17T20:15:49","date_gmt":"2016-10-17T20:15:49","guid":{"rendered":"http:\/\/www.nonsolomodanews.it\/wordpress\/?p=15359"},"modified":"2016-10-18T18:26:41","modified_gmt":"2016-10-18T18:26:41","slug":"the-look-of-the-year-2016-la-finale-al-metropolitan-di-catania-sabato-22-ottobre","status":"publish","type":"post","link":"https:\/\/www.nonsolomodanews.it\/wordpress\/the-look-of-the-year-2016-la-finale-al-metropolitan-di-catania-sabato-22-ottobre\/","title":{"rendered":"\u201cThe Look of The Year  2016\u201d  La finale  al  Metropolitan di Catania, sabato 22 ottobre,"},"content":{"rendered":"<div id=\"attachment_15360\" style=\"width: 229px\" class=\"wp-caption alignleft\"><a href=\"http:\/\/www.nonsolomodanews.it\/wordpress\/wp-content\/uploads\/2016\/10\/foto-evento.jpg\"><img loading=\"lazy\" decoding=\"async\" aria-describedby=\"caption-attachment-15360\" class=\"size-medium wp-image-15360\" src=\"http:\/\/www.nonsolomodanews.it\/wordpress\/wp-content\/uploads\/2016\/10\/foto-evento-219x300.jpg\" alt=\"Look of the Year\" width=\"219\" height=\"300\" srcset=\"https:\/\/www.nonsolomodanews.it\/wordpress\/wp-content\/uploads\/2016\/10\/foto-evento-219x300.jpg 219w, https:\/\/www.nonsolomodanews.it\/wordpress\/wp-content\/uploads\/2016\/10\/foto-evento.jpg 277w\" sizes=\"auto, (max-width: 219px) 100vw, 219px\" \/><\/a><p id=\"caption-attachment-15360\" class=\"wp-caption-text\">Look of the Year<\/p><\/div>\n<p style=\"text-align: justify;\"><span style=\"color: #000000;\"><strong>\u201cThe Look of The Year\u00a0 2016\u201d \u00a0<\/strong><strong>\u00a0La finale\u00a0 al\u00a0 Metropolitan di Catania, sabato 22 ottobre,\u00a0<\/strong><strong>per decretare i nuovi canoni del modelling internazionale.<\/strong><\/span><\/p>\n<p style=\"text-align: justify;\"><span style=\"color: #000000;\"><!--more--><\/span><\/p>\n<p style=\"text-align: justify;\"><span style=\"color: #000000;\">Passerella internazionale al Metropolitan di Catania per la finalissima \u201cThe Look of The Year\u201d: il mondo della moda e del modelling diventa protagonista della serata di gala che si svolger\u00e0\u00a0 sabato 22 ottobre. La \u201cWord Final\u201d, sar\u00e0 condotta dall\u2019artista milanese <strong>Jo Squillo<\/strong>, nota presentatrice televisiva nel campo della moda. TV MODA \u00e8 media partner dell\u2019evento, trasmesso sul canale 180 di Sky e visibile in oltre quaranta paesi del mondo. E\u2019 l\u2019unico canale televisivo italiano che unisce moda, lusso e intrattenimento. <strong>La kermesse internazionale ha scelto Catania quest\u2019anno, in quanto metropoli del Sud, citt\u00e0 d\u2019arte dai\u00a0 mille volti, pronta ad accogliere le nuove tendenze della moda, in occasione del \u201cFashion Awards 2016. Nel capoluogo etneo si incontreranno<\/strong> esperti del settore, designer, fotografi, fashion blogger, giornalisti, stilisti, modelle provenienti dai cinque continenti. In questa settimana dedicata al mondo della moda, non si far\u00e0 solo defil\u00e8, ma anche formazione per le modelle. Dal 18 ottobre sar\u00e0 possibile frequentare master di indirizzo professionale con esperti del settore e di alimentazione. Previste\u00a0 giornate dedicate al portamento, coreografia e lezioni di moda. Tra le novit\u00e0 di quest\u2019anno l\u2019incontro con il prof. Sergio Neri e il dottor Agostino Rizzotto, che eseguiranno un test innovativo di \u201cstress controll\u201d. Il concorso giunto alla 33esima edizione, \u00e8 volto a decretare i nuovi canoni di bellezza, personalit\u00e0 e stile del modelling internazionale; selezionate per la finale 50 ragazze provenienti da oltre 50 paesi diversi. Inoltre da quest\u2019anno torna<strong> \u201c<\/strong><strong>The Look of The Year Man\u201d, <\/strong>per conferirne il riconoscimento anche al maschile. Il verdetto sar\u00e0 emesso da una giuria tecnica composta rigorosamente da professionisti del settore. Speciali e servizi andranno in onda sul programma \u201cMODAMANIA\u201d, trasmesso sui canali Mediaset \u201cLa 5\u201d e \u201cRete 4\u201d; TGCOM, MILANO E FINANZA, THE BEACH CHANNEL, canale televisivo di Miami che trasmette su ATLANTIC \u2013 CHANNEL 5. Marco Maria D\u2019Ottavi e Gustavo Distefano si occuperanno della fotografia\u00a0 Il look sar\u00e0 curato da Wella Professional, il make up affidato a Claudio Guardo.<\/span><\/p>\n<p style=\"text-align: justify;\"><span style=\"color: #000000;\">Le modelle indosseranno, sandali gioiello di Luciano Barachini, gli uomini calzeranno le creazioni del designer Antonio Fiume che con il marchio ROI ROVERE presenter\u00e0 la sua nuova collezione di scarpe e accessori ispirati all\u2019Africa, di cui \u00e8 promotore Nicola Paparusso, fondatore di Africa Fashion Gate. Si tratta di un\u2019organizzazione internazionale patrocinata dal ministero dell\u2019Artigianato della Repubblica del Senegal, che promuove la moda africana nel mondo, in difesa dei diritti delle modelle, attraverso le fashion week di Milano, Parigi e Dubai.\u00a0 Per il defil\u00e8 &#8211; che si snoder\u00e0 in varie uscite &#8211; sfileranno gli abiti di haute couture di Raffaella Curiel, definita \u201cintellettuale della moda\u201d, per aver lanciato i famosi \u201ccuriellini\u201d, ovvero dei raffinati tailleur. I suoi abiti vestono le signore della Scala di Milano, dove moda e cultura si incontrano. Sulla catwalk saranno presenti gli abiti di Ettore Bilotta designer Alitalia per le divise di terra e volo, di Luca Litrico &#8211; figlio d\u2019arte &#8211; che ha tratto ispirazione dalle collezioni del padre Angelo e dello zio Franco, riportando il passato con un tocco di innovazione. Spazio anche per una giovane\u00a0 fashion graphic designer, \u00e8 Carolina Ferioli, diplomata all\u2019Istituto Europeo di Design di Milano; ha creato un brand che coniuga la ricercatezza del design alla semplicit\u00e0 e al minimalismo contemporaneo. La sua collezione \u201cShadows\u201d si ispira alla filosofia orientale, in cui l\u2019essenziale si trasforma in continua ricerca di innovazione ed evoluzione.<\/span><\/p>\n<p style=\"text-align: justify;\"><span style=\"color: #000000;\">Lo stilista Mario Orfei &#8211; che ha vestito\u00a0 donne e uomini dello spettacolo &#8211; porter\u00e0 in passerella la collezione uomo \u201cMore Way\u201d, con il suo testimonial Marco Falaguasta. La fashion designer siciliana, Rosaria Alberti, con \u201cCreativa Accessori\u201d adorner\u00e0 le modelle di gioielli fatti con materiali unici. L\u2019alta moda \u00e8 una costante per le realizzazioni sartoriali di Patrizia Fiandrini, stilista che da sempre ha creato abiti uomo-donna per Prada, Gucci, Ferragamo, Fendi, Bluemarine, laura Biagiotti, Trussardi, Cavalli, Giorgio Armani, Dolce &amp; Gabbana, Tommy Hilfiger. La sua collezione \u201cHelena\u201d avr\u00e0 come testimonial Giuseppe Panebianco. La direzione artistica dell\u2019evento \u00e8 affidata al direttore di Moda, Antonella Ferrari, direttrice del magazine \u201cFreetime Excellence Lifestyle\u201d. Creazioni in passerella, ma anche formazione in ambito professionale per la settimana dedicata interamente alla moda nei suoi molteplici aspetti, con l\u2019Accademia di Maria Madiani e la presenza di Gabriella Chiarappa, fashion manager, ideatrice del format \u201cLe Salone de la Mode\u201d. Non solo moda per la serata, anche spettacolo per un pubblico che sapr\u00e0 cogliere bellezza ed arte in un evento unico; ospite d\u2019eccezione l\u2019attore Bruno Torrisi, protagonista di serie Tv Mediaset, il cantante Don Cash con il suo nuovo singolo \u201cAbusadora\u201d e la cantante Chiara Grispo reduce dal successo dell\u2019ultima edizione del Talent \u201cAmici di Maria De Filippi\u201d. Le sfilate saranno inoltre intervallate da performance di ballo a cura dell\u2019Accademia di Danza \u2013 Balletto Siciliano con le coreografie di Pietro Gorgone. THE LOOK OF THE YEAR \u00e8 una produzione esclusiva, mondiale di \u201cEVENTSWORLSD LTDTHE LOOK OF THE YEAR \u00e8 una produzione di EVENTSWORLD LTD, concessionaria esclusiva mondiale.<\/span><\/p>\n<p style=\"text-align: center;\"><span style=\"color: #000000;\">Testi e foto forniti da Valentina Corrao<\/span><br \/>\n<span style=\"color: #000000;\">All rights reserved \u00a9 2016 \u2013 Email: nonsolomodanews@gmail.com<\/span><\/p>\n","protected":false},"excerpt":{"rendered":"<p>&ldquo;The Look of The Year&nbsp; 2016&rdquo; &nbsp;&nbsp;La finale&nbsp; al&nbsp; Metropolitan di Catania, sabato 22 ottobre,&nbsp;per decretare i nuovi canoni del modelling internazionale.<\/p>\n","protected":false},"author":1,"featured_media":15360,"comment_status":"open","ping_status":"open","sticky":false,"template":"","format":"standard","meta":{"rop_custom_images_group":[],"rop_custom_messages_group":[],"rop_publish_now":"initial","rop_publish_now_accounts":[],"rop_publish_now_history":[],"rop_publish_now_status":"pending","footnotes":""},"categories":[16],"tags":[320,2108],"class_list":["post-15359","post","type-post","status-publish","format-standard","has-post-thumbnail","hentry","category-articolo","tag-catania","tag-look-of-the-year"],"_links":{"self":[{"href":"https:\/\/www.nonsolomodanews.it\/wordpress\/wp-json\/wp\/v2\/posts\/15359","targetHints":{"allow":["GET"]}}],"collection":[{"href":"https:\/\/www.nonsolomodanews.it\/wordpress\/wp-json\/wp\/v2\/posts"}],"about":[{"href":"https:\/\/www.nonsolomodanews.it\/wordpress\/wp-json\/wp\/v2\/types\/post"}],"author":[{"embeddable":true,"href":"https:\/\/www.nonsolomodanews.it\/wordpress\/wp-json\/wp\/v2\/users\/1"}],"replies":[{"embeddable":true,"href":"https:\/\/www.nonsolomodanews.it\/wordpress\/wp-json\/wp\/v2\/comments?post=15359"}],"version-history":[{"count":3,"href":"https:\/\/www.nonsolomodanews.it\/wordpress\/wp-json\/wp\/v2\/posts\/15359\/revisions"}],"predecessor-version":[{"id":15387,"href":"https:\/\/www.nonsolomodanews.it\/wordpress\/wp-json\/wp\/v2\/posts\/15359\/revisions\/15387"}],"wp:featuredmedia":[{"embeddable":true,"href":"https:\/\/www.nonsolomodanews.it\/wordpress\/wp-json\/wp\/v2\/media\/15360"}],"wp:attachment":[{"href":"https:\/\/www.nonsolomodanews.it\/wordpress\/wp-json\/wp\/v2\/media?parent=15359"}],"wp:term":[{"taxonomy":"category","embeddable":true,"href":"https:\/\/www.nonsolomodanews.it\/wordpress\/wp-json\/wp\/v2\/categories?post=15359"},{"taxonomy":"post_tag","embeddable":true,"href":"https:\/\/www.nonsolomodanews.it\/wordpress\/wp-json\/wp\/v2\/tags?post=15359"}],"curies":[{"name":"wp","href":"https:\/\/api.w.org\/{rel}","templated":true}]}}