{"id":15303,"date":"2016-10-09T12:39:42","date_gmt":"2016-10-09T12:39:42","guid":{"rendered":"http:\/\/www.nonsolomodanews.it\/wordpress\/?p=15303"},"modified":"2016-10-09T12:39:42","modified_gmt":"2016-10-09T12:39:42","slug":"brenda-calibeo-venere-magna-grecia-al-concorso-venere-ditalia","status":"publish","type":"post","link":"https:\/\/www.nonsolomodanews.it\/wordpress\/brenda-calibeo-venere-magna-grecia-al-concorso-venere-ditalia\/","title":{"rendered":"Brenda Calibeo, Venere Magna Grecia al concorso Venere d&#8217;Italia"},"content":{"rendered":"<div id=\"attachment_15297\" style=\"width: 210px\" class=\"wp-caption alignleft\"><a href=\"http:\/\/www.nonsolomodanews.it\/wordpress\/wp-content\/uploads\/2016\/10\/14333697_1146087708792991_5109889713747144957_n.jpg\"><img loading=\"lazy\" decoding=\"async\" aria-describedby=\"caption-attachment-15297\" class=\"size-medium wp-image-15297\" src=\"http:\/\/www.nonsolomodanews.it\/wordpress\/wp-content\/uploads\/2016\/10\/14333697_1146087708792991_5109889713747144957_n-200x300.jpg\" alt=\"Brenda Calabeo\" width=\"200\" height=\"300\" srcset=\"https:\/\/www.nonsolomodanews.it\/wordpress\/wp-content\/uploads\/2016\/10\/14333697_1146087708792991_5109889713747144957_n-200x300.jpg 200w, https:\/\/www.nonsolomodanews.it\/wordpress\/wp-content\/uploads\/2016\/10\/14333697_1146087708792991_5109889713747144957_n.jpg 639w\" sizes=\"auto, (max-width: 200px) 100vw, 200px\" \/><\/a><p id=\"caption-attachment-15297\" class=\"wp-caption-text\">Brenda Calabeo<\/p><\/div>\n<p style=\"text-align: justify;\"><span style=\"color: #000000;\"><strong>Brenda Calibeo<\/strong> \u00e8 Venere Magna Grecia, fascia conquistata alla finale nazionale del concorso Venere d&#8217;Italia. 24 anni il prossimo novembre, Brenda pur originiaria della provincia di Chieti studia a Roma ed \u00e8 prossima alla laurea. Ringraziamo Brenda per averci concesso questa intervista ed auguriamo ai lettori di <strong>Nonsolomodanews <\/strong>buona lettura.<\/span><\/p>\n<p style=\"text-align: justify;\"><!--more--><\/p>\n<p style=\"text-align: justify;\"><span style=\"color: #000000;\"><strong>Ciao Brenda, complimenti per aver conquistato la fascia di Venere Magna Grecia e benvenuta su Nonsolomodanews, ti vuoi presentare?<\/strong> <em>&#8220;Ciao, mi chiamo Brenda Calibeo e sono nata a Chieti il 17 novembre 1992. Altezza 171 cm, n\u00b0 scarpe 39, capelli castano scuro, occhi neri. Abito a Roma per motivi di studio, ma sono originaria di Villamagna, un piccolo paese nella provincia di Chieti, in Abruzzo&#8221;.<\/em><\/span><\/p>\n<p style=\"text-align: justify;\"><span style=\"color: #000000;\"><strong>Ci racconti come sei giunta alla finale di Venere d&#8217;Italia? &#8220;<\/strong><em>Per gioco. Mia madre un po&#8217; di tempo fa trov\u00f2 una locandina in un bar e mand\u00f2 (a mia insaputa) il mio numero a Francesco Catenacci, redattore del giornale \u201c7va\u201d e responsabile di \u201cVenere d&#8217;Italia Abruzzo\u201d. Dopo un paio di giorni Francesco mi contatt\u00f2 chiedendomi se volevo partecipare alla prima selezione. Era luglio ed ero in piena sessione d&#8217;esami, quindi rifiutai. Ad agosto ci fu la prima selezione a San Vito, alla quale partecipai conquistando (con mio grande stupore) il primo posto. Dopo questa prima selezione, feci la seconda all&#8217;Hotel &lt;&lt;Le Ginestre&gt;&gt;di Roccacasale, guadagnando di nuovo il primo posto. Molto combattuta tra piacere e dovere, con esami da fare a settembre, mi ritrovai alla finale in Calabria a difendere i colori della mia regione&#8221;.<\/em><\/span><\/p>\n<p style=\"text-align: justify;\"><span style=\"color: #000000;\"><strong>Qual \u00e8 la sensazione che hai provato quando hai saputo che avevi la fascia di Venere Magna Grecia? <\/strong><em>&#8220;A dire il vero, la cosa mi divert\u00ec molto. Il motivo \u00e8 semplice: sbagliarono il mio cognome. All&#8217;assegnazione della fascia chiamarono una certa \u201cBrenda Belisario\u201d. Passarono almeno 3 minuti buoni prima che mi muovessi dal mio posto, dal momento che tra le partecipanti c&#8217;era un&#8217;altra Brenda a parte me. Ci guardavamo intorno cercando di capire chi dovesse andare dalla giuria. La situazione \u00e8 stata divertente. Vedendo che nessuno si muoveva, sono andata io. Per fortuna, la fascia era per me&#8221;.<\/em><\/span><\/p>\n<p style=\"text-align: justify;\"><span style=\"color: #000000;\"><strong>Che cosa fai nella vita? <\/strong><em>&#8220;Studio, principalmente. Sono iscritta al III anno della facolt\u00e0 di Scienze dell&#8217;Alimentazione e della Nutrizione Umana al Campus Bio-Medico di Roma e mi mancano pochi esami per conseguire la laurea&#8221;.<\/em><\/span><\/p>\n<p style=\"text-align: justify;\"><span style=\"color: #000000;\"><strong>Sei una sognatrice o sei pragmatica? <\/strong><em>&#8220;Sognatrice \u201cconsapevole\u201d. La consapevolezza mi aiuta ad essere pragmatica&#8221;.<\/em><\/span><\/p>\n<p style=\"text-align: justify;\"><span style=\"color: #000000;\"><strong>Come sei di carattere? <\/strong><em>&#8220;Il mio segno zodiacale \u00e8 lo Scorpione e sento di avere ogni singola caratteristica dei nati sotto questo segno. \u201cPersonalit\u00e0 dinamica e magnetica, di difficile comprensione per l&#8217;eccessiva riservatezza. Amabili in piccole dosi, eccessivamente ostinati e testardi. Liberi pensatori, non propensi ad accettare le opinioni altrui senza discuterle, raramente danno un parere a meno che non sia stato loro espressamente richiesto, dotati di sentimenti profondi ed emotivi, ma capaci di controllare razionalmente le emozioni. Hanno una mente vivace che fa s\u00ec che sognino ad occhi aperti, ma di regola usano l&#8217;immaginazione per comprendere i fatti; hanno una buona memoria,ma la devono principalmente all&#8217;attenzione che, consapevolmente o no, dedicano a tutti i dettagli in ogni circostanza. Hanno qualit\u00e0 di perseveranza e decisione, sono diffidenti e difficili da ingannare, estremamente intuitivi. Forza di volont\u00e0 e fermezza nelle risoluzioni, amore sincero, a volte piuttosto aggressivo, compresivo, affettuoso e passionale. I loro sentimenti possono essere i loro migliori amici o i loro peggior nemici. Attivi, industriosi, efficienti, responsabili, ambiziosi, sinceri. Combattono continuamente contro i loro impulsi, che li portano a distruggere tutto ci\u00f2 che amano&#8221;.<\/em><\/span><\/p>\n<p style=\"text-align: justify;\"><span style=\"color: #000000;\"><strong>Quali sono i tuoi hobby<em>?<\/em><\/strong> <em>&#8220;Sono nata in una famiglia di musicisti, questo mi ha dato tanto e mi ha aiutato a coltivare una grande passione per la musica. Ho suonato il pianoforte per diversi anni. A 13 anni l&#8217;ho lasciato e ho iniziato a studiare la batteria, che attualmente non sto suonando per motivi di studio, l&#8217;Universit\u00e0 mi porta via la maggior parte del tempo, ed inoltre, essendo uno strumento molto ingombrante, non ho la possibilit\u00e0 di portarlo nella piccola casa in cui abito a Roma. Sempre nell&#8217;ambito della musica, mio padre \u00e8 un sassofonista molto bravo, adora suonare in pubblico e mi chiede di accompagnarlo ogni tanto con la voce. Non posso definirmi\u00a0&lt;&lt;cantante&gt;&gt;, ma mi piacerebbe molto poter continuare su questa strada e migliorare. Nell&#8217;ambito dello sport, invece, dopo molti anni di danza classica e moderna, ho iniziato da un anno a fare pole-dance in una palestra di Roma. Uno sport estremamente difficile, ma che d\u00e0 grandi soddisfazioni. Oltre a questo sport, cerco di ricavare un po&#8217; di tempo durante la settimana per andare a correre, cosa che amo fare&#8221;.<\/em><\/span><\/p>\n<p style=\"text-align: justify;\"><span style=\"color: #000000;\"><strong>Colore preferito? <\/strong><em>&#8220;Il rosso, da sempre&#8221;.<\/em><\/span><\/p>\n<p style=\"text-align: justify;\"><span style=\"color: #000000;\"><strong>Tu sei abruzzese, che cosa ti porti dietro della tua terra? <\/strong><em>&#8220;La genuinit\u00e0 e l&#8217;amore per le cose semplici&#8221;.<\/em><\/span><\/p>\n<p style=\"text-align: justify;\"><span style=\"color: #000000;\"><strong>Quale musica ascolti? <\/strong><em>&#8220;Dipende dai momenti. Amo la musica in tutte le sue sfumature e cerco di conoscere ed approfondire sempre pi\u00f9 generi. Sicuramente il Rock \u00e8 tra i miei preferiti. Latte e Guns N&#8217; Roses la mattina: la giornata pu\u00f2 iniziare&#8221;.<\/em><\/span><\/p>\n<p style=\"text-align: justify;\"><strong>Quali sono i generi \u00a0musicali che preferisci? <\/strong><em>&#8220;Hard Rock, Punk Rock, Rock&#8217;n&#8217;roll, Grunge, Funky, Acoustic, Reggae, Alternative, Blues, Musica Classica, Pop Italiano&#8230; &#8220;.<\/em><\/p>\n<p style=\"text-align: justify;\"><span style=\"color: #000000;\"><strong>Qual \u00e8 il tuo rapporto con il cibo? <\/strong><em>&#8220;Un rapporto fantastico fatto di rispetto e amore reciproco&#8221;.<\/em><\/span><\/p>\n<p style=\"text-align: justify;\"><span style=\"color: #000000;\"><strong>Piatto preferito? <\/strong><em>&#8220;Arrosticini di pecora made in Abruzzo, accompagnati ovviamente da un ottimo vino&#8221;.<\/em><\/span><\/p>\n<p style=\"text-align: justify;\"><span style=\"color: #000000;\"><strong>Quando \u00e8 la prima volta che hai calcato una passerella? <\/strong><em>&#8220;Tikitaka Village di Francavilla al Mare, concorso Miss Intimo, settembre 2015, patron Riccardo Modesti, con l&#8217;invito di Camillo Del Romano. Una bellissima esperienza, sento di dovere molto a Camillo per avermi aiutato a superare un milione di insicurezze&#8221;.<\/em><\/span><\/p>\n<p style=\"text-align: justify;\"><span style=\"color: #000000;\"><strong>e un set fotografico? <\/strong><em>&#8220;Settembre 2014, con Piergiorgio Antonelli. Un vero spasso, non avevo la minima idea di come muovermi. Piergiorgio mi ha messo a mio agio e ho un ricordo bellissimo di quel set al porto di Pescara. Ho riso un sacco&#8221;.<\/em><\/span><\/p>\n<p style=\"text-align: justify;\"><span style=\"color: #000000;\"><strong>Che cosa guardi in una fotografia? <\/strong><em>&#8220;Dipende dal tipo di fotografia&#8221;.<\/em><\/span><\/p>\n<p style=\"text-align: justify;\"><span style=\"color: #000000;\"><strong>Se ti parlo di Moda, che cosa \u00e8 per te il fashion? <\/strong><em>&#8220;Il fashion \u00e8 un concetto piuttosto soggettivo, secondo me. E&#8217; la capacit\u00e0 di dare al proprio stile un taglio totalmente personale. Saper uscire dagli schemi, insomma&#8221;.<\/em><\/span><\/p>\n<p style=\"text-align: justify;\"><span style=\"color: #000000;\"><strong>La segui o hai un tuo guardaroba personale? <\/strong><em>&#8220;Ho un mio guardaroba personale&#8221;.<\/em><\/span><\/p>\n<p style=\"text-align: justify;\"><span style=\"color: #000000;\"><strong>Hai un fashion designer preferito? <\/strong><em>&#8220;Michael Kors, Gucci, Valentino&#8221;.<\/em><\/span><\/p>\n<p style=\"text-align: justify;\"><span style=\"color: #000000;\"><strong>Qual \u00e8 il capo di vestiario che ami di pi\u00f9 e quello di meno?<\/strong> <em>&#8220;Indosso principalmente jeans\u00a0e\u00a0odio le camicie&#8221;.<\/em><\/span><\/p>\n<p style=\"text-align: justify;\"><span style=\"color: #000000;\"><strong>Scarpe basse o tacchi?<\/strong> <em>&#8220;Tacchi&#8221;.<\/em><\/span><\/p>\n<p style=\"text-align: justify;\"><span style=\"color: #000000;\"><strong>Un accessorio che non manca mai quando esci da casa? <\/strong><em>&#8220;Un rossetto e un libro nella borsa&#8221;.<\/em><\/span><\/p>\n<p style=\"text-align: justify;\"><span style=\"color: #000000;\"><strong>Ti piace viaggiare o sei una sedentaria? <\/strong><em>&#8220;Adoro viaggiare e spero di avere sempre pi\u00f9 occasioni per poterlo fare&#8221;.<\/em><\/span><\/p>\n<p style=\"text-align: justify;\"><span style=\"color: #000000;\"><strong>Quale sarebbe la tua citt\u00e0 ideale per vivere? <\/strong><em>&#8220;A Roma si vive molto bene. All&#8217;estero, forse Barcelona&#8221;.<\/em><\/span><\/p>\n<p style=\"text-align: justify;\"><span style=\"color: #000000;\"><strong>Amore? <\/strong><em>&#8220;S\u00ec, c&#8217;\u00e8 una persona nella mia vita. Tra alti e bassi, cerchiamo di raggiungere una stabilit\u00e0&#8221;.<\/em><\/span><\/p>\n<p style=\"text-align: justify;\"><span style=\"color: #000000;\"><strong>Ultima domanda, sogno nel cassetto che desideri realizzare?<\/strong> <em>&#8220;Per iniziare, prendere almeno due lauree. Il sogno dei sogni? Poter partire come volontaria per il Sud-Africa con Medici Senza Frontiere\/ Emergency&#8221;.<\/em><\/span><\/p>\n<p style=\"text-align: center;\"><span style=\"color: #000000;\">Fotografie fornite\u00a0da\u00a0Brenda Calabeo<\/span><br \/>\n<span style=\"color: #000000;\">I credits delle fotografie appartengono ai relativi fotografi<\/span><br \/>\n<span style=\"color: #000000;\">Tutti i diritti riservati \u00a9 2016 \u2013 Email: nonsolomodanews@gmail.com<\/span><\/p>\n<style id=\"bwg-style-0\">      #bwg_container1_0 #bwg_container2_0 #bwg_mosaic_thumbnails_div_0 {        width: 100%;        position: relative;        background-color: rgba(255, 255, 255, 0.00);        text-align: center;        justify-content: center;                  margin-left: auto;          margin-right: auto;                    padding-left: 4px;          padding-top: 4px;                }          #bwg_container1_0 #bwg_container2_0 .bwg_mosaic_thumb_spun_0 {        display: block;        position: absolute;\t\t\t\tborder-radius: 0;\t\t\t\tborder: 0px none #CCCCCC;    \t\t    \t\tbackground-color:rgba(0,0,0, 0.30);        -moz-box-sizing: content-box !important;        -webkit-box-sizing: content-box !important;        box-sizing: content-box !important;      }\t\t\t#bwg_container1_0 #bwg_container2_0 .bwg_mosaic_thumb_0 {\t\t\t\tdisplay: block;\t\t\t\t-moz-box-sizing: content-box !important;\t\t\t\t-webkit-box-sizing: content-box !important;\t\t\t\tbox-sizing: content-box !important;\t\t\t\tmargin: 0;\t\t\t\topacity: 1.00;\t\t\t}      #bwg_container1_0 #bwg_container2_0 .bwg_mosaic_thumb_spun_0:hover {        opacity: 1;        backface-visibility: hidden;        -webkit-backface-visibility: hidden;        -moz-backface-visibility: hidden;        -ms-backface-visibility: hidden;        z-index: 102;      }\t      @media only screen and (min-width: 480px) {        #bwg_container1_0 #bwg_container2_0 .bwg_mosaic_thumb_spun_0:hover {          transform: scale(1.1);          -ms-transform: scale(1.1);          -webkit-transform: scale(1.1);        }      }\t      #bwg_container1_0 #bwg_container2_0 .bwg_mosaic_thumbnails_0 {        background-color: rgba(255, 255, 255, 0.00);        font-size: 0;        position: relative;        text-align: center;        display: inline-block;        visibility: hidden;              }\t  \/*image title styles*\/      #bwg_container1_0 #bwg_container2_0 .bwg_mosaic_title_spun1_0,      #bwg_container1_0 #bwg_container2_0 .bwg-mosaic-thumbnails .bwg_ecommerce_spun1_0 {        position: absolute;        display: block;        opacity: 0;        box-sizing: border-box;        text-align: center;\t\t\t\ttop: 50%;\t\t\t\tleft: 50%;\t\t\t\ttransform: translate(-50%, -50%);      }      #bwg_container1_0 #bwg_container2_0 .bwg-mosaic-thumbnails .bwg_mosaic_title_spun2_0,      #bwg_container1_0 #bwg_container2_0 .bwg-mosaic-thumbnails .bwg_ecommerce_spun2_0 {\t\t    color: #CCCCCC;        font-family: segoe ui;        font-size: 16px;        font-weight: bold;        text-shadow: 0px 0px 0px #888888;        vertical-align: middle;        word-wrap: break-word;      }            .bwg_mosaic_play_icon_spun_0 {        display: table;        position: absolute;        left: -10000px;        top: 0px;        opacity: 0;      }      .bwg_mosaic_play_icon_0 {        color: #CCCCCC;        font-size: 32px;        vertical-align: middle;        display: table-cell !important;        z-index: 1;        text-align: center;        margin: 0 auto;      }      #bwg_container1_0 #bwg_container2_0 .bwg_gal_title_0 {        background-color: rgba(0, 0, 0, 0);        color: #323A45;        display: block;        font-family: Ubuntu;        font-size: 16px;        font-weight: bold;        padding: 2px;        text-shadow: ;        text-align: center;      }            @media screen and (max-width: 280px) {      div[class^=\"bwg_mosaic_thumbnails_\"],      span[class^=\"bwg_mosaic_thumb_spun_\"] {      width: 100% !important;      }      img[class^=\"bwg_mosaic_thumb_\"] {      width: 100% !important;      height: auto !important;      margin: 0px auto !important;      }      }      <\/style>    <div id=\"bwg_container1_0\"         class=\"bwg_container bwg_thumbnail bwg_thumbnails_mosaic \"         data-right-click-protection=\"0\"         data-bwg=\"0\"         data-scroll=\"0\"         data-gallery-type=\"thumbnails_mosaic\"         data-gallery-view-type=\"thumbnails_mosaic\"         data-current-url=\"\/wordpress\/wp-json\/wp\/v2\/posts\/15303\"         data-lightbox-url=\"https:\/\/www.nonsolomodanews.it\/wordpress\/wp-admin\/admin-ajax.php?action=GalleryBox&#038;current_view=0&#038;gallery_id=169&#038;tag=0&#038;theme_id=1&#038;shortcode_id=157&#038;sort_by=order&#038;order_by=asc&#038;current_url=%2Fwordpress%2Fwp-json%2Fwp%2Fv2%2Fposts%2F15303\"         data-gallery-id=\"169\"         data-popup-width=\"800\"         data-popup-height=\"500\"         data-is-album=\"gallery\"         data-buttons-position=\"bottom\">      <div id=\"bwg_container2_0\">             <div id=\"ajax_loading_0\" class=\"bwg_loading_div_1\">      <div class=\"bwg_loading_div_2\">        <div class=\"bwg_loading_div_3\">          <div id=\"loading_div_0\" class=\"bwg_spider_ajax_loading\">          <\/div>        <\/div>      <\/div>    <\/div>            <form id=\"gal_front_form_0\"              class=\"bwg-hidden\"              method=\"post\"              action=\"#\"              data-current=\"0\"              data-shortcode-id=\"157\"              data-gallery-type=\"thumbnails_mosaic\"              data-gallery-id=\"169\"              data-tag=\"0\"              data-album-id=\"0\"              data-theme-id=\"1\"              data-ajax-url=\"https:\/\/www.nonsolomodanews.it\/wordpress\/wp-admin\/admin-ajax.php?action=bwg_frontend_data\">          <div id=\"bwg_container3_0\" class=\"bwg-background bwg-background-0\">                <div id=\"bwg_mosaic_thumbnails_div_0\"         class=\"bwg-container-0 bwg-container bwg-mosaic-thumbnails\"         data-bwg=\"0\"         data-mosaic-direction=\"vertical\"         data-resizable=\"0\"         data-width=\"180\"         data-height=\"90\"         data-total-width=\"100\"         data-block-id=\"bwg_thumbnails_mosaic_0\"         data-thumb-padding=\"4\"         data-thumb-border=\"0\"         data-title-margin=\"2px\"         data-image-title=\"none\"         data-play-icon=\"1\"         data-ecommerce-icon=\"none\"         data-gallery-id=\"169\"         data-lightbox-url=\"https:\/\/www.nonsolomodanews.it\/wordpress\/wp-admin\/admin-ajax.php?action=GalleryBox&#038;current_view=0&#038;gallery_id=169&#038;tag=0&#038;theme_id=1&#038;shortcode_id=157&#038;sort_by=order&#038;order_by=asc&#038;current_url=%2Fwordpress%2Fwp-json%2Fwp%2Fv2%2Fposts%2F15303\"         data-mosaic-thumb-transition=\"1\"         style=\"visibility: hidden\" >      <div id=\"bwg_thumbnails_mosaic_0\" class=\"bwg_mosaic_thumbnails_0\">                  <a class=\"bwg-a\" >          <div class=\"bwg_mosaic_thumb_spun_0 bwg-item0 bwg-mosaic-thumb-span \">            <img decoding=\"async\" class=\"bwg_mosaic_thumb_0 skip-lazy bwg_img_clear bwg_img_custom \"                 id=\"12523\"                 src=\"https:\/\/www.nonsolomodanews.it\/wordpress\/wp-content\/uploads\/photo-gallery\/Brenda%20Calabeo\/thumb\/_B9A0264.jpg?bwg=1624548760\"                 data-src=\"https:\/\/www.nonsolomodanews.it\/wordpress\/wp-content\/uploads\/photo-gallery\/Brenda%20Calabeo\/thumb\/_B9A0264.jpg?bwg=1624548760\"                 data-width=\"\"                 data-height=\"\"                 alt=\"_B9A0264\"                 title=\"_B9A0264\" \/>                      <\/div>        <\/a>                <a class=\"bwg-a\" >          <div class=\"bwg_mosaic_thumb_spun_0 bwg-item0 bwg-mosaic-thumb-span \">            <img decoding=\"async\" class=\"bwg_mosaic_thumb_0 skip-lazy bwg_img_clear bwg_img_custom \"                 id=\"12522\"                 src=\"https:\/\/www.nonsolomodanews.it\/wordpress\/wp-content\/uploads\/photo-gallery\/Brenda%20Calabeo\/thumb\/_B9A0262.jpg?bwg=1624548760\"                 data-src=\"https:\/\/www.nonsolomodanews.it\/wordpress\/wp-content\/uploads\/photo-gallery\/Brenda%20Calabeo\/thumb\/_B9A0262.jpg?bwg=1624548760\"                 data-width=\"\"                 data-height=\"\"                 alt=\"_B9A0262\"                 title=\"_B9A0262\" \/>                      <\/div>        <\/a>                <a class=\"bwg-a\" >          <div class=\"bwg_mosaic_thumb_spun_0 bwg-item0 bwg-mosaic-thumb-span \">            <img decoding=\"async\" class=\"bwg_mosaic_thumb_0 skip-lazy bwg_img_clear bwg_img_custom \"                 id=\"12521\"                 src=\"https:\/\/www.nonsolomodanews.it\/wordpress\/wp-content\/uploads\/photo-gallery\/Brenda%20Calabeo\/thumb\/_B9A0252.jpg?bwg=1624548760\"                 data-src=\"https:\/\/www.nonsolomodanews.it\/wordpress\/wp-content\/uploads\/photo-gallery\/Brenda%20Calabeo\/thumb\/_B9A0252.jpg?bwg=1624548760\"                 data-width=\"\"                 data-height=\"\"                 alt=\"_B9A0252\"                 title=\"_B9A0252\" \/>                      <\/div>        <\/a>                <a class=\"bwg-a\" >          <div class=\"bwg_mosaic_thumb_spun_0 bwg-item0 bwg-mosaic-thumb-span \">            <img decoding=\"async\" class=\"bwg_mosaic_thumb_0 skip-lazy bwg_img_clear bwg_img_custom \"                 id=\"12520\"                 src=\"https:\/\/www.nonsolomodanews.it\/wordpress\/wp-content\/uploads\/photo-gallery\/Brenda%20Calabeo\/thumb\/_B9A0232.jpg?bwg=1624548760\"                 data-src=\"https:\/\/www.nonsolomodanews.it\/wordpress\/wp-content\/uploads\/photo-gallery\/Brenda%20Calabeo\/thumb\/_B9A0232.jpg?bwg=1624548760\"                 data-width=\"\"                 data-height=\"\"                 alt=\"_B9A0232\"                 title=\"_B9A0232\" \/>                      <\/div>        <\/a>                <a class=\"bwg-a\" >          <div class=\"bwg_mosaic_thumb_spun_0 bwg-item0 bwg-mosaic-thumb-span \">            <img decoding=\"async\" class=\"bwg_mosaic_thumb_0 skip-lazy bwg_img_clear bwg_img_custom \"                 id=\"12519\"                 src=\"https:\/\/www.nonsolomodanews.it\/wordpress\/wp-content\/uploads\/photo-gallery\/Brenda%20Calabeo\/thumb\/_B9A0231-001.jpg?bwg=1624548760\"                 data-src=\"https:\/\/www.nonsolomodanews.it\/wordpress\/wp-content\/uploads\/photo-gallery\/Brenda%20Calabeo\/thumb\/_B9A0231-001.jpg?bwg=1624548760\"                 data-width=\"\"                 data-height=\"\"                 alt=\"_B9A0231-001\"                 title=\"_B9A0231-001\" \/>                      <\/div>        <\/a>                <a class=\"bwg-a\" >          <div class=\"bwg_mosaic_thumb_spun_0 bwg-item0 bwg-mosaic-thumb-span \">            <img decoding=\"async\" class=\"bwg_mosaic_thumb_0 skip-lazy bwg_img_clear bwg_img_custom \"                 id=\"12518\"                 src=\"https:\/\/www.nonsolomodanews.it\/wordpress\/wp-content\/uploads\/photo-gallery\/Brenda%20Calabeo\/thumb\/14333697_1146087708792991_5109889713747144957_n.jpg?bwg=1624548760\"                 data-src=\"https:\/\/www.nonsolomodanews.it\/wordpress\/wp-content\/uploads\/photo-gallery\/Brenda%20Calabeo\/thumb\/14333697_1146087708792991_5109889713747144957_n.jpg?bwg=1624548760\"                 data-width=\"\"                 data-height=\"\"                 alt=\"14333697_1146087708792991_5109889713747144957_n\"                 title=\"14333697_1146087708792991_5109889713747144957_n\" \/>                      <\/div>        <\/a>                <a class=\"bwg-a\" >          <div class=\"bwg_mosaic_thumb_spun_0 bwg-item0 bwg-mosaic-thumb-span \">            <img decoding=\"async\" class=\"bwg_mosaic_thumb_0 skip-lazy bwg_img_clear bwg_img_custom \"                 id=\"12517\"                 src=\"https:\/\/www.nonsolomodanews.it\/wordpress\/wp-content\/uploads\/photo-gallery\/Brenda%20Calabeo\/thumb\/10658685_10204869538006629_6371392539881587828_o.jpg?bwg=1624548760\"                 data-src=\"https:\/\/www.nonsolomodanews.it\/wordpress\/wp-content\/uploads\/photo-gallery\/Brenda%20Calabeo\/thumb\/10658685_10204869538006629_6371392539881587828_o.jpg?bwg=1624548760\"                 data-width=\"\"                 data-height=\"\"                 alt=\"10658685_10204869538006629_6371392539881587828_o\"                 title=\"10658685_10204869538006629_6371392539881587828_o\" \/>                      <\/div>        <\/a>                <a class=\"bwg-a\" >          <div class=\"bwg_mosaic_thumb_spun_0 bwg-item0 bwg-mosaic-thumb-span \">            <img decoding=\"async\" class=\"bwg_mosaic_thumb_0 skip-lazy bwg_img_clear bwg_img_custom \"                 id=\"12516\"                 src=\"https:\/\/www.nonsolomodanews.it\/wordpress\/wp-content\/uploads\/photo-gallery\/Brenda%20Calabeo\/thumb\/1069120_10203939199074627_447920179405913550_n.jpg?bwg=1624548760\"                 data-src=\"https:\/\/www.nonsolomodanews.it\/wordpress\/wp-content\/uploads\/photo-gallery\/Brenda%20Calabeo\/thumb\/1069120_10203939199074627_447920179405913550_n.jpg?bwg=1624548760\"                 data-width=\"\"                 data-height=\"\"                 alt=\"1069120_10203939199074627_447920179405913550_n\"                 title=\"1069120_10203939199074627_447920179405913550_n\" \/>                      <\/div>        <\/a>            <\/div>    <\/div>    <style>      \/*pagination styles*\/      #bwg_container1_0 #bwg_container2_0 .tablenav-pages_0 {\t\t\t\ttext-align: center;\t\t\t\tfont-size: 12px;\t\t\t\tfont-family: segoe ui;\t\t\t\tfont-weight: bold;\t\t\t\tcolor: #666666;\t\t\t\tmargin: 6px 0 4px;\t\t\t\tdisplay: block;      }      @media only screen and (max-width : 320px) {      #bwg_container1_0 #bwg_container2_0 .displaying-num_0 {     \t display: none;      }      }      #bwg_container1_0 #bwg_container2_0 .displaying-num_0 {\t\t\t\tfont-size: 12px;\t\t\t\tfont-family: segoe ui;\t\t\t\tfont-weight: bold;\t\t\t\tcolor: #666666;\t\t\t\tmargin-right: 10px;\t\t\t\tvertical-align: middle;      }      #bwg_container1_0 #bwg_container2_0 .paging-input_0 {\t\t\t\tfont-size: 12px;\t\t\t\tfont-family: segoe ui;\t\t\t\tfont-weight: bold;\t\t\t\tcolor: #666666;\t\t\t\tvertical-align: middle;      }      #bwg_container1_0 #bwg_container2_0 .tablenav-pages_0 a.disabled,      #bwg_container1_0 #bwg_container2_0 .tablenav-pages_0 a.disabled:hover,      #bwg_container1_0 #bwg_container2_0 .tablenav-pages_0 a.disabled:focus,\t\t\t#bwg_container1_0 #bwg_container2_0 .tablenav-pages_0 input.bwg_current_page {\t\t\t\tcursor: default;\t\t\t\tcolor: rgba(102, 102, 102, 0.5);      }      #bwg_container1_0 #bwg_container2_0 .tablenav-pages_0 a,      #bwg_container1_0 #bwg_container2_0 .tablenav-pages_0 input.bwg_current_page {\t\t\t\tcursor: pointer;\t\t\t\ttext-align: center;\t\t\t\tfont-size: 12px;\t\t\t\tfont-family: segoe ui;\t\t\t\tfont-weight: bold;\t\t\t\tcolor: #666666;\t\t\t\ttext-decoration: none;\t\t\t\tpadding: 3px 6px;\t\t\t\tmargin: 0;\t\t\t\tborder-radius: 0;\t\t\t\tborder-style: solid;\t\t\t\tborder-width: 1px;\t\t\t\tborder-color: #E3E3E3;\t\t\t\t\t\t\t\tbackground-color: rgba(255, 255, 255, 1.00);\t\t\t\tbox-shadow: 0;\t\t\t\ttransition: all 0.3s ease 0s;-webkit-transition: all 0.3s ease 0s;      }      <\/style>      <span class=\"bwg_nav_cont_0\">              <div class=\"tablenav-pages_0\">                  <\/div>                <input type=\"hidden\" id=\"page_number_0\" name=\"page_number_0\" value=\"1\" \/>      <script type=\"text\/javascript\">        if( jQuery('.bwg_nav_cont_0').length > 1 ) {          jQuery('.bwg_nav_cont_0').first().remove()        }        function spider_page_0(cur, x, y, load_more) {          if (typeof load_more == \"undefined\") {            var load_more = false;          }          if (jQuery(cur).hasClass('disabled')) {            return false;          }          var items_county_0 = 1;          switch (y) {            case 1:              if (x >= items_county_0) {                document.getElementById('page_number_0').value = items_county_0;              }              else {                document.getElementById('page_number_0').value = x + 1;              }              break;            case 2:              document.getElementById('page_number_0').value = items_county_0;              break;            case -1:              if (x == 1) {                document.getElementById('page_number_0').value = 1;              }              else {                document.getElementById('page_number_0').value = x - 1;              }              break;            case -2:              document.getElementById('page_number_0').value = 1;              break;\t\t\t\t\t\tcase 0:              document.getElementById('page_number_0').value = x;              break;            default:              document.getElementById('page_number_0').value = 1;          }          bwg_ajax('gal_front_form_0', '0', 'bwg_thumbnails_mosaic_0', '0', '', 'gallery', 0, '', '', load_more, '', 1);        }                    jQuery('.first-page-0').on('click', function () {              spider_page_0(this, 1, -2, 'numeric');              return false;            });            jQuery('.prev-page-0').on('click', function () {              spider_page_0(this, 1, -1, 'numeric');              return false;            });            jQuery('.next-page-0').on('click', function () {              spider_page_0(this, 1, 1, 'numeric');              return false;            });            jQuery('.last-page-0').on('click', function () {              spider_page_0(this, 1, 2, 'numeric');              return false;            });        \t\t\t\t\/* Change page on input enter. *\/        function bwg_change_page_0( e, that ) {          if (  e.key == 'Enter' ) {            var to_page = parseInt(jQuery(that).val());            var pages_count = jQuery(that).parents(\".pagination-links\").data(\"pages-count\");            var current_url_param = jQuery(that).attr('data-url-info');            if (to_page > pages_count) {              to_page = 1;            }\t \t\t\t\t\t\t\t\t\t\t\t\tspider_page_0(this, to_page, 0, 'numeric');\t\t\t\t\t\t\treturn false;\t\t\t\t\t\t          }          return true;        }        jQuery('.bwg_load_btn_0').on('click', function () {            spider_page_0(this, 1, 1, true);            return false;        });      <\/script>      <\/span>                <\/div>        <\/form>              <\/div>    <\/div>    <script>      if (document.readyState === 'complete') {        if( typeof bwg_main_ready == 'function' ) {          if ( jQuery(\"#bwg_container1_0\").height() ) {            bwg_main_ready(jQuery(\"#bwg_container1_0\"));          }        }      } else {        document.addEventListener('DOMContentLoaded', function() {          if( typeof bwg_main_ready == 'function' ) {            if ( jQuery(\"#bwg_container1_0\").height() ) {             bwg_main_ready(jQuery(\"#bwg_container1_0\"));            }          }        });      }    <\/script>    \n","protected":false},"excerpt":{"rendered":"<p>Brenda Calibeo &egrave; Venere Magna Grecia, fascia conquistata alla finale nazionale del concorso Venere d&rsquo;Italia. 24 anni il prossimo novembre, Brenda pur originiaria della provincia di Chieti studia a Roma ed &egrave; prossima alla laurea. Ringraziamo Brenda per averci concesso questa intervista ed auguriamo ai lettori di Nonsolomodanews buona lettura.<\/p>\n","protected":false},"author":1,"featured_media":15298,"comment_status":"open","ping_status":"open","sticky":false,"template":"","format":"standard","meta":{"rop_custom_images_group":[],"rop_custom_messages_group":[],"rop_publish_now":"initial","rop_publish_now_accounts":[],"rop_publish_now_history":[],"rop_publish_now_status":"pending","footnotes":""},"categories":[16],"tags":[87,2101,348,1099,1605,2102],"class_list":["post-15303","post","type-post","status-publish","format-standard","has-post-thumbnail","hentry","category-articolo","tag-abruzzo","tag-brenda-calabeo","tag-chieti","tag-nonsolomodanews","tag-venere-ditalia","tag-venere-magna-grecia"],"_links":{"self":[{"href":"https:\/\/www.nonsolomodanews.it\/wordpress\/wp-json\/wp\/v2\/posts\/15303","targetHints":{"allow":["GET"]}}],"collection":[{"href":"https:\/\/www.nonsolomodanews.it\/wordpress\/wp-json\/wp\/v2\/posts"}],"about":[{"href":"https:\/\/www.nonsolomodanews.it\/wordpress\/wp-json\/wp\/v2\/types\/post"}],"author":[{"embeddable":true,"href":"https:\/\/www.nonsolomodanews.it\/wordpress\/wp-json\/wp\/v2\/users\/1"}],"replies":[{"embeddable":true,"href":"https:\/\/www.nonsolomodanews.it\/wordpress\/wp-json\/wp\/v2\/comments?post=15303"}],"version-history":[{"count":1,"href":"https:\/\/www.nonsolomodanews.it\/wordpress\/wp-json\/wp\/v2\/posts\/15303\/revisions"}],"predecessor-version":[{"id":15304,"href":"https:\/\/www.nonsolomodanews.it\/wordpress\/wp-json\/wp\/v2\/posts\/15303\/revisions\/15304"}],"wp:featuredmedia":[{"embeddable":true,"href":"https:\/\/www.nonsolomodanews.it\/wordpress\/wp-json\/wp\/v2\/media\/15298"}],"wp:attachment":[{"href":"https:\/\/www.nonsolomodanews.it\/wordpress\/wp-json\/wp\/v2\/media?parent=15303"}],"wp:term":[{"taxonomy":"category","embeddable":true,"href":"https:\/\/www.nonsolomodanews.it\/wordpress\/wp-json\/wp\/v2\/categories?post=15303"},{"taxonomy":"post_tag","embeddable":true,"href":"https:\/\/www.nonsolomodanews.it\/wordpress\/wp-json\/wp\/v2\/tags?post=15303"}],"curies":[{"name":"wp","href":"https:\/\/api.w.org\/{rel}","templated":true}]}}