{"id":15246,"date":"2016-10-05T22:05:23","date_gmt":"2016-10-05T22:05:23","guid":{"rendered":"http:\/\/www.nonsolomodanews.it\/wordpress\/?p=15246"},"modified":"2016-10-05T22:14:14","modified_gmt":"2016-10-05T22:14:14","slug":"siria-fattore-venere-eleganza-al-concorso-nazionale-venere-ditalia","status":"publish","type":"post","link":"https:\/\/www.nonsolomodanews.it\/wordpress\/siria-fattore-venere-eleganza-al-concorso-nazionale-venere-ditalia\/","title":{"rendered":"Siria Fattore, Venere Eleganza, al concorso nazionale Venere d&#8217;Italia"},"content":{"rendered":"<div id=\"attachment_15247\" style=\"width: 186px\" class=\"wp-caption alignleft\"><a href=\"http:\/\/www.nonsolomodanews.it\/wordpress\/wp-content\/uploads\/2016\/10\/2016-09-24-11.24.24.jpg\"><img loading=\"lazy\" decoding=\"async\" aria-describedby=\"caption-attachment-15247\" class=\"size-medium wp-image-15247\" src=\"http:\/\/www.nonsolomodanews.it\/wordpress\/wp-content\/uploads\/2016\/10\/2016-09-24-11.24.24-176x300.jpg\" alt=\"Siria Fattore\" width=\"176\" height=\"300\" srcset=\"https:\/\/www.nonsolomodanews.it\/wordpress\/wp-content\/uploads\/2016\/10\/2016-09-24-11.24.24-176x300.jpg 176w, https:\/\/www.nonsolomodanews.it\/wordpress\/wp-content\/uploads\/2016\/10\/2016-09-24-11.24.24.jpg 563w\" sizes=\"auto, (max-width: 176px) 100vw, 176px\" \/><\/a><p id=\"caption-attachment-15247\" class=\"wp-caption-text\">Siria Fattore<\/p><\/div>\n<p style=\"text-align: justify;\"><span style=\"color: #000000;\"><strong>Nonsolomodanews<\/strong> ha il piacere di presentare <strong>Siria Fattore<\/strong>, l&#8217;ennesima giovanissima ragazza che ha vinto una fascia &#8211; Venere Eleganza &#8211; all&#8217;ultima edizione del concorso Venere d&#8217;Italia. Ringraziamo Siria per averci concesso di conoscerla meglio e auguriamo ai lettori di Nonsolomodanews buona lettura.<\/span><\/p>\n<p style=\"text-align: justify;\"><!--more--><\/p>\n<p style=\"text-align: justify;\"><span style=\"color: #000000;\"><strong>Ciao Siria, ti vuo presentare<\/strong>? <em>&#8220;Mi chiamo Siria FATTORE , ho quindici anni e vivo a Pomezia (RM). Sono alta 170 cm, ho lunghi capelli castano chiaro, occhi verdi, il mio nr. di scarpe \u00e8 il 37. Frequento il secondo anno del liceo linguistico&#8221;.\u00a0<\/em><\/span><\/p>\n<p style=\"text-align: justify;\"><span style=\"color: #000000;\"><strong>Innanzi tutto complimenti per aver conquistato la fascia di &#8220;Venere Eleganza&#8221;. <\/strong>&#8220;<em>Grazie per i complimenti, ottimo risultato. in cuor mio ci speravo&#8221;.<\/em><\/span><\/p>\n<p style=\"text-align: justify;\"><span style=\"color: #000000;\"><strong>Ci dici in due parole le emozioni che hai provato partecipando al concorso?<\/strong> &#8220;<em>Partecipando al concorso ho scoperto una parte di me che non sapevo di avere, una me sicura di se stessa\u00a0e con la voglia di mettersi in gioco<\/em>&#8220;<em>.<\/em><\/span><\/p>\n<p style=\"text-align: justify;\"><span style=\"color: #000000;\"><strong>Come sei giunta alla finale nazionale?<\/strong> &#8220;<em>Ho partecipato a varie tappe provinciali per poi ottenere il pass per l&#8217;accesso alla finale regionale di Citt\u00e0 di isola del liri (FR)\u00a0<\/em><\/span><span style=\"color: #000000;\"><em>dove ho guadagnato una fascia e di conseguenza la partecipazione alla finale nazionale<\/em>&#8220;<em>.<\/em><\/span><\/p>\n<p style=\"text-align: justify;\"><span style=\"color: #000000;\"><strong>Come \u00e8 stato il rapporto con le altre concorrenti del concorso? <\/strong>&#8220;<em>Con le ragazze della mia regione c&#8217;\u00e8 sempre stato un bel rapporto, che si \u00e8 rafforzato in questi giorni trascorsi a Crotone. Ci siamo sostenute a vicenda e abbiamo riso insieme, \u00e8 stata una bella esperienza<\/em>&#8220;<em>.<\/em><\/span><\/p>\n<p style=\"text-align: justify;\"><span style=\"color: #000000;\"><strong>\u00c8 nata qualche nuova amicizia?<\/strong><em>\u00a0&#8220;Ho conosciuto altre ragazze con cui mi sono trovata molto bene, siamo sempre state amichevoli l&#8217;una con l&#8217;altra e non si \u00e8 mai venuta a creare tensione o senso di competizione&#8221;.<\/em><\/span><\/p>\n<p style=\"text-align: justify;\"><span style=\"color: #000000;\"><strong>Come sei di carattere?<\/strong><em> &#8220;Sono una ragazza molto timida e non amo espormi troppo, per questo pu\u00f2 sembrare strano che abbia voluto partecipare a concorsi di bellezza, dove vieni osservata e giudicata. Ho un carattere molto sensibile, tendo ad emozionarmi facilmente. Uno dei lati che amo del mio carattere \u00e8 l&#8217;educazione che mostro verso il prossimo. Mi reputo una ragazza dolce, ma\u00a0che sa essere anche forte e decisa in situazioni che lo richiedono.\u00a0<\/em><\/span><\/p>\n<p style=\"text-align: justify;\"><span style=\"color: #000000;\"><strong>Segui e pratichi qualche sport in particolare?<\/strong><em> &#8220;<\/em><em>In realt\u00e0 al momento non pratico nessuno sport, ma in passato ho praticato nuoto e pallavolo&#8221;<\/em><em>.<\/em><\/span><\/p>\n<p style=\"text-align: justify;\"><span style=\"color: #000000;\"><strong>Hai degli hobby?<\/strong><em> &#8220;<\/em><em>Amo leggere, particolarmente i romanzi storici, ma adoro anche i grandi classici della letteratura. Mi piace molto scrivere, riesco a esprimere tutte le mie emozioni su un semplice foglio di carta, \u00e8 meraviglioso. Un&#8217;altra mia passione \u00e8 la recitazione, sono al terzo anno. Amo l&#8217;atmosfera che si viene a creare sul palcoscenico, \u00e8 come se tutto il mondo intorno a te svanisse, in quel momento penso solo a recitare e tutto il resto non esiste pi\u00f9&#8221;.<\/em><\/span><\/p>\n<p style=\"text-align: justify;\"><span style=\"color: #000000;\"><strong>Qual \u00e8 il tuo rapporto con gli animali?<\/strong><em> &#8220;<\/em><em>Adoro gli animali ho due piccoli cani, ma in passato ho avuto anche un criceto, un coniglio, un pappagallo ed addirittura una papera!&#8221;.<\/em><\/span><\/p>\n<p style=\"text-align: justify;\"><span style=\"color: #000000;\"><strong>Qual \u00e8 il colore preferito? <\/strong><em>&#8220;<\/em><em> Il mio colore preferito \u00e8\u00a0il rosa pastello, pu\u00f2 sembrare un colore infantile ed insignificante, ma a me piace molto&#8221;.<\/em><\/span><\/p>\n<p style=\"text-align: justify;\"><span style=\"color: #000000;\"><strong>A livello di cucina, qual \u00e8 il piatto che ti piace di pi\u00f9?<\/strong><em> &#8220;<\/em><em>Adoro la pasta panna e salmone che fa mia madre, \u00e8 davvero deliziosa, anche se amo molto anche i dolci ma cerco di non abusarne&#8221;<\/em><\/span><\/p>\n<p style=\"text-align: justify;\"><span style=\"color: #000000;\"><strong>Qual \u00e8 il tuo rapporto con il cibo?<\/strong><em> &#8220;<\/em><em>Personalmente amo molto mangiare, non seguo nessun tipo di dieta o cose simili, anche se ovviamente in certi casi devo imparare a controllarmi, non mi nego per\u00f2 una pizza, un piatto di pasta o un dolce!&#8221;.<\/em><\/span><\/p>\n<p style=\"text-align: justify;\"><span style=\"color: #000000;\"><strong>Che cosa \u00e8 per te la femminilit\u00e0?<\/strong><em> &#8220;<\/em><em>Per me essere femminili vuol dire mostrarsi agli occhi degli altri per quello che si \u00e8, avere abbastanza sicurezza da non\u00a0 nascondersi dietro una maschera. Credo che femminilit\u00e0 voglia dire anche eleganza e soprattutto educazione, anche\u00a0saper parlare correttamente e sostenere una buona conversazione \u00e8 importante&#8221;.<\/em><\/span><\/p>\n<p style=\"text-align: justify;\"><span style=\"color: #000000;\"><strong>Meglio essere o apparire?<\/strong><em> &#8220;<\/em><em>Credo soprattutto &#8220;essere&#8221;, in particolar modo<\/em><em> con le persone che ti conoscono. Poi ci possono essere delle situazioni in cui &lt;&lt;devi apparire&gt;&gt;, dove \u00e8 importante dare una buona impressione di te&#8221;.<\/em><\/span><\/p>\n<p style=\"text-align: justify;\"><span style=\"color: #000000;\"><strong>Ci parli delle tue esperienze di modella e fotomodella? <\/strong>&#8220;<em>\u00c8 da poco che sono entrata in questo mondo, quasi per gioco, iscrivendomi su internet al concorso. Ammetto che all&#8217;inizio l&#8217;idea <\/em><\/span><\/p>\n<p style=\"text-align: justify;\"><span style=\"color: #000000;\"><em>\u00a0di sfilare davanti a\u00a0persone che mi avrebbero giudicata mi intimoriva molto, ed in effetti anche ora, quando partecipo alle sfilate, prima di salire in passerella mi sento in tensione, ma una volta partita sono sicura di me stessa.. Mi piace molto fare foto, mi esprimo e mi sento libera di mostrare chi sono. Era partito tutto come un gioco, un modo per imparare a superare la mia \u00a0timidezza, non avrei mai pensato di arrivare addirittura alla finale nazionale&#8221;.<\/em><\/span><\/p>\n<p style=\"text-align: justify;\"><span style=\"color: #000000;\"><strong>Quando hai iniziato a posare? <\/strong><em>&#8220;<\/em><em>Ad 11 anni ho fatto il mio primo book fotografico ma ero ancora troppo piccola, mentre a\u00a0maggio\u00a0ne ho fatto&#8230;diciamo cosi&#8230;uno \u00a0serio&#8221;.<\/em><\/span><\/p>\n<p style=\"text-align: justify;\"><span style=\"color: #000000;\"><strong>Quali sono i generi fotografici che preferisci e perch\u00e9?<\/strong><em> &#8220;<\/em><em>Mi piacciono molto le foto a soggetto umano, in un momento quotidiano, esprimono naturalezza e spontaneit\u00e0&#8221;.<\/em><\/span><\/p>\n<p style=\"text-align: justify;\"><span style=\"color: #000000;\"><strong>Quale progetto fotografico ti piacerebbe realizzare e perch\u00e9?<\/strong><em> &#8220;<\/em><em>Mi piacerebbe realizzare un set fotografico in un castello antico, con abiti d&#8217;epoca, tipici del XIX secolo perch\u00e8 \u00e8 il periodo storico <\/em><\/span><\/p>\n<p style=\"text-align: justify;\"><span style=\"color: #000000;\"><em>\u00a0che preferisco, con quelle gonne ampie, i\u00a0nastri, i ventagli&#8230; \u00e8 una cosa che ho sempre voluto fare, ma non ne ho mai avuto l&#8217;occasione, spero di riuscirci un giorno&#8221;.<\/em><\/span><\/p>\n<p style=\"text-align: justify;\"><span style=\"color: #000000;\"><strong>Che cosa significa per te &#8220;essere una modella?<\/strong><em> &#8220;<\/em><em>Credo significhi anche essere un esempio, una modella non deve essere giudicata solo dal suo fisico ma anche dalla sua <\/em><\/span><\/p>\n<p style=\"text-align: justify;\"><span style=\"color: #000000;\"><em>\u00a0personalit\u00e0, il suo pensiero e il suo modo di essere, solo cos\u00ec pu\u00f2 mostrare davvero se stessa, e essere un buon esempio per gli altri&#8221;.<\/em><\/span><\/p>\n<p style=\"text-align: justify;\"><span style=\"color: #000000;\"><strong>Modella o fotomodella che conosci e alla quale ti ispiri?<\/strong><\/span><\/p>\n<p style=\"text-align: justify;\"><span style=\"color: #000000;\"><strong>In qualit\u00e0 di vincitrice della fascia di Venere Eleganza, che cos&#8217;\u00e8 si intende per eleganza?<\/strong><em> &#8220;<\/em><em>Eleganza per me \u00e8 finezza, delicatezza, il modo di porsi e di comportarsi, avere un buon bagaglio culturale e saper parlare delle proprie conoscenze, essere sempre educati e rispettosi nei confronti delle persone che ci stanno intorno, saper camminare sempre\u00a0a testa alta, e sentirsi sicuri di s\u00e9, questo \u00e8 il mio pensiero di &lt;&lt;eleganza&gt;&gt;.&#8221;.<\/em><\/span><\/p>\n<p style=\"text-align: justify;\"><span style=\"color: #000000;\"><strong>Qual \u00e8 l&#8217;accessorio che non ti stacchi mai quando esci?<\/strong><em> &#8220;Un braccialetto con il simbolo dell&#8217;infinito, me lo ha regalato mio padre e lo tengo sempre con me&#8221;.<\/em><\/span><\/p>\n<p style=\"text-align: justify;\"><span style=\"color: #000000;\"><strong>Sogno nel cassetto?<\/strong><em> &#8220;Il mio sogno \u00e8 quello naturalmente di diventare una modella o fotomodella ma se per qualsiasi\u00a0motivo questo non accadesse, vorrei tanto insegnare ai bambini dell&#8217;asilo e delle scuole elementari. Ho sempre avuto molta affinit\u00e0 con i bambini, e poi credo che sia un lavoro meraviglioso, vedi i piccoli crescere e diventare grandi, dai loro gli insegnamenti necessari per affrontare la vita, non solo sotto il punto di vista scolastico, i bambini non devono apprendere solo l&#8217;italiano o la matematica, ma anc<span style=\"color: #000000;\">he il rispetto e l&#8217;educazione, ci\u00f2 che loro diventeranno un domani, dipende anche dalle maestre, sono come delle seconde mamme, spero di riuscire\u00a0a realizzare questo mio sogno&#8221;.<\/span><\/em><\/span><\/p>\n<p style=\"text-align: justify;\"><span style=\"color: #000000;\"><strong>Ultima domanda, hai qualche persona in particolare da ringraziare per la tua partecipazione al concorso?<\/strong><em> &#8220;Prima di tutto mio padre che ha appoggiato la mia scelta di partecipare al concorso dandomi sempre la forza di andare avanti e combattere la mia timidezza, e devo dire che ci \u00e8 riuscito molto bene. poi devo ringraziare le persone responsabili del concorso che hanno creduto in me, dall&#8217;inizio fino alla finale di Crotone&#8221;.<\/em><\/span><\/p>\n<p style=\"text-align: center;\"><span style=\"color: #000000;\">Fotografie fornite\u00a0da\u00a0Siria Fattore<\/span><br \/>\n<span style=\"color: #000000;\">I credits delle fotografie appartengono ai relativi fotografi<\/span><br \/>\n<span style=\"color: #000000;\">Tutti i diritti riservati \u00a9 2016 \u2013 Email: nonsolomodanews@gmail.com<\/span><\/p>\n<style id=\"bwg-style-0\">      #bwg_container1_0 #bwg_container2_0 #bwg_mosaic_thumbnails_div_0 {        width: 100%;        position: relative;        background-color: rgba(255, 255, 255, 0.00);        text-align: center;        justify-content: center;                  margin-left: auto;          margin-right: auto;                    padding-left: 4px;          padding-top: 4px;                }          #bwg_container1_0 #bwg_container2_0 .bwg_mosaic_thumb_spun_0 {        display: block;        position: absolute;\t\t\t\tborder-radius: 0;\t\t\t\tborder: 0px none #CCCCCC;    \t\t    \t\tbackground-color:rgba(0,0,0, 0.30);        -moz-box-sizing: content-box !important;        -webkit-box-sizing: content-box !important;        box-sizing: content-box !important;      }\t\t\t#bwg_container1_0 #bwg_container2_0 .bwg_mosaic_thumb_0 {\t\t\t\tdisplay: block;\t\t\t\t-moz-box-sizing: content-box !important;\t\t\t\t-webkit-box-sizing: content-box !important;\t\t\t\tbox-sizing: content-box !important;\t\t\t\tmargin: 0;\t\t\t\topacity: 1.00;\t\t\t}      #bwg_container1_0 #bwg_container2_0 .bwg_mosaic_thumb_spun_0:hover {        opacity: 1;        backface-visibility: hidden;        -webkit-backface-visibility: hidden;        -moz-backface-visibility: hidden;        -ms-backface-visibility: hidden;        z-index: 102;      }\t      @media only screen and (min-width: 480px) {        #bwg_container1_0 #bwg_container2_0 .bwg_mosaic_thumb_spun_0:hover {          transform: scale(1.1);          -ms-transform: scale(1.1);          -webkit-transform: scale(1.1);        }      }\t      #bwg_container1_0 #bwg_container2_0 .bwg_mosaic_thumbnails_0 {        background-color: rgba(255, 255, 255, 0.00);        font-size: 0;        position: relative;        text-align: center;        display: inline-block;        visibility: hidden;              }\t  \/*image title styles*\/      #bwg_container1_0 #bwg_container2_0 .bwg_mosaic_title_spun1_0,      #bwg_container1_0 #bwg_container2_0 .bwg-mosaic-thumbnails .bwg_ecommerce_spun1_0 {        position: absolute;        display: block;        opacity: 0;        box-sizing: border-box;        text-align: center;\t\t\t\ttop: 50%;\t\t\t\tleft: 50%;\t\t\t\ttransform: translate(-50%, -50%);      }      #bwg_container1_0 #bwg_container2_0 .bwg-mosaic-thumbnails .bwg_mosaic_title_spun2_0,      #bwg_container1_0 #bwg_container2_0 .bwg-mosaic-thumbnails .bwg_ecommerce_spun2_0 {\t\t    color: #CCCCCC;        font-family: segoe ui;        font-size: 16px;        font-weight: bold;        text-shadow: 0px 0px 0px #888888;        vertical-align: middle;        word-wrap: break-word;      }            .bwg_mosaic_play_icon_spun_0 {        display: table;        position: absolute;        left: -10000px;        top: 0px;        opacity: 0;      }      .bwg_mosaic_play_icon_0 {        color: #CCCCCC;        font-size: 32px;        vertical-align: middle;        display: table-cell !important;        z-index: 1;        text-align: center;        margin: 0 auto;      }      #bwg_container1_0 #bwg_container2_0 .bwg_gal_title_0 {        background-color: rgba(0, 0, 0, 0);        color: #323A45;        display: block;        font-family: Ubuntu;        font-size: 16px;        font-weight: bold;        padding: 2px;        text-shadow: ;        text-align: center;      }            @media screen and (max-width: 280px) {      div[class^=\"bwg_mosaic_thumbnails_\"],      span[class^=\"bwg_mosaic_thumb_spun_\"] {      width: 100% !important;      }      img[class^=\"bwg_mosaic_thumb_\"] {      width: 100% !important;      height: auto !important;      margin: 0px auto !important;      }      }      <\/style>    <div id=\"bwg_container1_0\"         class=\"bwg_container bwg_thumbnail bwg_thumbnails_mosaic \"         data-right-click-protection=\"0\"         data-bwg=\"0\"         data-scroll=\"0\"         data-gallery-type=\"thumbnails_mosaic\"         data-gallery-view-type=\"thumbnails_mosaic\"         data-current-url=\"\/wordpress\/wp-json\/wp\/v2\/posts\/15246\"         data-lightbox-url=\"https:\/\/www.nonsolomodanews.it\/wordpress\/wp-admin\/admin-ajax.php?action=GalleryBox&#038;current_view=0&#038;gallery_id=165&#038;tag=0&#038;theme_id=1&#038;shortcode_id=153&#038;sort_by=order&#038;order_by=asc&#038;current_url=%2Fwordpress%2Fwp-json%2Fwp%2Fv2%2Fposts%2F15246\"         data-gallery-id=\"165\"         data-popup-width=\"800\"         data-popup-height=\"500\"         data-is-album=\"gallery\"         data-buttons-position=\"bottom\">      <div id=\"bwg_container2_0\">             <div id=\"ajax_loading_0\" class=\"bwg_loading_div_1\">      <div class=\"bwg_loading_div_2\">        <div class=\"bwg_loading_div_3\">          <div id=\"loading_div_0\" class=\"bwg_spider_ajax_loading\">          <\/div>        <\/div>      <\/div>    <\/div>            <form id=\"gal_front_form_0\"              class=\"bwg-hidden\"              method=\"post\"              action=\"#\"              data-current=\"0\"              data-shortcode-id=\"153\"              data-gallery-type=\"thumbnails_mosaic\"              data-gallery-id=\"165\"              data-tag=\"0\"              data-album-id=\"0\"              data-theme-id=\"1\"              data-ajax-url=\"https:\/\/www.nonsolomodanews.it\/wordpress\/wp-admin\/admin-ajax.php?action=bwg_frontend_data\">          <div id=\"bwg_container3_0\" class=\"bwg-background bwg-background-0\">                <div id=\"bwg_mosaic_thumbnails_div_0\"         class=\"bwg-container-0 bwg-container bwg-mosaic-thumbnails\"         data-bwg=\"0\"         data-mosaic-direction=\"vertical\"         data-resizable=\"0\"         data-width=\"180\"         data-height=\"90\"         data-total-width=\"100\"         data-block-id=\"bwg_thumbnails_mosaic_0\"         data-thumb-padding=\"4\"         data-thumb-border=\"0\"         data-title-margin=\"2px\"         data-image-title=\"none\"         data-play-icon=\"1\"         data-ecommerce-icon=\"none\"         data-gallery-id=\"165\"         data-lightbox-url=\"https:\/\/www.nonsolomodanews.it\/wordpress\/wp-admin\/admin-ajax.php?action=GalleryBox&#038;current_view=0&#038;gallery_id=165&#038;tag=0&#038;theme_id=1&#038;shortcode_id=153&#038;sort_by=order&#038;order_by=asc&#038;current_url=%2Fwordpress%2Fwp-json%2Fwp%2Fv2%2Fposts%2F15246\"         data-mosaic-thumb-transition=\"1\"         style=\"visibility: hidden\" >      <div id=\"bwg_thumbnails_mosaic_0\" class=\"bwg_mosaic_thumbnails_0\">                  <a class=\"bwg-a\" >          <div class=\"bwg_mosaic_thumb_spun_0 bwg-item0 bwg-mosaic-thumb-span \">            <img decoding=\"async\" class=\"bwg_mosaic_thumb_0 skip-lazy bwg_img_clear bwg_img_custom \"                 id=\"12417\"                 src=\"https:\/\/www.nonsolomodanews.it\/wordpress\/wp-content\/uploads\/photo-gallery\/siria%20fattore\/thumb\/Screenshot_2016-09-24-11-21-49.jpg?bwg=1624548760\"                 data-src=\"https:\/\/www.nonsolomodanews.it\/wordpress\/wp-content\/uploads\/photo-gallery\/siria%20fattore\/thumb\/Screenshot_2016-09-24-11-21-49.jpg?bwg=1624548760\"                 data-width=\"\"                 data-height=\"\"                 alt=\"siria fattore   \"                 title=\"siria fattore   \" \/>                      <\/div>        <\/a>                <a class=\"bwg-a\" >          <div class=\"bwg_mosaic_thumb_spun_0 bwg-item0 bwg-mosaic-thumb-span \">            <img decoding=\"async\" class=\"bwg_mosaic_thumb_0 skip-lazy bwg_img_clear bwg_img_custom \"                 id=\"12416\"                 src=\"https:\/\/www.nonsolomodanews.it\/wordpress\/wp-content\/uploads\/photo-gallery\/siria%20fattore\/thumb\/IMG-20160919-WA0001.jpg?bwg=1624548760\"                 data-src=\"https:\/\/www.nonsolomodanews.it\/wordpress\/wp-content\/uploads\/photo-gallery\/siria%20fattore\/thumb\/IMG-20160919-WA0001.jpg?bwg=1624548760\"                 data-width=\"\"                 data-height=\"\"                 alt=\"siria fattore   \"                 title=\"siria fattore   \" \/>                      <\/div>        <\/a>                <a class=\"bwg-a\" >          <div class=\"bwg_mosaic_thumb_spun_0 bwg-item0 bwg-mosaic-thumb-span \">            <img decoding=\"async\" class=\"bwg_mosaic_thumb_0 skip-lazy bwg_img_clear bwg_img_custom \"                 id=\"12415\"                 src=\"https:\/\/www.nonsolomodanews.it\/wordpress\/wp-content\/uploads\/photo-gallery\/siria%20fattore\/thumb\/2016-09-24%2011.25.51.jpg?bwg=1624548760\"                 data-src=\"https:\/\/www.nonsolomodanews.it\/wordpress\/wp-content\/uploads\/photo-gallery\/siria%20fattore\/thumb\/2016-09-24%2011.25.51.jpg?bwg=1624548760\"                 data-width=\"\"                 data-height=\"\"                 alt=\"siria fattore   \"                 title=\"siria fattore   \" \/>                      <\/div>        <\/a>                <a class=\"bwg-a\" >          <div class=\"bwg_mosaic_thumb_spun_0 bwg-item0 bwg-mosaic-thumb-span \">            <img decoding=\"async\" class=\"bwg_mosaic_thumb_0 skip-lazy bwg_img_clear bwg_img_custom \"                 id=\"12414\"                 src=\"https:\/\/www.nonsolomodanews.it\/wordpress\/wp-content\/uploads\/photo-gallery\/siria%20fattore\/thumb\/2016-09-24%2011.24.24.jpg?bwg=1624548760\"                 data-src=\"https:\/\/www.nonsolomodanews.it\/wordpress\/wp-content\/uploads\/photo-gallery\/siria%20fattore\/thumb\/2016-09-24%2011.24.24.jpg?bwg=1624548760\"                 data-width=\"\"                 data-height=\"\"                 alt=\"siria fattore   \"                 title=\"siria fattore   \" \/>                      <\/div>        <\/a>                <a class=\"bwg-a\" >          <div class=\"bwg_mosaic_thumb_spun_0 bwg-item0 bwg-mosaic-thumb-span \">            <img decoding=\"async\" class=\"bwg_mosaic_thumb_0 skip-lazy bwg_img_clear bwg_img_custom \"                 id=\"12413\"                 src=\"https:\/\/www.nonsolomodanews.it\/wordpress\/wp-content\/uploads\/photo-gallery\/siria%20fattore\/thumb\/2016-09-24%2011.23.39.jpg?bwg=1624548760\"                 data-src=\"https:\/\/www.nonsolomodanews.it\/wordpress\/wp-content\/uploads\/photo-gallery\/siria%20fattore\/thumb\/2016-09-24%2011.23.39.jpg?bwg=1624548760\"                 data-width=\"\"                 data-height=\"\"                 alt=\"siria fattore   \"                 title=\"siria fattore   \" \/>                      <\/div>        <\/a>            <\/div>    <\/div>    <style>      \/*pagination styles*\/      #bwg_container1_0 #bwg_container2_0 .tablenav-pages_0 {\t\t\t\ttext-align: center;\t\t\t\tfont-size: 12px;\t\t\t\tfont-family: segoe ui;\t\t\t\tfont-weight: bold;\t\t\t\tcolor: #666666;\t\t\t\tmargin: 6px 0 4px;\t\t\t\tdisplay: block;      }      @media only screen and (max-width : 320px) {      #bwg_container1_0 #bwg_container2_0 .displaying-num_0 {     \t display: none;      }      }      #bwg_container1_0 #bwg_container2_0 .displaying-num_0 {\t\t\t\tfont-size: 12px;\t\t\t\tfont-family: segoe ui;\t\t\t\tfont-weight: bold;\t\t\t\tcolor: #666666;\t\t\t\tmargin-right: 10px;\t\t\t\tvertical-align: middle;      }      #bwg_container1_0 #bwg_container2_0 .paging-input_0 {\t\t\t\tfont-size: 12px;\t\t\t\tfont-family: segoe ui;\t\t\t\tfont-weight: bold;\t\t\t\tcolor: #666666;\t\t\t\tvertical-align: middle;      }      #bwg_container1_0 #bwg_container2_0 .tablenav-pages_0 a.disabled,      #bwg_container1_0 #bwg_container2_0 .tablenav-pages_0 a.disabled:hover,      #bwg_container1_0 #bwg_container2_0 .tablenav-pages_0 a.disabled:focus,\t\t\t#bwg_container1_0 #bwg_container2_0 .tablenav-pages_0 input.bwg_current_page {\t\t\t\tcursor: default;\t\t\t\tcolor: rgba(102, 102, 102, 0.5);      }      #bwg_container1_0 #bwg_container2_0 .tablenav-pages_0 a,      #bwg_container1_0 #bwg_container2_0 .tablenav-pages_0 input.bwg_current_page {\t\t\t\tcursor: pointer;\t\t\t\ttext-align: center;\t\t\t\tfont-size: 12px;\t\t\t\tfont-family: segoe ui;\t\t\t\tfont-weight: bold;\t\t\t\tcolor: #666666;\t\t\t\ttext-decoration: none;\t\t\t\tpadding: 3px 6px;\t\t\t\tmargin: 0;\t\t\t\tborder-radius: 0;\t\t\t\tborder-style: solid;\t\t\t\tborder-width: 1px;\t\t\t\tborder-color: #E3E3E3;\t\t\t\t\t\t\t\tbackground-color: rgba(255, 255, 255, 1.00);\t\t\t\tbox-shadow: 0;\t\t\t\ttransition: all 0.3s ease 0s;-webkit-transition: all 0.3s ease 0s;      }      <\/style>      <span class=\"bwg_nav_cont_0\">              <div class=\"tablenav-pages_0\">                  <\/div>                <input type=\"hidden\" id=\"page_number_0\" name=\"page_number_0\" value=\"1\" \/>      <script type=\"text\/javascript\">        if( jQuery('.bwg_nav_cont_0').length > 1 ) {          jQuery('.bwg_nav_cont_0').first().remove()        }        function spider_page_0(cur, x, y, load_more) {          if (typeof load_more == \"undefined\") {            var load_more = false;          }          if (jQuery(cur).hasClass('disabled')) {            return false;          }          var items_county_0 = 1;          switch (y) {            case 1:              if (x >= items_county_0) {                document.getElementById('page_number_0').value = items_county_0;              }              else {                document.getElementById('page_number_0').value = x + 1;              }              break;            case 2:              document.getElementById('page_number_0').value = items_county_0;              break;            case -1:              if (x == 1) {                document.getElementById('page_number_0').value = 1;              }              else {                document.getElementById('page_number_0').value = x - 1;              }              break;            case -2:              document.getElementById('page_number_0').value = 1;              break;\t\t\t\t\t\tcase 0:              document.getElementById('page_number_0').value = x;              break;            default:              document.getElementById('page_number_0').value = 1;          }          bwg_ajax('gal_front_form_0', '0', 'bwg_thumbnails_mosaic_0', '0', '', 'gallery', 0, '', '', load_more, '', 1);        }                    jQuery('.first-page-0').on('click', function () {              spider_page_0(this, 1, -2, 'numeric');              return false;            });            jQuery('.prev-page-0').on('click', function () {              spider_page_0(this, 1, -1, 'numeric');              return false;            });            jQuery('.next-page-0').on('click', function () {              spider_page_0(this, 1, 1, 'numeric');              return false;            });            jQuery('.last-page-0').on('click', function () {              spider_page_0(this, 1, 2, 'numeric');              return false;            });        \t\t\t\t\/* Change page on input enter. *\/        function bwg_change_page_0( e, that ) {          if (  e.key == 'Enter' ) {            var to_page = parseInt(jQuery(that).val());            var pages_count = jQuery(that).parents(\".pagination-links\").data(\"pages-count\");            var current_url_param = jQuery(that).attr('data-url-info');            if (to_page > pages_count) {              to_page = 1;            }\t \t\t\t\t\t\t\t\t\t\t\t\tspider_page_0(this, to_page, 0, 'numeric');\t\t\t\t\t\t\treturn false;\t\t\t\t\t\t          }          return true;        }        jQuery('.bwg_load_btn_0').on('click', function () {            spider_page_0(this, 1, 1, true);            return false;        });      <\/script>      <\/span>                <\/div>        <\/form>              <\/div>    <\/div>    <script>      if (document.readyState === 'complete') {        if( typeof bwg_main_ready == 'function' ) {          if ( jQuery(\"#bwg_container1_0\").height() ) {            bwg_main_ready(jQuery(\"#bwg_container1_0\"));          }        }      } else {        document.addEventListener('DOMContentLoaded', function() {          if( typeof bwg_main_ready == 'function' ) {            if ( jQuery(\"#bwg_container1_0\").height() ) {             bwg_main_ready(jQuery(\"#bwg_container1_0\"));            }          }        });      }    <\/script>    \n<p><span style=\"color: #000000;\"><strong>\u00a0<\/strong><\/span><\/p>\n<p><span style=\"color: #000000;\"><strong>\u00a0<\/strong><\/span><\/p>\n","protected":false},"excerpt":{"rendered":"<p>Nonsolomodanews ha il piacere di presentare Siria Fattore, l&rsquo;ennesima giovanissima ragazza che ha vinto una fascia &ndash; Venere Eleganza &ndash; all&rsquo;ultima edizione del concorso Venere d&rsquo;Italia. Ringraziamo Siria per averci concesso di conoscerla meglio e auguriamo ai lettori di Nonsolomodanews buona lettura.<\/p>\n","protected":false},"author":1,"featured_media":15248,"comment_status":"open","ping_status":"open","sticky":false,"template":"","format":"standard","meta":{"rop_custom_images_group":[],"rop_custom_messages_group":[],"rop_publish_now":"initial","rop_publish_now_accounts":[],"rop_publish_now_history":[],"rop_publish_now_status":"pending","footnotes":""},"categories":[16],"tags":[819,2089,1605,2090],"class_list":["post-15246","post","type-post","status-publish","format-standard","has-post-thumbnail","hentry","category-articolo","tag-lazio","tag-siria-fattore","tag-venere-ditalia","tag-venere-eleganza"],"_links":{"self":[{"href":"https:\/\/www.nonsolomodanews.it\/wordpress\/wp-json\/wp\/v2\/posts\/15246","targetHints":{"allow":["GET"]}}],"collection":[{"href":"https:\/\/www.nonsolomodanews.it\/wordpress\/wp-json\/wp\/v2\/posts"}],"about":[{"href":"https:\/\/www.nonsolomodanews.it\/wordpress\/wp-json\/wp\/v2\/types\/post"}],"author":[{"embeddable":true,"href":"https:\/\/www.nonsolomodanews.it\/wordpress\/wp-json\/wp\/v2\/users\/1"}],"replies":[{"embeddable":true,"href":"https:\/\/www.nonsolomodanews.it\/wordpress\/wp-json\/wp\/v2\/comments?post=15246"}],"version-history":[{"count":9,"href":"https:\/\/www.nonsolomodanews.it\/wordpress\/wp-json\/wp\/v2\/posts\/15246\/revisions"}],"predecessor-version":[{"id":15257,"href":"https:\/\/www.nonsolomodanews.it\/wordpress\/wp-json\/wp\/v2\/posts\/15246\/revisions\/15257"}],"wp:featuredmedia":[{"embeddable":true,"href":"https:\/\/www.nonsolomodanews.it\/wordpress\/wp-json\/wp\/v2\/media\/15248"}],"wp:attachment":[{"href":"https:\/\/www.nonsolomodanews.it\/wordpress\/wp-json\/wp\/v2\/media?parent=15246"}],"wp:term":[{"taxonomy":"category","embeddable":true,"href":"https:\/\/www.nonsolomodanews.it\/wordpress\/wp-json\/wp\/v2\/categories?post=15246"},{"taxonomy":"post_tag","embeddable":true,"href":"https:\/\/www.nonsolomodanews.it\/wordpress\/wp-json\/wp\/v2\/tags?post=15246"}],"curies":[{"name":"wp","href":"https:\/\/api.w.org\/{rel}","templated":true}]}}