{"id":14899,"date":"2016-08-31T22:48:28","date_gmt":"2016-08-31T22:48:28","guid":{"rendered":"http:\/\/www.nonsolomodanews.it\/wordpress\/?p=14899"},"modified":"2016-09-01T16:00:33","modified_gmt":"2016-09-01T16:00:33","slug":"ami-la-crema-di-bellezza-cosmestibile","status":"publish","type":"post","link":"https:\/\/www.nonsolomodanews.it\/wordpress\/ami-la-crema-di-bellezza-cosmestibile\/","title":{"rendered":"AMI&#8217; la crema di bellezza cosmestibile"},"content":{"rendered":"<p style=\"text-align: justify;\"><span style=\"color: #000000;\"><a href=\"http:\/\/www.nonsolomodanews.it\/wordpress\/wp-content\/uploads\/2016\/08\/Linea-Maxima.jpg\"><img loading=\"lazy\" decoding=\"async\" class=\"alignleft size-full wp-image-14901\" src=\"http:\/\/www.nonsolomodanews.it\/wordpress\/wp-content\/uploads\/2016\/08\/Linea-Maxima.jpg\" alt=\"Linea-Maxima\" width=\"200\" height=\"106\" \/><\/a>In collaborazione con Garavani Fashion Italy, abbiamo piacere di ospitare l&#8217;Officina di cosmetici AMI&#8217;.\u00a0<a href=\"http:\/\/amicosmeceutici.com\/\">L\u2019officina di produzione e confezionamento di cosmetici AMI\u2019 <\/a>(che in giapponese vuol dire cura \u00a0della bellezza)\u00a0nasce da un amore ed un sogno antichi che trovano le loro radici, nella seconda met\u00e0 del 1500, nei densi profumi delle erbe medicamentose delle TERRE DELLO SPEZIALE (catasto del 1575) e nell&#8217;aria di curiosit\u00e0 e di magia che si respirava nella bottega dell\u2019Aromatario\u00a0nel Ducato di Tagliacozzo (Taleacotium Ducatus Amplissimus) ora in provincia dell&#8217;Aquila. Negli anni &#8217;90 nella farmacia di famiglia veniva prodotta una crema per le ustioni e cicatrici che lo stesso prof Azzolini, famoso\u00a0 chirurgo plastico di Milano, \u00a0 invi\u00f2 una lettera di ringraziamento meravigliato dalle straordinarie doti curative del prodotto.\u00a0\u00a0Il ricordo ancestrale dei profumi e dell\u2019aria di magia si attualizza nell&#8217;amore per il sapere e per la chimica. L\u2019amore per la bellezza dei colori e dei profumi della natura si concretizzano e si trasformano nella passione per la cosmetica e nel 1996 nasce il primo laboratorio cosmetico interno alla Farmacia Pellacchi nel quale si realizzano le ricerche che portano alla formulazione e realizzazione del &lt;&lt;gioiello di famiglia&gt;&gt;la <strong>linea Maxima<\/strong>. L\u2019antico incantesimo contagia e coinvolge anche le figlie di Angela, <strong>Francesca e Monica Amicucci<\/strong> Farmacista, che nel 2010 creano la <strong>OFFICINA COSMETICA AMI\u2019<\/strong> per la produzione e commercializzazione di cosmetici in tutto il mondo.<\/span><\/p>\n<p style=\"text-align: justify;\"><!--more--><\/p>\n<p><span style=\"color: #000000;\">Abbiamo avuto il piacere di parlare direttamente con <strong>Francesca Amicucci<\/strong> \u00a0 e le abbiamo chiesto in merito alla <strong>Linea Maxima <\/strong>e in particolare di <strong>AMI&#8217;.<\/strong><em style=\"color: #000000;\">\u00a0<\/em> Ecco che cosa ci ha risposto<em style=\"color: #000000;\">. \u201cQuesti sono prodotti <strong>cosmeceutici<\/strong> (<\/em>un prodotto o una sostanza, diversa da un medicinale, destinato ad essere applicato sulle superfici esterne del corpo umano (epidermide, sistema pilifero e capelli, unghie, labbra, organi genitali esterni), oppure sui denti e sulle mucose della bocca allo scopo, esclusivo o prevalente, di pulirli, profumarli, modificarne l&#8217;aspetto, correggere gli odori corporei, proteggerli o preservarli in buone condizioni\u00a0ndr)<em style=\"color: #000000;\">, in quanto non sono i soliti prodotti in commercio.\u201d<\/em>\u00a0\u2013 ci ha detto\u00a0Francesca Amicucci, una delle discendenti della famiglia.<\/span><\/p>\n<p><span style=\"color: #000000;\"><strong>Dottoressa, allora si tratta di farmaci con specifiche caratteristiche, ce ne vuole parlare?<\/strong><em style=\"color: #000000;\"> \u201cSono una vera e propria cura per la pelle, di ultima generazione, perch\u00e8 hanno alcune particolarit\u00e0: \u00e8 tutto innovativo\u2026 gli emulsionanti vengono dal Giappone, per produrli vengono utilizzati i <strong>sucroesteri<\/strong>, molecole di origine vegetale, ottenute per esterificazione degli zuccheri da barbabietola o da canna con acidi grassi provenienti da olii di palma, cocco, palmisto e colza. Senza PEG Parabeni <\/em><em style=\"color: #000000;\">(ipoallergeni ndr)<\/em><\/span><em><span style=\"color: #000000;\">, molecole quindi sicurissime, altamente pure, della massima tollerabilit\u00e0, adatte anche ai neonati. In ambiente europeo definite <strong>coSmestibili<\/strong>; in Giappone, da dove provengono, sono usate nell\u2019industria alimentare. Totalmente biodegradabili. Nascono cos\u00ec creme ed emulsioni submicroniche (con particelle di dimensioni di circa 300 micron), che ci consentono la realizzazione di una vasta gamma di texture raffinatissime, consistenze dalla sensorialit\u00e0 innovativa, spalmabilit\u00e0 pi\u00f9 facile, assenza di residuo appiccicoso e potere di penetrazione dalle 3 alle 7 volte superiore agli altri emulsionanti&#8221;.<\/span><\/em><\/p>\n<p><span style=\"color: #000000;\"><strong>Quante linee avete del vostro prodotto?<\/strong><\/span><em><span style=\"color: #000000;\"> &#8220;Abbiamo la linea viso, dai 25 anni in poi, una crema contro la couperose, due creme corpo, una anticellulite, un siero viso che dona un effetto lifting molto forte, due solari, una lozione detossinante e un&#8217;acqua micellare. \u00a0Sono idrosolubili, per cui se si preferisce, si pu\u00f2 anche allungarli con l\u2019acqua. La nostra politica \u00e8 dare alla pelle quello di cui ha bisogno! A seconda dell\u2019et\u00e0, diamo alla pelle un numero variabile di principi attivi, da 2 a 7 proteine\u2026da quella ricombinata del botulino, a quella ristrutturante, ridensificante, a quella antimacchia\u2026 In una crema c\u2019\u00e8 tutto ci\u00f2 che serve per viso collo e decollet\u00e8, anche per il contorno degli occhi&#8221;.<\/span><\/em><\/p>\n<p><span style=\"color: #000000;\"><strong>Chi \u00e8 che ha formulato le creme?<\/strong><\/span><em><span style=\"color: #000000;\"> &#8220;Mia madre, farmacista , attualmente presidente dell&#8217;ordine dei farmacisti dell&#8217;Aquila nonch\u00e9 presidente Fofi e ovviamente tecnico farmaceutico,\u00a0ha formulato queste creme per noi, poi io ho deciso di metterle sul mercato. Vorrei sottolineare che <\/span><strong style=\"color: #000000;\">AMI&#8217;<\/strong><span style=\"color: #000000;\"> \u00e8 stata presentata al Congresso di Medicina Estetica Internazionale SIME 2013&#8243;.<\/span><\/em><\/p>\n<p><span style=\"color: #000000;\"><strong>Dove si possono trovare i vostri prodotti?<\/strong><\/span><em><span style=\"color: #000000;\"> &#8220;I\u00a0prodotti si trovano nelle migliori SPA, beauty clinic e profumerie italianeI. Su Roma:\u00a0&lt;&lt;Gerardo Russillo Lab&gt;&gt;\u00a0in Via Maria Adelaide e in zona Pantheon a Piazza Luigi dei Francesi, Lul\u00f9 centro estetico a Via Flaminia e, ovviamente, in Abruzzo nella nostra Farmacia\u00a0<\/span><\/em>&#8221; Del Cervo&#8221; Tagliacozzo (AQ) Per info 0863\/610287 &#8211;\u00a03929168697 &#8211;\u00a0<em><span style=\"color: #000000;\">Qui\u00a0c\u2019\u00e8 tutta una tradizione di\u00a0famiglia alle spalle\u2026 il mio bisnonno faceva gli amari, mio nonno tutta l\u2019attivit\u00e0 galenica mediante le erbe medicamentose e mia madre che \u00e8 arrivata a fare la cosmetica!\u201d\u00a0<\/span><\/em><\/p>\n<p>Sul sito <a href=\"http:\/\/www.vanityshop.com\">www.vanityshop.com<\/a><\/p>\n<p>E ovviamente nella nostra farmacia<\/p>\n<p>&nbsp;<\/p>\n<p><strong><span style=\"color: #000000;\">Bruno Angelo Porcellana<\/span><\/strong><\/p>\n<p style=\"text-align: center;\"><span style=\"color: #000000;\">Le fotografie sono\u00a0prese dal sito della societ\u00e0<\/span><br \/>\n<span style=\"color: #000000;\">Tutti i diritti riservati \u00a9 2016 \u2013 Email: nonsolomodanews@gmail.com<\/span><\/p>\n","protected":false},"excerpt":{"rendered":"<p>In collaborazione con Garavani Fashion Italy, abbiamo piacere di ospitare l&rsquo;Officina di cosmetici AMI&rsquo;.&nbsp;L&rsquo;officina di produzione e confezionamento di cosmetici AMI&rsquo; (che in giapponese vuol dire cura &nbsp;della bellezza)&nbsp;nasce da un amore ed un sogno antichi che trovano le loro radici, nella seconda met&agrave; del 1500, nei densi profumi delle erbe medicamentose delle TERRE DELLO SPEZIALE (catasto del 1575) e nell&rsquo;aria di curiosit&agrave; e di magia che si respirava nella bottega dell&rsquo;Aromatario&nbsp;nel Ducato di Tagliacozzo (Taleacotium Ducatus Amplissimus) ora in provincia dell&rsquo;Aquila. Negli anni &rsquo;90 nella farmacia di famiglia veniva prodotta una crema per le ustioni e cicatrici che lo stesso prof Azzolini, famoso&nbsp; chirurgo plastico di Milano, &nbsp; invi&ograve; una lettera di ringraziamento meravigliato dalle straordinarie doti curative del prodotto.&nbsp;&nbsp;Il ricordo ancestrale dei profumi e dell&rsquo;aria di magia si attualizza nell&rsquo;amore per il sapere e per la chimica. L&rsquo;amore per la bellezza dei colori e dei profumi della natura si concretizzano e si trasformano nella passione per la cosmetica e nel 1996 nasce il primo laboratorio cosmetico interno alla Farmacia Pellacchi nel quale si realizzano le ricerche che portano alla formulazione e realizzazione del &lt;&lt;gioiello di famiglia&gt;&gt;la linea Maxima. L&rsquo;antico incantesimo contagia e coinvolge anche le figlie di Angela, [&hellip;]<\/p>\n","protected":false},"author":1,"featured_media":14902,"comment_status":"open","ping_status":"open","sticky":false,"template":"","format":"standard","meta":{"rop_custom_images_group":[],"rop_custom_messages_group":[],"rop_publish_now":"initial","rop_publish_now_accounts":[],"rop_publish_now_history":[],"rop_publish_now_status":"pending","footnotes":""},"categories":[16],"tags":[2023,2026,2025,2024],"class_list":["post-14899","post","type-post","status-publish","format-standard","has-post-thumbnail","hentry","category-articolo","tag-ami","tag-cosmestibili","tag-farmacia","tag-francesca-amicucci"],"_links":{"self":[{"href":"https:\/\/www.nonsolomodanews.it\/wordpress\/wp-json\/wp\/v2\/posts\/14899","targetHints":{"allow":["GET"]}}],"collection":[{"href":"https:\/\/www.nonsolomodanews.it\/wordpress\/wp-json\/wp\/v2\/posts"}],"about":[{"href":"https:\/\/www.nonsolomodanews.it\/wordpress\/wp-json\/wp\/v2\/types\/post"}],"author":[{"embeddable":true,"href":"https:\/\/www.nonsolomodanews.it\/wordpress\/wp-json\/wp\/v2\/users\/1"}],"replies":[{"embeddable":true,"href":"https:\/\/www.nonsolomodanews.it\/wordpress\/wp-json\/wp\/v2\/comments?post=14899"}],"version-history":[{"count":12,"href":"https:\/\/www.nonsolomodanews.it\/wordpress\/wp-json\/wp\/v2\/posts\/14899\/revisions"}],"predecessor-version":[{"id":14925,"href":"https:\/\/www.nonsolomodanews.it\/wordpress\/wp-json\/wp\/v2\/posts\/14899\/revisions\/14925"}],"wp:featuredmedia":[{"embeddable":true,"href":"https:\/\/www.nonsolomodanews.it\/wordpress\/wp-json\/wp\/v2\/media\/14902"}],"wp:attachment":[{"href":"https:\/\/www.nonsolomodanews.it\/wordpress\/wp-json\/wp\/v2\/media?parent=14899"}],"wp:term":[{"taxonomy":"category","embeddable":true,"href":"https:\/\/www.nonsolomodanews.it\/wordpress\/wp-json\/wp\/v2\/categories?post=14899"},{"taxonomy":"post_tag","embeddable":true,"href":"https:\/\/www.nonsolomodanews.it\/wordpress\/wp-json\/wp\/v2\/tags?post=14899"}],"curies":[{"name":"wp","href":"https:\/\/api.w.org\/{rel}","templated":true}]}}