{"id":14821,"date":"2016-08-07T23:24:04","date_gmt":"2016-08-07T23:24:04","guid":{"rendered":"http:\/\/www.nonsolomodanews.it\/wordpress\/?p=14821"},"modified":"2016-08-07T23:24:04","modified_gmt":"2016-08-07T23:24:04","slug":"la-piu-bella-tratti-di-bellezza-in-terra-di-sicilia-nel-mondo","status":"publish","type":"post","link":"https:\/\/www.nonsolomodanews.it\/wordpress\/la-piu-bella-tratti-di-bellezza-in-terra-di-sicilia-nel-mondo\/","title":{"rendered":"La pi\u00f9 Bella \u2013 Tratti di bellezza in terra di Sicilia\u2026 nel mondo"},"content":{"rendered":"<p><a href=\"http:\/\/www.nonsolomodanews.it\/wordpress\/wp-content\/uploads\/2016\/08\/kermesse-di-bellezza.jpg\"><img loading=\"lazy\" decoding=\"async\" class=\"alignleft size-medium wp-image-14823\" src=\"http:\/\/www.nonsolomodanews.it\/wordpress\/wp-content\/uploads\/2016\/08\/kermesse-di-bellezza-300x208.jpg\" alt=\"kermesse di bellezza\" width=\"300\" height=\"208\" srcset=\"https:\/\/www.nonsolomodanews.it\/wordpress\/wp-content\/uploads\/2016\/08\/kermesse-di-bellezza-300x208.jpg 300w, https:\/\/www.nonsolomodanews.it\/wordpress\/wp-content\/uploads\/2016\/08\/kermesse-di-bellezza.jpg 672w\" sizes=\"auto, (max-width: 300px) 100vw, 300px\" \/><\/a><\/p>\n<p style=\"text-align: justify;\"><span style=\"color: #000000;\">Tutti in piazza ad Aci Catena (Ct) per la finalissima del 13 agosto alle ore 21.00. Protagonista la bellezza, che affasciner\u00e0 e intratterr\u00e0 il pubblico, per poi decretare la vincitrice del concorso all\u2019insegna della legalit\u00e0 e della trasparenza, a presiedere la giuria, Nicol\u00f2 Mannino presidente del Parlamento della Legalit\u00e0 Internazionale<\/span><\/p>\n<p style=\"text-align: justify;\"><!--more--><\/p>\n<p style=\"text-align: justify;\"><span style=\"color: #000000;\">Giunge il tanto atteso momento, quello di premiare \u201cLa pi\u00f9 Bella \u2013 Tratti di bellezza in terra di Sicilia\u2026 nel mondo\u201d, appuntamento il 13 agosto a partire dalle ore 21.00,\u00a0 da cornice all\u2019evento le scalinate del palazzo comunale di Aci Catena (Ct).<\/span><\/p>\n<p style=\"text-align: justify;\"><span style=\"color: #000000;\">Le aspiranti miss selezionate prima attraverso le iscrizioni online\u00a0 e in seguito durante le tappe provinciali, sfileranno tra uno spettacolo e l\u2019altro, bellezza, moda, musica, cabaret, danza, arte e cultura animeranno la serata della finalissima, in cui protagonista sar\u00e0 la bellezza siciliana.<\/span><\/p>\n<p style=\"text-align: justify;\"><span style=\"color: #000000;\">\u201cBellezza all\u2019insegna della legalit\u00e0 e della trasparenza, che rispecchi la nostra meravigliosa Isola, la pi\u00f9 bella sar\u00e0 colei che racchiuder\u00e0 in s\u00e9 tutte queste caratteristiche\u201d dichiara il patron e ideatore del concorso, Mario Privitera.<\/span><\/p>\n<p style=\"text-align: justify;\"><span style=\"color: #000000;\">\u201cSi tratta di una manifestazione aperta non solo alla bellezza, ma anche ai talenti siciliani, siamo sempre pronti ad effettuare casting per chiunque lo voglia\u201d, aggiunge il Patron del concorso.<\/span><\/p>\n<p style=\"text-align: justify;\"><span style=\"color: #000000;\">Le scalinate del palazzo comunale di Aci Catena saranno animate dalla bellezza, illuminate dal fascino delle ragazze, previsti momenti di cultura, esposizioni artigianali, saranno presenti, artisti, poeti, pittori e scultori coordinati dal Prof. Giovanni Barbagallo, attualmente impegnato nella valorizzazione del parco archeologico delle terme romane di S. Venera al Pozzo, con annesso itinerario dei mulini\u00a0 ad acqua di Reitana, una location unica che potrebbe fare da cornice alla prossima edizione della kermesse di bellezza.<\/span><\/p>\n<p style=\"text-align: justify;\"><span style=\"color: #000000;\">Le aspiranti miss sfileranno, \u00a0in costume da bagno, con\u00a0 abiti ed accessori esclusivi, realizzati da stilisti e designers siciliani, in passerella per il momento di alta moda gli abiti di Lucia Giappino Haute-Couture, gli accessori di Rosaria Alberti con Creativa Accessori e\u00a0 le creazioni di Margherita Russo, per l\u2019uscita casual le ragazze saranno vestite da Chiara Leotta &amp; Silvana D\u2019Urso. La direzione artistica \u00e8 stata affidata a Enza Mignacca e coordinata dal patron del concorso, manager, Mario Privitera, a curare il look delle aspiranti miss, Rosanna Santonocito hair &amp; designer stylist.<\/span><\/p>\n<p style=\"text-align: justify;\"><span style=\"color: #000000;\">Durante la passerella le miss saranno fotografate, il miglior scatto, sar\u00e0 inserito nella quarta edizione del libro dello scrittore Aldo Palmeri, dal titolo, \u201cLa Sicilia \u00e8 terra nostra:valorizziamola\u201d.<\/span><\/p>\n<p style=\"text-align: justify;\"><span style=\"color: #000000;\">La finalissima sar\u00e0 condotta dal giornalista Giuseppe Proiti, affiancato dalla conduttrice Paola Parisi.<\/span><\/p>\n<p style=\"text-align: justify;\"><span style=\"color: #000000;\">La giuria\u00a0 composta da professionisti del settore moda e del mondo imprenditoriale,\u00a0 sar\u00e0 presieduta dal\u00a0 presidente del Parlamento della Legalit\u00e0 Internazionale, Nicolo\u2019Mannino, saranno presenti anche Pietro Orilia, Rosa Guida e Sergio Merlino D\u2019Amore, membri del Parlamento della Legalit\u00e0 Internazionale, Melinda Miceli (Premio Donna Siciliana), Nello Vasta, noto conduttore catanese.<\/span><\/p>\n<p style=\"text-align: justify;\"><span style=\"color: #000000;\">Entusiasta dell\u2019evento il presidente del Parlamento della Legalit\u00e0 Internazionale Nicol\u00f2 Mannino che dichiara: \u201cSar\u00f2 lieto di incoronare \u201cla pi\u00f9 bella\u201d che in terra di Sicilia sa esprimersi con quella solarit\u00e0 e semplicit\u00e0 che caratterizza la nostra affascinante Isola, la Sicilia deve mettere in risalto il talento dei giovani, bisogna credere in loro e nella bellezza dei loro sogni\u201d.<\/span><\/p>\n<p style=\"text-align: justify;\"><span style=\"color: #000000;\">Saranno inoltre presenti oltre allo scrittore Aldo Palmeri, il poeta Nicola Raciti, \u00a0Andrea Schilliro\u2019, comico reduce dalla trasmissione Zelig, mentre\u00a0 il momento dedicato alla danza \u00e8 stato affidato ad Aquilia Dance.<\/span><\/p>\n<p style=\"text-align: justify;\"><span style=\"color: #000000;\">Non mancher\u00e0 lo spazio dedicato ai pi\u00f9 piccoli, che sfileranno sotto la direzione artistica di Elit\u00e8 Star e Grim Eventi, mentre la piccola Eleonora Cantarella\u00a0 reciter\u00e0 alcune frasi dedicate alla bellezza, inoltre si esibiranno le mitiche sorelle Anfuso e saranno presenti anche i valletti Jessica Marano e Alessandro Nicolosi.<\/span><\/p>\n<p style=\"text-align: justify;\"><span style=\"color: #000000;\">La vincitrice del concorso di bellezza sar\u00e0 premiata con un gioiello prezioso ed avr\u00e0 diritto ad una\u00a0 collaborazione artistica con la PMS Grandi Eventi, per la produzione del calendario ufficiale distribuito e venduto nelle migliori edicole siciliane.<\/span><\/p>\n<p>(Per ulteriori informazione \u00e8 possibile consultare il sito <a href=\"http:\/\/www.concorsolapiubella.it\/\">www.concorsolapiubella.it<\/a>)<\/p>\n<p><strong>Comunicato Stampa<\/strong><\/p>\n<p>&nbsp;<\/p>\n<p style=\"text-align: center;\"><span style=\"color: #000000; font-family: Calibri;\">Fotografie fornite\u00a0da Valentina Corrao<\/span><br \/>\n<span style=\"color: #000000; font-family: Calibri;\"> I credits delle fotografie appartengono ai relativi fotografi<br \/>\nTutti i diritti riservati \u00a9 2016 \u2013 Email: nonsolomodanews@gmail.com<\/span><\/p>\n","protected":false},"excerpt":{"rendered":"<p>Tutti in piazza ad Aci Catena (Ct) per la finalissima del 13 agosto alle ore 21.00. Protagonista la bellezza, che affasciner&agrave; e intratterr&agrave; il pubblico, per poi decretare la vincitrice del concorso all&rsquo;insegna della legalit&agrave; e della trasparenza, a presiedere la giuria, Nicol&ograve; Mannino presidente del Parlamento della Legalit&agrave; Internazionale<\/p>\n","protected":false},"author":1,"featured_media":14824,"comment_status":"open","ping_status":"open","sticky":false,"template":"","format":"standard","meta":{"rop_custom_images_group":[],"rop_custom_messages_group":[],"rop_publish_now":"initial","rop_publish_now_accounts":[],"rop_publish_now_history":[],"rop_publish_now_status":"pending","footnotes":""},"categories":[16],"tags":[240,374,2003,1321],"class_list":["post-14821","post","type-post","status-publish","format-standard","has-post-thumbnail","hentry","category-articolo","tag-bellezza","tag-concorso","tag-la-piu-bella","tag-sicilia"],"_links":{"self":[{"href":"https:\/\/www.nonsolomodanews.it\/wordpress\/wp-json\/wp\/v2\/posts\/14821","targetHints":{"allow":["GET"]}}],"collection":[{"href":"https:\/\/www.nonsolomodanews.it\/wordpress\/wp-json\/wp\/v2\/posts"}],"about":[{"href":"https:\/\/www.nonsolomodanews.it\/wordpress\/wp-json\/wp\/v2\/types\/post"}],"author":[{"embeddable":true,"href":"https:\/\/www.nonsolomodanews.it\/wordpress\/wp-json\/wp\/v2\/users\/1"}],"replies":[{"embeddable":true,"href":"https:\/\/www.nonsolomodanews.it\/wordpress\/wp-json\/wp\/v2\/comments?post=14821"}],"version-history":[{"count":3,"href":"https:\/\/www.nonsolomodanews.it\/wordpress\/wp-json\/wp\/v2\/posts\/14821\/revisions"}],"predecessor-version":[{"id":14826,"href":"https:\/\/www.nonsolomodanews.it\/wordpress\/wp-json\/wp\/v2\/posts\/14821\/revisions\/14826"}],"wp:featuredmedia":[{"embeddable":true,"href":"https:\/\/www.nonsolomodanews.it\/wordpress\/wp-json\/wp\/v2\/media\/14824"}],"wp:attachment":[{"href":"https:\/\/www.nonsolomodanews.it\/wordpress\/wp-json\/wp\/v2\/media?parent=14821"}],"wp:term":[{"taxonomy":"category","embeddable":true,"href":"https:\/\/www.nonsolomodanews.it\/wordpress\/wp-json\/wp\/v2\/categories?post=14821"},{"taxonomy":"post_tag","embeddable":true,"href":"https:\/\/www.nonsolomodanews.it\/wordpress\/wp-json\/wp\/v2\/tags?post=14821"}],"curies":[{"name":"wp","href":"https:\/\/api.w.org\/{rel}","templated":true}]}}