{"id":14159,"date":"2016-02-29T11:45:59","date_gmt":"2016-02-29T11:45:59","guid":{"rendered":"http:\/\/www.nonsolomodanews.it\/wordpress\/?p=14159"},"modified":"2016-02-29T11:51:29","modified_gmt":"2016-02-29T11:51:29","slug":"intervista-a-ceska-stella-di-plastica-danzatrice-classica-fotomodella-burlesquer-e-street-dancer","status":"publish","type":"post","link":"https:\/\/www.nonsolomodanews.it\/wordpress\/intervista-a-ceska-stella-di-plastica-danzatrice-classica-fotomodella-burlesquer-e-street-dancer\/","title":{"rendered":"Intervista a Ceska, stella di plastica &#8211; Danzatrice classica, fotomodella, burlesquer e street dancer."},"content":{"rendered":"<div id=\"attachment_1151\" style=\"width: 391px\" class=\"wp-caption alignleft\"><a href=\"http:\/\/nonsolomodanews.files.wordpress.com\/2013\/07\/718_10152960166870014_909948034_n.jpg\"><img loading=\"lazy\" decoding=\"async\" aria-describedby=\"caption-attachment-1151\" class=\" wp-image-1151 \" src=\"http:\/\/nonsolomodanews.files.wordpress.com\/2013\/07\/718_10152960166870014_909948034_n.jpg\" alt=\"Francesca Pellegrini - stelladiplastica\" width=\"381\" height=\"576\" \/><\/a><p id=\"caption-attachment-1151\" class=\"wp-caption-text\">Ceska, stella di plastica<\/p><\/div>\n<p style=\"text-align: justify;\">Ripubblichiamo l&#8217;intervista uscita per la prima volta l&#8217;8 luglio del 2013 a Francesca Pellegrini, in arte &lt;&lt;Stella di Plastica&gt;&gt;<\/p>\n<p style=\"text-align: justify;\">Francesca in arte\u00a0<strong>Stella di Plastica<\/strong>,\u00a0\u00a0\u00e8 una ballerina professionista nata 23 anni fa a Foggia. Formatasi presso l\u2019IDA Ballet Academy di Steve LaChance, Francesca ha un curriculum professionale di tutto rispetto. Per due anni consecutivi vince una borsa di studio per corso di danza \u201cDancing in New York\u201d presso l\u2019Ajkun Ballet Theater. Nel 2010 vince il concorso internazionale di danza \u201cDanzaeuropa\u201d nella categoria solisti contemporaneo. Attualmente lavora come artista di strada nello spettacolo \u201cCarillon\u201d nella compagnia \u201cItalento\u201d di Mauro Grassi. Oltre ad essere street performer, Francesca \u00e8 una burlesquer e fotomodella freelance. Ragazza di talento, Francesca in tutti questi anni oltre a consolidare le tecniche di danza ha continuato a coltivare altre passioni tra queste la fotografia. Francesca \u00e8 stata ripresa da molti fotografi anche di fama internazionale. I suoi lavori fotografici sono visibili sul web e il nome di artista \u00e8 Ceska, stella di plastica. Di base a Bologna, la giovane artista, lavora molto all\u2019estero. In passato ha lavoro negli USA, Olanda, Francia, Belgio, Germania, Svizzera, Finlandia, Danimarca, Svezia, Romania e molte altre\u2026.<\/p>\n<p><!--more--><\/p>\n<p style=\"margin: 0cm; margin-bottom: .0001pt;\"><span style=\"color: #000000;\"><strong>Ciao Francesca, piacere di conoscerti, ti vuoi presentare lettori?<\/strong><b>\u00a0<\/b><i><span style=\"font-family: Calibri;\">&#8220;Sono una persona di poche parole, a cui scocciano i preamboli&#8221;<\/span><\/i><\/span><\/p>\n<p style=\"margin: 0cm; margin-bottom: .0001pt; orphans: auto; text-align: start; widows: 1; -webkit-text-stroke-width: 0px; word-spacing: 0px;\"><span style=\"color: #000000;\"><b><span style=\"font-family: Calibri;\">Tu sei di origini meridionali (foggiane in modo particolare). Che cosa \u00e8 che ti ha spinto a cercare fortuna a nord?<span class=\"apple-converted-space\">\u00a0<\/span><\/span><\/b><span style=\"font-family: Calibri;\">&#8220;<\/span>C<i><span style=\"font-family: Calibri;\">entro nord direi&#8230;quando andai via di casa, non pensavo di far fortuna ma solo di vivere diversamente<\/span><\/i><\/span><\/p>\n<p style=\"margin: 0cm; margin-bottom: .0001pt; orphans: auto; text-align: start; widows: 1; -webkit-text-stroke-width: 0px; word-spacing: 0px;\"><span style=\"color: #000000;\"><b><span style=\"font-family: Calibri;\">Leggendo la tua vastissima biografia, tu ti sei dipomata a sud e poi sei andata a studiare presso IDA Ballet Academy di Steve LaChance (Ravenna \u2013RA-) come sei arrivata a Ravenna?<\/span><\/b><br \/>\n<i><span style=\"font-family: Calibri;\">&#8220;La prima volta in auto :-)&#8221;.<\/span><\/i><\/span><\/p>\n<p style=\"margin: 0cm; margin-bottom: .0001pt; orphans: auto; text-align: start; widows: 1; -webkit-text-stroke-width: 0px; word-spacing: 0px;\"><span style=\"color: #000000;\"><b><span style=\"font-family: Calibri;\">Poco loquace ma molto spiritosa.<\/span><\/b><\/span><\/p>\n<p style=\"margin: 0cm; margin-bottom: .0001pt; orphans: auto; text-align: start; widows: 1; -webkit-text-stroke-width: 0px; word-spacing: 0px;\"><span style=\"color: #000000;\"><b><span style=\"font-family: Calibri;\">Prima di arrivare all\u2019IDA Ballet Academy hai frequentato corsi su corsi e ottenendo anche borse di studio che ti hanno permesso di studiare negli USA. Qual \u00e8 la molla che ti ha sostenuto in questi anni di duri sacrifici?\u00a0<\/span><\/b><i>&#8220;La mia insegnante di danza Cinzia che ha creduto in ogni mia singola goccia di sudore e i miei genitori che forse pi\u00f9 ora che prima credono nella mia testardaggine&#8221;.<\/i><\/span><\/p>\n<p style=\"margin: 0cm; margin-bottom: .0001pt; orphans: auto; text-align: start; widows: 1; -webkit-text-stroke-width: 0px; word-spacing: 0px;\"><span style=\"color: #000000;\"><b><span style=\"font-family: Calibri;\">Tu hai iniziato da giovanissima a frequentare palestre per studiare danza. A distanza di anni rifaresti la scelta che ha fatto? Consiglieresti a tua figlia di fare danza?\u00a0<\/span><\/b><span style=\"font-family: Calibri;\">&#8220;no&#8221;.<\/span><\/span><\/p>\n<p style=\"margin: 0cm; margin-bottom: .0001pt; orphans: auto; text-align: start; widows: 1; -webkit-text-stroke-width: 0px; word-spacing: 0px;\"><span style=\"color: #000000;\"><b><span style=\"font-family: Calibri;\">Danza Classica, moderna e contemporanea, ci puoi descrivere in poche parole la differenza tra i vari tipi di danza?\u00a0<\/span><\/b><i><span style=\"font-family: Calibri;\">&#8220;Bisogna partire comunque dalla danza classica per poter ballare poi tutto il resto e dunque la differenza sostanziale \u00e8 nell&#8217;anima&#8230;io adoro la danza classica quanto il contemporaneo e il moderno&#8221;.<\/span><\/i><\/span><\/p>\n<p style=\"margin: 0cm; margin-bottom: .0001pt; orphans: auto; text-align: start; widows: 1; -webkit-text-stroke-width: 0px; word-spacing: 0px;\"><span style=\"color: #000000;\"><b><span style=\"font-family: Calibri;\">Oltre alla danza, tu hai lavorato in villaggi turistici come animatore. pr, danzatrice, ballerina, comparsa per spettacoli, docente di ballo. C\u2019\u00e8 tra questi lavori uno che se ti dicessero: ti assumiamo, lo faresti di corsa?\u00a0<\/span><\/b><i>&#8220;Dipende dal tipo d&#8217;assunzione&#8230;comunque probabilmente si ma pi\u00f9 per un bisogno di stabilit\u00e0&#8221;.<\/i><\/span><\/p>\n<p style=\"margin: 0cm; margin-bottom: .0001pt; orphans: auto; text-align: start; widows: 1; -webkit-text-stroke-width: 0px; word-spacing: 0px;\"><span style=\"color: #000000;\"><b><span style=\"font-family: Calibri;\">Tu hai studiato negli USA. Che differenza c\u2019\u00e8 tra l\u2019Italia e gli Stati Uniti per quanto riguarda la danza?\u00a0<\/span><\/b><i><span style=\"font-family: Calibri;\">&#8220;ahahaha tutto&#8221;!<\/span><\/i><\/span><\/p>\n<p style=\"margin: 0cm; margin-bottom: .0001pt; orphans: auto; text-align: start; widows: 1; -webkit-text-stroke-width: 0px; word-spacing: 0px;\"><span style=\"color: #000000;\"><b><span style=\"font-family: Calibri;\">Bene.<\/span><\/b><\/span><\/p>\n<p style=\"margin: 0cm; margin-bottom: .0001pt; orphans: auto; text-align: start; widows: 1; -webkit-text-stroke-width: 0px; word-spacing: 0px;\"><span style=\"color: #000000;\"><b><span style=\"font-family: Calibri;\">Tu hai sempre avuto una passione anche per la fotografia. Quando ti sei accorta che oltre ad essere una ballerina potevi essere una fotomodella di primo livello?\u00a0<\/span><\/b><i><span style=\"font-family: Calibri;\">&#8220;Di primo livello mai! di secondo livello, nel 2007 circa quando andai a fare il mio secondo book fotografico a Roma, e nonostante non fui veramente soddisfatta del risultato, capii che mi piaceva posare e che potevo dare tanto&#8221;.<\/span><\/i><\/span><\/p>\n<p style=\"margin: 0cm; margin-bottom: .0001pt; orphans: auto; text-align: start; widows: 1; -webkit-text-stroke-width: 0px; word-spacing: 0px;\"><span style=\"color: #000000;\"><b><span style=\"font-family: Calibri;\">Tu sei stata ritratta da molti fotografi e anche di caratura internazionale. Che cosa ti ha colpito del mondo della fotografia (sia in positivo che in negativo ovviamente?)<\/span><\/b><br \/>\n<i><span style=\"font-family: Calibri;\">&#8220;Mi piace vedere come vengo percepita dal fotografo&#8221;.<\/span><\/i><\/span><\/p>\n<p style=\"margin: 0cm; margin-bottom: .0001pt; orphans: auto; text-align: start; widows: 1; -webkit-text-stroke-width: 0px; word-spacing: 0px;\"><span style=\"color: #000000;\"><b><span style=\"font-family: Calibri;\">C<\/span>osa chiedi ad un fotografo che sta per scattare una foto?<\/b><br \/>\n<em><span style=\"font-family: Calibri;\">&#8220;Di non farmi ridere che vengo male in foto quando rido&#8221;.<\/span><\/em><\/span><\/p>\n<p style=\"margin: 0cm; margin-bottom: .0001pt; orphans: auto; text-align: start; widows: 1; -webkit-text-stroke-width: 0px; word-spacing: 0px;\"><span style=\"color: #000000;\"><b><span style=\"font-family: Calibri;\">Sono convinto che non sia una affermazione del tutto veritiera&#8230; ma andiamo avanti&#8230; \ud83d\ude09<\/span><\/b><\/span><\/p>\n<p style=\"margin: 0cm; margin-bottom: .0001pt; orphans: auto; text-align: start; widows: 1; -webkit-text-stroke-width: 0px; word-spacing: 0px;\"><span style=\"color: #000000;\"><b><span style=\"font-family: Calibri;\">Il tuo rapporto con il nudo?\u00a0<\/span><\/b><i><span style=\"font-family: Calibri;\">&#8220;Buono&#8221;.<\/span><\/i><\/span><\/p>\n<p style=\"margin: 0cm; margin-bottom: .0001pt; orphans: auto; text-align: start; widows: 1; -webkit-text-stroke-width: 0px; word-spacing: 0px;\"><span style=\"color: #000000;\"><b><span style=\"font-family: Calibri;\">Tu sei una ragazza che gli piace mettersi in mostra. Come ti definisci? Egocentrica \u2013 Esibizionista oppure?<span class=\"apple-converted-space\">\u00a0<\/span><\/span><\/b><span style=\"font-family: Calibri;\"><em>\u00a0<\/em><\/span><em>&#8220;Ego-tutto&#8221;.<\/em><\/span><\/p>\n<p style=\"margin: 0cm; margin-bottom: .0001pt; orphans: auto; text-align: start; widows: 1; -webkit-text-stroke-width: 0px; word-spacing: 0px;\"><span style=\"color: #000000;\"><b><span style=\"font-family: Calibri;\">Collabori alla ricerca del progetto da fotografare o tu sei una persona che si muove in funzione delle persone con cui scatti?\u00a0<\/span><\/b><em><span style=\"font-family: Calibri;\">&#8220;Dipende dal fotografo, di solito mi piace collaborare ma capisco quando la mia collaborazione \u00e8 ben accetta o meno&#8221;.<\/span><\/em><\/span><\/p>\n<p style=\"margin: 0cm; margin-bottom: .0001pt; orphans: auto; text-align: start; widows: 1; -webkit-text-stroke-width: 0px; word-spacing: 0px;\"><span style=\"color: #000000;\"><b><span style=\"font-family: Calibri;\">Tu ti definisci una<span class=\"apple-converted-space\">\u00a0<\/span><i>street dancer<\/i><span class=\"apple-converted-space\">\u00a0<\/span>o artista di strada. Ci vuoi dire di che cosa si tratta e come si svolge la tua attivit\u00e0?\u00a0<\/span><\/b><span style=\"font-family: Calibri;\"><i>&#8220;Mmm&#8230;diciamo che io non rappresento al meglio l&#8217;artista di strada per eccellenza&#8230;lo spettacolo in cui prendo parte \u00e8 una sorta di &#8220;Carillon&#8221; vivente, c&#8217;\u00e8 un pianista che suona\/guida il pianoforte<span class=\"apple-converted-space\">\u00a0<\/span><em>e io che ci ballo sopra, mascherata da un&#8217;eterea ballerina&#8221;.<\/em><\/i><\/span><\/span><\/p>\n<p style=\"margin: 0cm; margin-bottom: .0001pt; orphans: auto; text-align: start; widows: 1; -webkit-text-stroke-width: 0px; word-spacing: 0px;\"><span style=\"color: #000000;\"><b><span style=\"font-family: Calibri;\">Oltre che ballerina sei una \u201cburlesquer\u201d. Essere una \u201cburlesquer\u201d cosa significa oggi dopo avere visto all\u2019opera professionisti del calibro della \u201cDita Von Tisen\u201d? Il tuo \u00e8 un burlesque \u00e8 italico oppure segue delle regole universalmente riconosciute?\u00a0<\/span><\/b><span style=\"font-family: Calibri;\">&#8220;<i>Mah&#8230;la compagnia di burlesque in cui ballo, ha delle regole che accetto e condivido perfettamente, il burlesque nel tempo si \u00e8 tramutato in qualcosa di molto volgare alle volte, ci\u00f2 che vorrei io \u00e8 attirare il pubblico non con la mia &#8220;carne&#8221; quanto per il mio atteggiamento.<\/i><\/span><\/span><\/p>\n<p style=\"margin: 0cm; margin-bottom: .0001pt; orphans: auto; text-align: start; widows: 1; -webkit-text-stroke-width: 0px; word-spacing: 0px;\"><span style=\"color: #000000;\"><b><span style=\"font-family: Calibri;\">Ritornando al campo fotografico, tu sai qual \u00e8 la differenza \u00a0tra lo sfilare e il posare, ovvero tra fare la modella e la fotomodella?\u00a0<\/span><\/b><em>&#8220;Beh si&#8230;credo&#8230;non ho mai avuto la fortuna di sfilare dal momento che non supero il metro e 65!!!&#8221;.<\/em><\/span><\/p>\n<p style=\"margin: 0cm; margin-bottom: .0001pt; orphans: auto; text-align: start; widows: 1; -webkit-text-stroke-width: 0px; word-spacing: 0px;\"><span style=\"color: #000000;\"><b><span style=\"font-family: Calibri;\">L&#8217;aspetto fisico e le misure fisiche (Seno, vita e fianchi) quanto hanno avuto importanza nella tua scelta di fare la fotomodella e se ne hanno avuto?<span class=\"apple-converted-space\">\u00a0<\/span><\/span><\/b><em><span style=\"font-family: Calibri;\">&#8220;C<\/span>redo poco e niente&#8230;non ho le misure da prototipo di modella&#8221;<\/em><\/span><\/p>\n<p style=\"margin: 0cm; margin-bottom: .0001pt; orphans: auto; text-align: start; widows: 1; -webkit-text-stroke-width: 0px; word-spacing: 0px;\"><span style=\"color: #000000;\"><b><span style=\"font-family: Calibri;\">C<\/span>he cosa apprezzi di pi\u00f9 del tuo fisico?\u00a0<\/b><i><span style=\"font-family: Calibri;\">&#8220;Il collo del piede&#8221;.<\/span><\/i><\/span><\/p>\n<p style=\"margin: 0cm; margin-bottom: .0001pt; orphans: auto; text-align: start; widows: 1; -webkit-text-stroke-width: 0px; word-spacing: 0px;\"><span style=\"color: #000000;\"><b><span style=\"font-family: Calibri;\">Sei una sportiva attiva o passiva?\u00a0<\/span><\/b><i><span style=\"font-family: Calibri;\">&#8220;Dipende dal periodo, sono molto instabile<\/span><\/i><\/span><\/p>\n<p style=\"margin: 0cm; margin-bottom: .0001pt; orphans: auto; text-align: start; widows: 1; -webkit-text-stroke-width: 0px; word-spacing: 0px;\"><span style=\"color: #000000;\"><strong><span style=\"font-family: Calibri;\">Qual \u00e8 il tuo rapporto con il cibo?\u00a0<\/span><\/strong><em><span style=\"font-family: Calibri;\">&#8220;instabile&#8221;<\/span><\/em><\/span><\/p>\n<p style=\"margin: 0cm; margin-bottom: .0001pt; orphans: auto; text-align: start; widows: 1; -webkit-text-stroke-width: 0px; word-spacing: 0px;\"><span style=\"color: #000000;\"><strong><span style=\"font-family: Calibri;\">Mi dici un piatto tipico della tua regione che ti piace molto?\u00a0<\/span><\/strong><em>&#8220;Le melanzane ripiene al forno!!!!&#8221;<\/em><\/span><\/p>\n<p style=\"margin: 0cm; margin-bottom: .0001pt; orphans: auto; text-align: start; widows: 1; -webkit-text-stroke-width: 0px; word-spacing: 0px;\"><span style=\"color: #000000;\"><strong><span style=\"font-family: Calibri;\">Qual \u00e8 il tuo colore preferito?\u00a0<\/span><\/strong><em><span style=\"font-family: Calibri;\">&#8220;Il nero&#8221;.<\/span><\/em><\/span><\/p>\n<p style=\"margin: 0cm; margin-bottom: .0001pt; orphans: auto; text-align: start; widows: 1; -webkit-text-stroke-width: 0px; word-spacing: 0px;\"><span style=\"color: #000000;\"><b><span style=\"font-family: Calibri;\">Tu hai fatto varie esperienze lavorative, che cosa apprezzi di pi\u00f9 nell\u2019 attivit\u00e0 di fotomodella?\u00a0<\/span><\/b><em><span style=\"font-family: Calibri;\">&#8220;Il fatto di gestire i propri shooting in base anche ad una vita privata, il fatto di viaggiare che io adoro perch\u00e9 riesco a leggere molti libri durante le ore di treno e il poter svolgere sempre qualcosa di diverso con gente diversa e in posti diversi<\/span><\/em><\/span><\/p>\n<p style=\"margin: 0cm; margin-bottom: .0001pt; orphans: auto; text-align: start; widows: 1; -webkit-text-stroke-width: 0px; word-spacing: 0px;\"><span style=\"color: #000000;\"><b><span style=\"font-family: Calibri;\">Qual \u00e8 la maggior soddisfazione che hai avuto da quando fai la fotomodella?\u00a0<\/span><\/b><i>&#8220;I complimenti ricevuti per la persona che sono, anche se tendo sempre a precisare che sono diversa da quello che sembro&#8221;!<\/i><\/span><\/p>\n<p style=\"margin: 0cm; margin-bottom: .0001pt; orphans: auto; text-align: start; widows: 1; -webkit-text-stroke-width: 0px; word-spacing: 0px;\"><span style=\"color: #000000;\"><b><span style=\"font-family: Calibri;\">A livello<span style=\"color: #000000;\"> di carattere come ti definisci?\u00a0<\/span><\/span><\/b><i><span style=\"font-family: Calibri;\">&#8220;Una testa di c***o&#8221;.<\/span><\/i><\/span><\/p>\n<p style=\"margin: 0cm; margin-bottom: .0001pt; orphans: auto; text-align: start; widows: 1; -webkit-text-stroke-width: 0px; word-spacing: 0px;\"><span style=\"color: #000000;\"><b><span style=\"font-family: Calibri;\">Tu vivi a Bologna che cosa apprezzi di pi\u00f9 e cosa apprezzi di meno della citt\u00e0 delle due Torri? \u00a0<\/span><\/b><em><span style=\"font-family: Calibri;\">&#8220;Hahaha&#8230;scusa mi viene in mente quando mi fecero questa domanda in un intervista per il Resto del Carlino di Ravenna e provincia e&#8230; il giorno dopo, anzi no&#8230;prima di sera avevo mezza citt\u00e0 contro!<\/span><\/em><\/span><\/p>\n<p style=\"margin: 0cm; margin-bottom: .0001pt; orphans: auto; text-align: start; widows: 1; -webkit-text-stroke-width: 0px; word-spacing: 0px;\"><span style=\"color: #000000;\"><b>Se non vivessi a Bologna dove vorresti vivere e<\/b><span class=\"apple-converted-space\">\u00a0<\/span>perch\u00e9?\u00a0<i><span style=\"font-family: Calibri;\">&#8220;A Parigi&#8230;non ho una motivazione valida&#8230;&#8221;.<\/span><\/i><\/span><\/p>\n<p style=\"margin: 0cm; margin-bottom: .0001pt; orphans: auto; text-align: start; widows: 1; -webkit-text-stroke-width: 0px; word-spacing: 0px;\"><span style=\"color: #000000;\"><b><span style=\"font-family: Calibri;\">Qual \u00e8 il rapporto con i social network? Tu sei sempre collegata oppure ogni tanto stacchi?\u00a0<\/span><\/b><i><span style=\"font-family: Calibri;\">&#8220;Social-che? Sono una persona asociale sotto questo punto di vista!&#8221;<\/span><\/i><\/span><\/p>\n<p style=\"margin: 0cm; margin-bottom: .0001pt; orphans: auto; text-align: start; widows: 1; -webkit-text-stroke-width: 0px; word-spacing: 0px;\"><span style=\"color: #000000;\"><b>Sei una telefono dipendente?<\/b>\u00a0\u00a0<i><\/i><i><span style=\"font-family: Calibri;\">&#8220;Ma come non ti ricordi quella volta che ti ho scandalizzato perch\u00e9 avevo dimenticato il telefono a casa??!&#8221;.<\/span><\/i><\/span><\/p>\n<p style=\"margin: 0cm; margin-bottom: .0001pt; orphans: auto; text-align: start; widows: 1; -webkit-text-stroke-width: 0px; word-spacing: 0px;\"><span style=\"color: #000000;\"><b>Grazie Francesca per la tua disponibilit\u00e0 e in bocca al lupo per la tua carriera<\/b>.<i><span style=\"font-family: Calibri;\">&#8220;Ciao&#8221;<\/span><\/i><\/span><\/p>\n<p><span style=\"color: #000000;\">I link dove potete vedere i lavori di Francesca sono i\u00a0seguenti:<\/span><\/p>\n<p><a href=\"http:\/\/stelladiplastica.tumblr.com\/\">tumblr<\/a><br \/>\n<span style=\"color: #000000;\"><a href=\"http:\/\/www.modelmayhem.com\/2587278\">Model\u00a0modelmayhem<\/a><\/span><br \/>\n<span style=\"color: #000000;\"><a href=\"ttp:\/\/www.flickr.com\/people\/80153723@N04\/\">flickr.com<\/a><\/span><br \/>\n<span style=\"color: #000000;\"><a href=\"http:\/\/www.modelshoot.net\/user\/pellegrinifrancesca1990\">Modelshoot<\/a><\/span><\/p>\n<p><span style=\"color: #000000;\"><style id=\"bwg-style-0\">      #bwg_container1_0 #bwg_container2_0 #bwg_mosaic_thumbnails_div_0 {        width: 100%;        position: relative;        background-color: rgba(255, 255, 255, 0.00);        text-align: center;        justify-content: center;                  margin-left: auto;          margin-right: auto;                    padding-left: 4px;          padding-top: 4px;                }          #bwg_container1_0 #bwg_container2_0 .bwg_mosaic_thumb_spun_0 {        display: block;        position: absolute;\t\t\t\tborder-radius: 0;\t\t\t\tborder: 0px none #CCCCCC;    \t\t    \t\tbackground-color:rgba(0,0,0, 0.30);        -moz-box-sizing: content-box !important;        -webkit-box-sizing: content-box !important;        box-sizing: content-box !important;      }\t\t\t#bwg_container1_0 #bwg_container2_0 .bwg_mosaic_thumb_0 {\t\t\t\tdisplay: block;\t\t\t\t-moz-box-sizing: content-box !important;\t\t\t\t-webkit-box-sizing: content-box !important;\t\t\t\tbox-sizing: content-box !important;\t\t\t\tmargin: 0;\t\t\t\topacity: 1.00;\t\t\t}      #bwg_container1_0 #bwg_container2_0 .bwg_mosaic_thumb_spun_0:hover {        opacity: 1;        backface-visibility: hidden;        -webkit-backface-visibility: hidden;        -moz-backface-visibility: hidden;        -ms-backface-visibility: hidden;        z-index: 102;      }\t      @media only screen and (min-width: 480px) {        #bwg_container1_0 #bwg_container2_0 .bwg_mosaic_thumb_spun_0:hover {          transform: scale(1.1);          -ms-transform: scale(1.1);          -webkit-transform: scale(1.1);        }      }\t      #bwg_container1_0 #bwg_container2_0 .bwg_mosaic_thumbnails_0 {        background-color: rgba(255, 255, 255, 0.00);        font-size: 0;        position: relative;        text-align: center;        display: inline-block;        visibility: hidden;              }\t  \/*image title styles*\/      #bwg_container1_0 #bwg_container2_0 .bwg_mosaic_title_spun1_0,      #bwg_container1_0 #bwg_container2_0 .bwg-mosaic-thumbnails .bwg_ecommerce_spun1_0 {        position: absolute;        display: block;        opacity: 0;        box-sizing: border-box;        text-align: center;\t\t\t\ttop: 50%;\t\t\t\tleft: 50%;\t\t\t\ttransform: translate(-50%, -50%);      }      #bwg_container1_0 #bwg_container2_0 .bwg-mosaic-thumbnails .bwg_mosaic_title_spun2_0,      #bwg_container1_0 #bwg_container2_0 .bwg-mosaic-thumbnails .bwg_ecommerce_spun2_0 {\t\t    color: #CCCCCC;        font-family: segoe ui;        font-size: 16px;        font-weight: bold;        text-shadow: 0px 0px 0px #888888;        vertical-align: middle;        word-wrap: break-word;      }            .bwg_mosaic_play_icon_spun_0 {        display: table;        position: absolute;        left: -10000px;        top: 0px;        opacity: 0;      }      .bwg_mosaic_play_icon_0 {        color: #CCCCCC;        font-size: 32px;        vertical-align: middle;        display: table-cell !important;        z-index: 1;        text-align: center;        margin: 0 auto;      }      #bwg_container1_0 #bwg_container2_0 .bwg_gal_title_0 {        background-color: rgba(0, 0, 0, 0);        color: #323A45;        display: block;        font-family: Ubuntu;        font-size: 16px;        font-weight: bold;        padding: 2px;        text-shadow: ;        text-align: center;      }            @media screen and (max-width: 280px) {      div[class^=\"bwg_mosaic_thumbnails_\"],      span[class^=\"bwg_mosaic_thumb_spun_\"] {      width: 100% !important;      }      img[class^=\"bwg_mosaic_thumb_\"] {      width: 100% !important;      height: auto !important;      margin: 0px auto !important;      }      }      <\/style>    <div id=\"bwg_container1_0\"         class=\"bwg_container bwg_thumbnail bwg_thumbnails_mosaic \"         data-right-click-protection=\"0\"         data-bwg=\"0\"         data-scroll=\"0\"         data-gallery-type=\"thumbnails_mosaic\"         data-gallery-view-type=\"thumbnails_mosaic\"         data-current-url=\"\/wordpress\/wp-json\/wp\/v2\/posts\/14159\"         data-lightbox-url=\"https:\/\/www.nonsolomodanews.it\/wordpress\/wp-admin\/admin-ajax.php?action=GalleryBox&#038;current_view=0&#038;gallery_id=88&#038;tag=0&#038;theme_id=1&#038;shortcode_id=82&#038;sort_by=order&#038;order_by=asc&#038;current_url=%2Fwordpress%2Fwp-json%2Fwp%2Fv2%2Fposts%2F14159\"         data-gallery-id=\"88\"         data-popup-width=\"800\"         data-popup-height=\"500\"         data-is-album=\"gallery\"         data-buttons-position=\"bottom\">      <div id=\"bwg_container2_0\">             <div id=\"ajax_loading_0\" class=\"bwg_loading_div_1\">      <div class=\"bwg_loading_div_2\">        <div class=\"bwg_loading_div_3\">          <div id=\"loading_div_0\" class=\"bwg_spider_ajax_loading\">          <\/div>        <\/div>      <\/div>    <\/div>            <form id=\"gal_front_form_0\"              class=\"bwg-hidden\"              method=\"post\"              action=\"#\"              data-current=\"0\"              data-shortcode-id=\"82\"              data-gallery-type=\"thumbnails_mosaic\"              data-gallery-id=\"88\"              data-tag=\"0\"              data-album-id=\"0\"              data-theme-id=\"1\"              data-ajax-url=\"https:\/\/www.nonsolomodanews.it\/wordpress\/wp-admin\/admin-ajax.php?action=bwg_frontend_data\">          <div id=\"bwg_container3_0\" class=\"bwg-background bwg-background-0\">                <div id=\"bwg_mosaic_thumbnails_div_0\"         class=\"bwg-container-0 bwg-container bwg-mosaic-thumbnails\"         data-bwg=\"0\"         data-mosaic-direction=\"vertical\"         data-resizable=\"0\"         data-width=\"180\"         data-height=\"90\"         data-total-width=\"100\"         data-block-id=\"bwg_thumbnails_mosaic_0\"         data-thumb-padding=\"4\"         data-thumb-border=\"0\"         data-title-margin=\"2px\"         data-image-title=\"none\"         data-play-icon=\"1\"         data-ecommerce-icon=\"none\"         data-gallery-id=\"88\"         data-lightbox-url=\"https:\/\/www.nonsolomodanews.it\/wordpress\/wp-admin\/admin-ajax.php?action=GalleryBox&#038;current_view=0&#038;gallery_id=88&#038;tag=0&#038;theme_id=1&#038;shortcode_id=82&#038;sort_by=order&#038;order_by=asc&#038;current_url=%2Fwordpress%2Fwp-json%2Fwp%2Fv2%2Fposts%2F14159\"         data-mosaic-thumb-transition=\"1\"         style=\"visibility: hidden\" >      <div id=\"bwg_thumbnails_mosaic_0\" class=\"bwg_mosaic_thumbnails_0\">                  <a class=\"bwg-a\" >          <div class=\"bwg_mosaic_thumb_spun_0 bwg-item0 bwg-mosaic-thumb-span \">            <img decoding=\"async\" class=\"bwg_mosaic_thumb_0 skip-lazy bwg_img_clear bwg_img_custom \"                 id=\"8647\"                 src=\"https:\/\/www.nonsolomodanews.it\/wordpress\/wp-content\/uploads\/photo-gallery\/stella%20di%20plastica\/thumb\/tumblr_mpmhh3vjb11ryrfdlo4_400.jpg?bwg=1624548760\"                 data-src=\"https:\/\/www.nonsolomodanews.it\/wordpress\/wp-content\/uploads\/photo-gallery\/stella%20di%20plastica\/thumb\/tumblr_mpmhh3vjb11ryrfdlo4_400.jpg?bwg=1624548760\"                 data-width=\"\"                 data-height=\"\"                 alt=\"tumblr_mpmhh3vjb11ryrfdlo4_400\"                 title=\"tumblr_mpmhh3vjb11ryrfdlo4_400\" \/>                      <\/div>        <\/a>                <a class=\"bwg-a\" >          <div class=\"bwg_mosaic_thumb_spun_0 bwg-item0 bwg-mosaic-thumb-span \">            <img decoding=\"async\" class=\"bwg_mosaic_thumb_0 skip-lazy bwg_img_clear bwg_img_custom \"                 id=\"8646\"                 src=\"https:\/\/www.nonsolomodanews.it\/wordpress\/wp-content\/uploads\/photo-gallery\/stella%20di%20plastica\/thumb\/tumblr_mpgyo6juze1s0riyjo1_500.jpg?bwg=1624548760\"                 data-src=\"https:\/\/www.nonsolomodanews.it\/wordpress\/wp-content\/uploads\/photo-gallery\/stella%20di%20plastica\/thumb\/tumblr_mpgyo6juze1s0riyjo1_500.jpg?bwg=1624548760\"                 data-width=\"\"                 data-height=\"\"                 alt=\"tumblr_mpgyo6juze1s0riyjo1_500\"                 title=\"tumblr_mpgyo6juze1s0riyjo1_500\" \/>                      <\/div>        <\/a>                <a class=\"bwg-a\" >          <div class=\"bwg_mosaic_thumb_spun_0 bwg-item0 bwg-mosaic-thumb-span \">            <img decoding=\"async\" class=\"bwg_mosaic_thumb_0 skip-lazy bwg_img_clear bwg_img_custom \"                 id=\"8645\"                 src=\"https:\/\/www.nonsolomodanews.it\/wordpress\/wp-content\/uploads\/photo-gallery\/stella%20di%20plastica\/thumb\/tumblr_mpb6dhqx7d1qzfzzio1_500.jpg?bwg=1624548760\"                 data-src=\"https:\/\/www.nonsolomodanews.it\/wordpress\/wp-content\/uploads\/photo-gallery\/stella%20di%20plastica\/thumb\/tumblr_mpb6dhqx7d1qzfzzio1_500.jpg?bwg=1624548760\"                 data-width=\"\"                 data-height=\"\"                 alt=\"tumblr_mpb6dhqx7d1qzfzzio1_500\"                 title=\"tumblr_mpb6dhqx7d1qzfzzio1_500\" \/>                      <\/div>        <\/a>                <a class=\"bwg-a\" >          <div class=\"bwg_mosaic_thumb_spun_0 bwg-item0 bwg-mosaic-thumb-span \">            <img decoding=\"async\" class=\"bwg_mosaic_thumb_0 skip-lazy bwg_img_clear bwg_img_custom \"                 id=\"8644\"                 src=\"https:\/\/www.nonsolomodanews.it\/wordpress\/wp-content\/uploads\/photo-gallery\/stella%20di%20plastica\/thumb\/tumblr_mmpgb2zkuw1qzfzzio1_500.jpg?bwg=1624548760\"                 data-src=\"https:\/\/www.nonsolomodanews.it\/wordpress\/wp-content\/uploads\/photo-gallery\/stella%20di%20plastica\/thumb\/tumblr_mmpgb2zkuw1qzfzzio1_500.jpg?bwg=1624548760\"                 data-width=\"\"                 data-height=\"\"                 alt=\"tumblr_mmpgb2zkuw1qzfzzio1_500\"                 title=\"tumblr_mmpgb2zkuw1qzfzzio1_500\" \/>                      <\/div>        <\/a>                <a class=\"bwg-a\" >          <div class=\"bwg_mosaic_thumb_spun_0 bwg-item0 bwg-mosaic-thumb-span \">            <img decoding=\"async\" class=\"bwg_mosaic_thumb_0 skip-lazy bwg_img_clear bwg_img_custom \"                 id=\"8643\"                 src=\"https:\/\/www.nonsolomodanews.it\/wordpress\/wp-content\/uploads\/photo-gallery\/stella%20di%20plastica\/thumb\/tumblr_mlpx1fxowf1qzfzzio1_500_corrado_dalco.jpg?bwg=1624548760\"                 data-src=\"https:\/\/www.nonsolomodanews.it\/wordpress\/wp-content\/uploads\/photo-gallery\/stella%20di%20plastica\/thumb\/tumblr_mlpx1fxowf1qzfzzio1_500_corrado_dalco.jpg?bwg=1624548760\"                 data-width=\"\"                 data-height=\"\"                 alt=\"tumblr_mlpx1fxowf1qzfzzio1_500_corrado_dalco\"                 title=\"tumblr_mlpx1fxowf1qzfzzio1_500_corrado_dalco\" \/>                      <\/div>        <\/a>                <a class=\"bwg-a\" >          <div class=\"bwg_mosaic_thumb_spun_0 bwg-item0 bwg-mosaic-thumb-span \">            <img decoding=\"async\" class=\"bwg_mosaic_thumb_0 skip-lazy bwg_img_clear bwg_img_custom \"                 id=\"8642\"                 src=\"https:\/\/www.nonsolomodanews.it\/wordpress\/wp-content\/uploads\/photo-gallery\/stella%20di%20plastica\/thumb\/tumblr_mjigbpy6pk1ryrfdlo2_250.jpg?bwg=1624548760\"                 data-src=\"https:\/\/www.nonsolomodanews.it\/wordpress\/wp-content\/uploads\/photo-gallery\/stella%20di%20plastica\/thumb\/tumblr_mjigbpy6pk1ryrfdlo2_250.jpg?bwg=1624548760\"                 data-width=\"\"                 data-height=\"\"                 alt=\"tumblr_mjigbpy6pk1ryrfdlo2_250\"                 title=\"tumblr_mjigbpy6pk1ryrfdlo2_250\" \/>                      <\/div>        <\/a>                <a class=\"bwg-a\" >          <div class=\"bwg_mosaic_thumb_spun_0 bwg-item0 bwg-mosaic-thumb-span \">            <img decoding=\"async\" class=\"bwg_mosaic_thumb_0 skip-lazy bwg_img_clear bwg_img_custom \"                 id=\"8641\"                 src=\"https:\/\/www.nonsolomodanews.it\/wordpress\/wp-content\/uploads\/photo-gallery\/stella%20di%20plastica\/thumb\/466411_32_jpg853b031a43495200d111d6f5239398a3.jpg?bwg=1624548760\"                 data-src=\"https:\/\/www.nonsolomodanews.it\/wordpress\/wp-content\/uploads\/photo-gallery\/stella%20di%20plastica\/thumb\/466411_32_jpg853b031a43495200d111d6f5239398a3.jpg?bwg=1624548760\"                 data-width=\"\"                 data-height=\"\"                 alt=\"466411_32_jpg853b031a43495200d111d6f5239398a3\"                 title=\"466411_32_jpg853b031a43495200d111d6f5239398a3\" \/>                      <\/div>        <\/a>                <a class=\"bwg-a\" >          <div class=\"bwg_mosaic_thumb_spun_0 bwg-item0 bwg-mosaic-thumb-span \">            <img decoding=\"async\" class=\"bwg_mosaic_thumb_0 skip-lazy bwg_img_clear bwg_img_custom \"                 id=\"8640\"                 src=\"https:\/\/www.nonsolomodanews.it\/wordpress\/wp-content\/uploads\/photo-gallery\/stella%20di%20plastica\/thumb\/718_10152960166870014_909948034_n.jpg?bwg=1624548760\"                 data-src=\"https:\/\/www.nonsolomodanews.it\/wordpress\/wp-content\/uploads\/photo-gallery\/stella%20di%20plastica\/thumb\/718_10152960166870014_909948034_n.jpg?bwg=1624548760\"                 data-width=\"\"                 data-height=\"\"                 alt=\"718_10152960166870014_909948034_n\"                 title=\"718_10152960166870014_909948034_n\" \/>                      <\/div>        <\/a>            <\/div>    <\/div>    <style>      \/*pagination styles*\/      #bwg_container1_0 #bwg_container2_0 .tablenav-pages_0 {\t\t\t\ttext-align: center;\t\t\t\tfont-size: 12px;\t\t\t\tfont-family: segoe ui;\t\t\t\tfont-weight: bold;\t\t\t\tcolor: #666666;\t\t\t\tmargin: 6px 0 4px;\t\t\t\tdisplay: block;      }      @media only screen and (max-width : 320px) {      #bwg_container1_0 #bwg_container2_0 .displaying-num_0 {     \t display: none;      }      }      #bwg_container1_0 #bwg_container2_0 .displaying-num_0 {\t\t\t\tfont-size: 12px;\t\t\t\tfont-family: segoe ui;\t\t\t\tfont-weight: bold;\t\t\t\tcolor: #666666;\t\t\t\tmargin-right: 10px;\t\t\t\tvertical-align: middle;      }      #bwg_container1_0 #bwg_container2_0 .paging-input_0 {\t\t\t\tfont-size: 12px;\t\t\t\tfont-family: segoe ui;\t\t\t\tfont-weight: bold;\t\t\t\tcolor: #666666;\t\t\t\tvertical-align: middle;      }      #bwg_container1_0 #bwg_container2_0 .tablenav-pages_0 a.disabled,      #bwg_container1_0 #bwg_container2_0 .tablenav-pages_0 a.disabled:hover,      #bwg_container1_0 #bwg_container2_0 .tablenav-pages_0 a.disabled:focus,\t\t\t#bwg_container1_0 #bwg_container2_0 .tablenav-pages_0 input.bwg_current_page {\t\t\t\tcursor: default;\t\t\t\tcolor: rgba(102, 102, 102, 0.5);      }      #bwg_container1_0 #bwg_container2_0 .tablenav-pages_0 a,      #bwg_container1_0 #bwg_container2_0 .tablenav-pages_0 input.bwg_current_page {\t\t\t\tcursor: pointer;\t\t\t\ttext-align: center;\t\t\t\tfont-size: 12px;\t\t\t\tfont-family: segoe ui;\t\t\t\tfont-weight: bold;\t\t\t\tcolor: #666666;\t\t\t\ttext-decoration: none;\t\t\t\tpadding: 3px 6px;\t\t\t\tmargin: 0;\t\t\t\tborder-radius: 0;\t\t\t\tborder-style: solid;\t\t\t\tborder-width: 1px;\t\t\t\tborder-color: #E3E3E3;\t\t\t\t\t\t\t\tbackground-color: rgba(255, 255, 255, 1.00);\t\t\t\tbox-shadow: 0;\t\t\t\ttransition: all 0.3s ease 0s;-webkit-transition: all 0.3s ease 0s;      }      <\/style>      <span class=\"bwg_nav_cont_0\">              <div class=\"tablenav-pages_0\">                  <\/div>                <input type=\"hidden\" id=\"page_number_0\" name=\"page_number_0\" value=\"1\" \/>      <script type=\"text\/javascript\">        if( jQuery('.bwg_nav_cont_0').length > 1 ) {          jQuery('.bwg_nav_cont_0').first().remove()        }        function spider_page_0(cur, x, y, load_more) {          if (typeof load_more == \"undefined\") {            var load_more = false;          }          if (jQuery(cur).hasClass('disabled')) {            return false;          }          var items_county_0 = 1;          switch (y) {            case 1:              if (x >= items_county_0) {                document.getElementById('page_number_0').value = items_county_0;              }              else {                document.getElementById('page_number_0').value = x + 1;              }              break;            case 2:              document.getElementById('page_number_0').value = items_county_0;              break;            case -1:              if (x == 1) {                document.getElementById('page_number_0').value = 1;              }              else {                document.getElementById('page_number_0').value = x - 1;              }              break;            case -2:              document.getElementById('page_number_0').value = 1;              break;\t\t\t\t\t\tcase 0:              document.getElementById('page_number_0').value = x;              break;            default:              document.getElementById('page_number_0').value = 1;          }          bwg_ajax('gal_front_form_0', '0', 'bwg_thumbnails_mosaic_0', '0', '', 'gallery', 0, '', '', load_more, '', 1);        }                    jQuery('.first-page-0').on('click', function () {              spider_page_0(this, 1, -2, 'numeric');              return false;            });            jQuery('.prev-page-0').on('click', function () {              spider_page_0(this, 1, -1, 'numeric');              return false;            });            jQuery('.next-page-0').on('click', function () {              spider_page_0(this, 1, 1, 'numeric');              return false;            });            jQuery('.last-page-0').on('click', function () {              spider_page_0(this, 1, 2, 'numeric');              return false;            });        \t\t\t\t\/* Change page on input enter. *\/        function bwg_change_page_0( e, that ) {          if (  e.key == 'Enter' ) {            var to_page = parseInt(jQuery(that).val());            var pages_count = jQuery(that).parents(\".pagination-links\").data(\"pages-count\");            var current_url_param = jQuery(that).attr('data-url-info');            if (to_page > pages_count) {              to_page = 1;            }\t \t\t\t\t\t\t\t\t\t\t\t\tspider_page_0(this, to_page, 0, 'numeric');\t\t\t\t\t\t\treturn false;\t\t\t\t\t\t          }          return true;        }        jQuery('.bwg_load_btn_0').on('click', function () {            spider_page_0(this, 1, 1, true);            return false;        });      <\/script>      <\/span>                <\/div>        <\/form>              <\/div>    <\/div>    <script>      if (document.readyState === 'complete') {        if( typeof bwg_main_ready == 'function' ) {          if ( jQuery(\"#bwg_container1_0\").height() ) {            bwg_main_ready(jQuery(\"#bwg_container1_0\"));          }        }      } else {        document.addEventListener('DOMContentLoaded', function() {          if( typeof bwg_main_ready == 'function' ) {            if ( jQuery(\"#bwg_container1_0\").height() ) {             bwg_main_ready(jQuery(\"#bwg_container1_0\"));            }          }        });      }    <\/script>    <\/p>\n<p><\/span><\/p>\n<p>&nbsp;<\/p>\n<p>&nbsp;<\/p>\n<p>&nbsp;<\/p>\n<p>&nbsp;<\/p>\n<p style=\"text-align: center;\"><span style=\"color: #000000;\">Le fotografie sono\u00a0state fornite da\u00a0Francesca Stella di Plastica Pellegrini<\/span><br \/>\n<span style=\"color: #000000;\">I credits delle fotografie appartengono\u00a0ai relativi fotografi<\/span><br \/>\n<span style=\"color: #000000;\">Tutti i diritti riservati \u00a9 2013-2016\u2013 Email: info@nonsolomodanews.it<\/span><\/p>\n","protected":false},"excerpt":{"rendered":"<p>Ripubblichiamo l&rsquo;intervista uscita per la prima volta l&rsquo;8 luglio del 2013 a Francesca Pellegrini, in arte &lt;&lt;Stella di Plastica&gt;&gt; Francesca in arte&nbsp;Stella di Plastica,&nbsp;&nbsp;&egrave; una ballerina professionista nata 23 anni fa a Foggia. Formatasi presso l&rsquo;IDA Ballet Academy di Steve LaChance, Francesca ha un curriculum professionale di tutto rispetto. Per due anni consecutivi vince una borsa di studio per corso di danza &ldquo;Dancing in New York&rdquo; presso l&rsquo;Ajkun Ballet Theater. Nel 2010 vince il concorso internazionale di danza &ldquo;Danzaeuropa&rdquo; nella categoria solisti contemporaneo. Attualmente lavora come artista di strada nello spettacolo &ldquo;Carillon&rdquo; nella compagnia &ldquo;Italento&rdquo; di Mauro Grassi. Oltre ad essere street performer, Francesca &egrave; una burlesquer e fotomodella freelance. Ragazza di talento, Francesca in tutti questi anni oltre a consolidare le tecniche di danza ha continuato a coltivare altre passioni tra queste la fotografia. Francesca &egrave; stata ripresa da molti fotografi anche di fama internazionale. I suoi lavori fotografici sono visibili sul web e il nome di artista &egrave; Ceska, stella di plastica. Di base a Bologna, la giovane artista, lavora molto all&rsquo;estero. In passato ha lavoro negli USA, Olanda, Francia, Belgio, Germania, Svizzera, Finlandia, Danimarca, Svezia, Romania e molte altre&hellip;.<\/p>\n","protected":false},"author":1,"featured_media":14163,"comment_status":"open","ping_status":"open","sticky":false,"template":"","format":"standard","meta":{"rop_custom_images_group":[],"rop_custom_messages_group":[],"rop_publish_now":"initial","rop_publish_now_accounts":[],"rop_publish_now_history":[],"rop_publish_now_status":"pending","footnotes":""},"categories":[16],"tags":[],"class_list":["post-14159","post","type-post","status-publish","format-standard","has-post-thumbnail","hentry","category-articolo"],"_links":{"self":[{"href":"https:\/\/www.nonsolomodanews.it\/wordpress\/wp-json\/wp\/v2\/posts\/14159","targetHints":{"allow":["GET"]}}],"collection":[{"href":"https:\/\/www.nonsolomodanews.it\/wordpress\/wp-json\/wp\/v2\/posts"}],"about":[{"href":"https:\/\/www.nonsolomodanews.it\/wordpress\/wp-json\/wp\/v2\/types\/post"}],"author":[{"embeddable":true,"href":"https:\/\/www.nonsolomodanews.it\/wordpress\/wp-json\/wp\/v2\/users\/1"}],"replies":[{"embeddable":true,"href":"https:\/\/www.nonsolomodanews.it\/wordpress\/wp-json\/wp\/v2\/comments?post=14159"}],"version-history":[{"count":10,"href":"https:\/\/www.nonsolomodanews.it\/wordpress\/wp-json\/wp\/v2\/posts\/14159\/revisions"}],"predecessor-version":[{"id":14170,"href":"https:\/\/www.nonsolomodanews.it\/wordpress\/wp-json\/wp\/v2\/posts\/14159\/revisions\/14170"}],"wp:featuredmedia":[{"embeddable":true,"href":"https:\/\/www.nonsolomodanews.it\/wordpress\/wp-json\/wp\/v2\/media\/14163"}],"wp:attachment":[{"href":"https:\/\/www.nonsolomodanews.it\/wordpress\/wp-json\/wp\/v2\/media?parent=14159"}],"wp:term":[{"taxonomy":"category","embeddable":true,"href":"https:\/\/www.nonsolomodanews.it\/wordpress\/wp-json\/wp\/v2\/categories?post=14159"},{"taxonomy":"post_tag","embeddable":true,"href":"https:\/\/www.nonsolomodanews.it\/wordpress\/wp-json\/wp\/v2\/tags?post=14159"}],"curies":[{"name":"wp","href":"https:\/\/api.w.org\/{rel}","templated":true}]}}