{"id":13862,"date":"2016-01-05T11:27:00","date_gmt":"2016-01-05T11:27:00","guid":{"rendered":"http:\/\/www.nonsolomodanews.it\/wordpress\/?p=13862"},"modified":"2016-01-05T11:33:15","modified_gmt":"2016-01-05T11:33:15","slug":"nonsolomodanews-incontra-valentina-merler-giovane-mamma-con-la-passione-per-la-moda-e-la-fotografia","status":"publish","type":"post","link":"https:\/\/www.nonsolomodanews.it\/wordpress\/nonsolomodanews-incontra-valentina-merler-giovane-mamma-con-la-passione-per-la-moda-e-la-fotografia\/","title":{"rendered":"Nonsolomodanews incontra Valentina Merler, giovane mamma con la passione per la moda e la fotografia"},"content":{"rendered":"<p><span style=\"color: #000000;\">\u00a0<\/span><\/p>\n<div id=\"attachment_13864\" style=\"width: 209px\" class=\"wp-caption alignleft\"><a style=\"color: #000000;\" href=\"http:\/\/www.nonsolomodanews.it\/wordpress\/wp-content\/uploads\/2016\/01\/1266814_10201106174794230_1589778826_o.jpg\"><img loading=\"lazy\" decoding=\"async\" aria-describedby=\"caption-attachment-13864\" class=\"size-full wp-image-13864\" src=\"http:\/\/www.nonsolomodanews.it\/wordpress\/wp-content\/uploads\/2016\/01\/1266814_10201106174794230_1589778826_o.jpg\" alt=\"Valentina Merler\" width=\"199\" height=\"299\" \/><\/a><p id=\"caption-attachment-13864\" class=\"wp-caption-text\"><span style=\"color: #000000;\">Valentina Merler<\/span><\/p><\/div>\n<p><span style=\"color: #000000;\">Tramite la partecipazione a &#8220;Miss Sorriso&#8221; di qualche anno fa, organizzato da <strong>Aspiranti Fotomodelle Italia<\/strong> di Giulio Romi, <strong>Nonsolomanews<\/strong> ha conosciuto <strong>Valentina Merler<\/strong>, giovane mamma (ha due bimbi in tenera et\u00e0) con una grande passione per quanto riguarda il mondo della moda e in modo particolare stare sotto le luci dei flash dei fotografi. Valentina \u00e8 impegnata nel sociale facendo parte <strong>dell&#8217;associazione del<\/strong>\u00a0<strong>piede torto congenito-metodo ponseti<\/strong>. Grazie Valentina per il tempo che ci hai dedicato.<\/span><\/p>\n<p style=\"text-align: justify;\"><span style=\"color: #000000;\"><!--more--><\/span><\/p>\n<p style=\"text-align: justify;\"><span style=\"color: #000000;\"><b>Valentina, ti vuoi presentare ai nostri lettori?<\/b> <i>Ciao a tutti, mi chiamo Valentina Merler vivo in Alto Adige e sono nata a maggio del 1987 a Bolzano. Le mie misure sono 88 di seno, 70 di vita e 90 di fianchi. Sono alta 169 cm, porto il 38 di scarpe. Ho i capelli corti, rasati da una parte; la rasatura esprime il mio senso di ribellione. Il colore dei capelli ora sono rosso mogano con meches bionde, ma naturali gli ho di colore castano. Il colore degli occhi sono un mix tra castano chiaro e verdi&#8221;.<\/i><\/span><\/p>\n<p style=\"text-align: justify;\"><span style=\"color: #000000;\"><b>Come sei di carattere?<\/b> \u201c<i>Come gi\u00e0 detto sono una ragazza ribelle, seguo abbastanza la moda fino a un certo punto perch\u00e8 alla fine prevalgono i miei gusti. Mi trucco secondo i miei gusti e mi piacciono un sacco gli orecchini grandi, inoltre non esco mai senza tacchi! Fa parte del mio essere ribelle la mia spontaneit\u00e0 nel muovermi ed esprimermi, sono determinata e testarda ci\u00f2 che voglio lo prendo, nel momento in cui mi fisso un obiettivo lo raggiungo, non bado a compromessi. Difatti il mio sogno nel cassetto di quando ero piccola era fare l\u2019assistente\u00a0all&#8217;infanzia, metter su famiglia e il pi\u00f9 grande che portavo con me era\u00a0fare la modella\/indossatrice e partecipare a Miss Italia. A 18 anni mi diplomai come assistente\u00a0all&#8217;infanzia, incominciai a lavorare finita la scuola, ma c\u2019era qualcosa che non\u00a0andava, volevo di pi\u00f9 ed arriv\u00f2 Crystal, la mia primogenita, che ora ha 4 anni, dopo quasi due anni arriv\u00f2 Gabriel. Sono pienamente soddisfatta di ci\u00f2 che ho realizzato, difatti sono una mamma a tempo pieno e dedico il mio tempo alla loro crescita. Ma c\u2019era qualcosa che mi mancava, quest\u2019estate decisi di iscrivermi a Miss Italia a livello regionale (T.T.A) e vinsi una fascia, arrivai perfino alle regionali, un sogno diventato realt\u00e0. Questa esperienza aument\u00f2 la mia autostima. Ho iniziato cos\u00ec a fare qualche foto come fotomodella e ora vorrei dedicarmi con pi\u00f9 impegno in questo nuovo settore e riuscire a raggiunger qualche importante risultato.\u00a0<\/i><i>Inoltre, sono una donna altruista, tendo molto a mettermi in secondo piano per aiutare gli altri\u201d.<\/i><\/span><\/p>\n<p style=\"text-align: justify;\"><span style=\"color: #000000;\"><b>Qual \u00e8 il tuo colore preferito?<\/b> \u201c<i>Il mio colore preferito \u00e8 il fucsia\u201d.<\/i><\/span><\/p>\n<p style=\"text-align: justify;\"><span style=\"color: #000000;\"><b>Sei una persona curiosa?<\/b> \u201c<i>Penso che faccia parte di ogni donna essere curiose. S\u00ec, sono molto curiosa\u201d.<\/i><\/span><\/p>\n<p style=\"text-align: justify;\"><span style=\"color: #000000;\"><b>In una tua fotografia che cosa noti immediatamente?<\/b> \u201c<i>L\u2019espressione dei miei occhi, si capisce subito se sono felice, triste o desidero qualcosa\u201d.<\/i><\/span><\/p>\n<p style=\"text-align: justify;\"><span style=\"color: #000000;\"><b>Pensi che un buon book fotografico sia importante ai fini lavorativi?<\/b> <i>S\u00ec! il book fotografico \u00e8 come un passaporto, le foto sono importanti in una presentazione, gli occhi sono fatti per guardare, osservare\u201d.<\/i><\/span><\/p>\n<p style=\"text-align: justify;\"><span style=\"color: #000000;\"><b>Quali sono i generi fotografici che preferisci e perch\u00e9?<\/b> \u201c<i>Preferisco i generi beauty perch\u00e8 valorizzano il viso e i miei occhi ed anche il fashion, per tenermi aggiornata\u201d.<\/i><\/span><\/p>\n<p style=\"text-align: justify;\"><span style=\"color: #000000;\"><b>Quale progetto fotografico ti piacerebbe realizzare?<\/b> \u201c<i>A breve far\u00f2 parte di uno shooting dove il tema centrale \u00e8 il make up cio\u00e8 beauty, mi piace vedermi truccata diversamente, visto che solitamente sfoggio un trucco quasi acqua sapone (mascara, matita, rossetto), poi vorrei realizzare degli scatti per la moda, vestire vestiti da sposa e fashion e vedermi in un giornale magari da far vedere orgogliosamente ai miei bimbi, i quali \u00a0sono gi\u00e0 molto fieri di me\u201d.<\/i><\/span><\/p>\n<p style=\"text-align: justify;\"><span style=\"color: #000000;\"><b>Quando hai iniziato a posare?<\/b> <i>\u201cA settembre, grazie a Sergio Calai, il mio fotografo ormai di fiducia\u201d.<\/i><\/span><\/p>\n<p style=\"text-align: justify;\"><span style=\"color: #000000;\"><b>Hai frequentato corsi di modeling e portamento? <\/b><i>\u201cNon ancora ma a breve inizier\u00f2 il corso presso la Soleoshow Modelagency di Trento\u201d.<\/i><\/span><\/p>\n<p style=\"text-align: justify;\"><span style=\"color: #000000;\"><b>C\u2019\u00e8 qualcuno in famiglia che ti sostiene?<\/b> \u201c<i>S\u00ec, in primis il mio compagno ha sempre creduto in me, \u00e8 sempre stato lui il primo a spronarmi a buttarmi in ci\u00f2 che credo. Lui mi ha aiutata molto a rendermi la donna che ora sono. La mia mamma e il mio pap\u00e0 sono fieri di me, sanno quanto io ci tenevo a realizzare il mio sogno anche se sono ancora all\u2019inizio. Pensa che mio pap\u00e0 si porta dietro l\u2019ipad a far vedere ai suoi amici la sua \u201cbimba\u201d che ha partecipato alle sfilate di Miss Italia ed i book fotografici. Mia mamma assieme al mio compagno e i miei bimbi mi hanno sempre accompagnata ad ogni sfilata; i bimbi facevano sempre il tifo per me, mi chiamavano appena mi vedevano dicendo a tutti che sono la loro mamma! Pensate che Crystal dice \u00a0che la mamma fa la modella e ne va fiera. Vedere loro cos\u00ec contenti mi rende molto felice\u201d.<\/i><\/span><\/p>\n<p style=\"text-align: justify;\"><span style=\"color: #000000;\"><b>Sei una sportiva?<\/b> <i>\u201cOra s\u00ec, prima ero una pigrona. Ora frequento una palestra, mi piace mettermi in competizione con me stessa, mi pongo degli obiettivi da raggiungere e mi sprono per raggiungerli\u201d.<\/i><\/span><\/p>\n<p style=\"text-align: justify;\"><span style=\"color: #000000;\"><b>Segui qualche sport in particolare?<\/b> \u201c<i>In palestra svolgo attivit\u00e0 muscolari al fine di rassodarmi e corro un bel po\u2019 per sfogare le tensioni quotidiane\u201d.<\/i><\/span><\/p>\n<p style=\"text-align: justify;\"><span style=\"color: #000000;\"><b>Sei tifosa di calcio?<\/b> \u201c<i>No\u201d.<\/i><\/span><\/p>\n<p style=\"text-align: justify;\"><span style=\"color: #000000;\"><b>Quali sono i tuoi hobby?<\/b> <i>\u201cIl mio hobby ora \u00e8 fare la fotomodella, fare punto e croce e svolgere delle attivit\u00e0 finalizzate con i miei bimbi ( colorare con colori a tempera utilizzando tutto il corpo, manipolazione di vari materiali tra cui farina, semini vari e cos\u00ec via)\u201d.<\/i><\/span><\/p>\n<p style=\"text-align: justify;\"><span style=\"color: #000000;\"><b>Qual \u00e8 il tuo rapporto con il cibo?<\/b> <i>\u201cHo un buon rapporto con il cibo, a volte mangio troppa nutella!\u201d.<\/i><\/span><\/p>\n<p style=\"text-align: justify;\"><span style=\"color: #000000;\"><b>Piatto preferito?<\/b> <i>\u201cSushi e tortei di patate (trentini)\u201d.<\/i><\/span><\/p>\n<p style=\"text-align: justify;\"><span style=\"color: #000000;\"><b>Segui alcun regime alimentare?<\/b> \u201c<i>Prediligo la verdura e frutta\u201d.<\/i><\/span><\/p>\n<p style=\"text-align: justify;\"><span style=\"color: #000000;\"><b>Ti piace il vino?<\/b> <i>\u201cNo, alcol e caff\u00e8 sono banditi in cucina, solo tisane e th\u00e8 sono ben accettate\u201d.<\/i><\/span><\/p>\n<p style=\"text-align: justify;\"><span style=\"color: #000000;\"><b>Qual \u00e8 il tuo rapporto con i denaro?<\/b> \u201cSei una che spende o sei una parsimoniosa? <i>Personalmente tendo molto a risparmiare ma quando vedo qualcosa che mi piace lo compro, sempre se non costa troppo\u201d.<\/i><\/span><\/p>\n<p style=\"text-align: justify;\"><span style=\"color: #000000;\"><b>Progetti per il futuro in campo fotografico?<\/b> <i>\u201cVorrei partecipare a pi\u00f9 shooting possibili per mettermi in gioco e fare pi\u00f9 esperienze\u201d.<\/i><\/span><\/p>\n<p style=\"text-align: justify;\"><span style=\"color: #000000;\"><b>Sappiamo che fai parte di un&#8217;associazione, ce ne vuoi parlare?<\/b> \u201c<i>Faccio parte di una rete Italiana del piede torto congenito-metodo ponseti, assieme ad altri genitori aiutiamo volontariamente neogenitori o persone nate con questa patologia, offriamo sostegno e informazioni riguardanti al piede torto e ai vari metodi di cura. Personalmente ho realizzato, insieme\u00a0all&#8217;aiuto\u00a0di un\u2019altra mamma, un blog (piedetorto.bloog.it) e\u00a0una pagina facebook ( piede equino varo supinato) dove racconto la nostra storia, inoltre ho relazionato davanti ad un vasto pubblico al primo congresso italiano sul piede torto metodo ponseti tenutasi a Milano. Sono una mamma oltrech\u00e8 donna combattiva, non tollero pi\u00f9 vedere bambini che soffrono per una cura sbagliata, da 50 anni esiste un metodo meno invasivo dove i bambini non soffrono a causa di interventi inutili, ma guariscono attraverso una serie di gessi e un tutore per evitare recidive, questo \u00e8 il metodo ponseti.\u00a0<\/i><i>Il nostro slogan \u00e8: &lt;&lt;piede torto metodo ponseti, guarire \u00e8 possibile&gt;&gt;\u201d.<\/i><\/span><\/p>\n<p style=\"text-align: justify;\"><span style=\"color: #000000;\"><b>Chi volesse sostenere l&#8217;associazione come deve fare<\/b>? \u201c<i>Ci sono vari modi per aiutarci, uno \u00e8 \u00a0diffondere le informazioni per fars\u00ec che i neogenitori non si sentino soli ad affrontare la patologia congenita<\/i>. <i>Tra le attivit\u00e0 informative e di mutuo aiuto vi sono i siti e i blog: piedetorto.it, piede-torto.net, piedetorto.bloog.it, tutti i gruppi di Facebook ( piede torto congenito metodo ponseti, piede torto congenito, adulti e ragazzi con\u00a0 piede torto \u00a0) e il Telefono SOS PIEDE TORTO \u2013 mamma chiama mamma (331-1665412), che mette in contatto i neogenitori con mamme e pap\u00e0 vicini per informazioni e supporto.<\/i><\/span><\/p>\n<p style=\"text-align: justify;\"><span style=\"color: #000000;\"><i>Inoltre, sarebbe di grande aiuto firmare la petizione per il piede torto: cure efficaci e gratuite per i bambini (link:<\/i> <a style=\"color: #000000;\" href=\"http:\/\/www.activism.com\/it_IT\/petizione\/piede-torto-cure-efficaci-e-gratuite-per-tutti-i-bambini\/8778\">http:\/\/www.activism.com\/it_IT\/petizione\/piede-torto-cure-efficaci-e-gratuite-per-tutti-i-bambini\/8778<\/a>)\u201d.<i><\/i><\/span><\/p>\n<p style=\"text-align: justify;\"><span style=\"color: #000000;\">Grazie Valentina e in bocca al lupo per il futuro.<\/span><\/p>\n<p style=\"text-align: center;\"><span style=\"color: #000000;\">I credits delle fotografie appartengono ai relativi fotografi.<br \/>\nLe fotografie sono state fornite da\u00a0Valentina Merler <\/span><span style=\"color: #000000;\"><br \/>\nTutti i diritti riservati\u00a0Email: <a href=\"http:\/\/nonsolomodanews@gmail.com\">nonsolomodanews@gmail.com<\/a><\/span><\/p>\n","protected":false},"excerpt":{"rendered":"<p>&nbsp; Tramite la partecipazione a &ldquo;Miss Sorriso&rdquo; di qualche anno fa, organizzato da Aspiranti Fotomodelle Italia di Giulio Romi, Nonsolomanews ha conosciuto Valentina Merler, giovane mamma (ha due bimbi in tenera et&agrave;) con una grande passione per quanto riguarda il mondo della moda e in modo particolare stare sotto le luci dei flash dei fotografi. Valentina &egrave; impegnata nel sociale facendo parte dell&rsquo;associazione del&nbsp;piede torto congenito-metodo ponseti. Grazie Valentina per il tempo che ci hai dedicato.<\/p>\n","protected":false},"author":1,"featured_media":13865,"comment_status":"open","ping_status":"open","sticky":false,"template":"","format":"standard","meta":{"rop_custom_images_group":[],"rop_custom_messages_group":[],"rop_publish_now":"initial","rop_publish_now_accounts":[],"rop_publish_now_history":[],"rop_publish_now_status":"pending","footnotes":""},"categories":[16],"tags":[1753,588,1756,1036,1755,1754,1450],"class_list":["post-13862","post","type-post","status-publish","format-standard","has-post-thumbnail","hentry","category-articolo","tag-bolzano","tag-fotomodella","tag-miss-itaila","tag-modella","tag-piede-torto","tag-trentino-alto-adige","tag-valentina-merler"],"_links":{"self":[{"href":"https:\/\/www.nonsolomodanews.it\/wordpress\/wp-json\/wp\/v2\/posts\/13862","targetHints":{"allow":["GET"]}}],"collection":[{"href":"https:\/\/www.nonsolomodanews.it\/wordpress\/wp-json\/wp\/v2\/posts"}],"about":[{"href":"https:\/\/www.nonsolomodanews.it\/wordpress\/wp-json\/wp\/v2\/types\/post"}],"author":[{"embeddable":true,"href":"https:\/\/www.nonsolomodanews.it\/wordpress\/wp-json\/wp\/v2\/users\/1"}],"replies":[{"embeddable":true,"href":"https:\/\/www.nonsolomodanews.it\/wordpress\/wp-json\/wp\/v2\/comments?post=13862"}],"version-history":[{"count":4,"href":"https:\/\/www.nonsolomodanews.it\/wordpress\/wp-json\/wp\/v2\/posts\/13862\/revisions"}],"predecessor-version":[{"id":13868,"href":"https:\/\/www.nonsolomodanews.it\/wordpress\/wp-json\/wp\/v2\/posts\/13862\/revisions\/13868"}],"wp:featuredmedia":[{"embeddable":true,"href":"https:\/\/www.nonsolomodanews.it\/wordpress\/wp-json\/wp\/v2\/media\/13865"}],"wp:attachment":[{"href":"https:\/\/www.nonsolomodanews.it\/wordpress\/wp-json\/wp\/v2\/media?parent=13862"}],"wp:term":[{"taxonomy":"category","embeddable":true,"href":"https:\/\/www.nonsolomodanews.it\/wordpress\/wp-json\/wp\/v2\/categories?post=13862"},{"taxonomy":"post_tag","embeddable":true,"href":"https:\/\/www.nonsolomodanews.it\/wordpress\/wp-json\/wp\/v2\/tags?post=13862"}],"curies":[{"name":"wp","href":"https:\/\/api.w.org\/{rel}","templated":true}]}}