{"id":13777,"date":"2015-12-16T17:41:31","date_gmt":"2015-12-16T17:41:31","guid":{"rendered":"http:\/\/www.nonsolomodanews.it\/wordpress\/?p=13777"},"modified":"2015-12-16T17:41:53","modified_gmt":"2015-12-16T17:41:53","slug":"eleonora-mazzotti-vita-intensa-come-cantante-attrice-e-conduttrice-radiofonica-e-non-solo","status":"publish","type":"post","link":"https:\/\/www.nonsolomodanews.it\/wordpress\/eleonora-mazzotti-vita-intensa-come-cantante-attrice-e-conduttrice-radiofonica-e-non-solo\/","title":{"rendered":"Eleonora Mazzotti, vita intensa come cantante, attrice e conduttrice radiofonica e non solo&#8230;"},"content":{"rendered":"<p>&nbsp;<\/p>\n<div id=\"attachment_13780\" style=\"width: 310px\" class=\"wp-caption alignleft\"><a href=\"http:\/\/www.nonsolomodanews.it\/wordpress\/wp-content\/uploads\/2015\/12\/unnamed.jpg\"><img loading=\"lazy\" decoding=\"async\" aria-describedby=\"caption-attachment-13780\" class=\"size-medium wp-image-13780\" src=\"http:\/\/www.nonsolomodanews.it\/wordpress\/wp-content\/uploads\/2015\/12\/unnamed-300x200.jpg\" alt=\"Photo Emanuela Baioni Make up Artist Marina Milandri Make Up Artist Hair Stylist LG di Malva Balella Outfit Les pouilles Location Ristorante Locanda Vecchiacanala \" width=\"300\" height=\"200\" srcset=\"https:\/\/www.nonsolomodanews.it\/wordpress\/wp-content\/uploads\/2015\/12\/unnamed-300x200.jpg 300w, https:\/\/www.nonsolomodanews.it\/wordpress\/wp-content\/uploads\/2015\/12\/unnamed.jpg 691w\" sizes=\"auto, (max-width: 300px) 100vw, 300px\" \/><\/a><p id=\"caption-attachment-13780\" class=\"wp-caption-text\">Photo Emanuela Baioni<br \/>Make up Artist Marina Milandri Make Up Artist<br \/>Hair Stylist LG di Malva Balella<br \/>Outfit Les pouilles<br \/>Location Ristorante Locanda Vecchiacanala<\/p><\/div>\n<p style=\"text-align: justify;\"><span style=\"color: #000000;\"><strong>Nonsolomodanews<\/strong> ha il piacere di presentare ai propri lettori <strong>Eleonora Mazzotti,<\/strong> che come si definisce lei \u00e8 cantante, attrice e conduttrice radiofonica. Abbiamo avuto il piacere di conoscere Eleonora alcuni mesi fa durante prima durante un casting e poi durante le riprese di uno spot di una famosa cooperativa taxi di Bologna. Grazie a Eleonora per averci concesso questa intervista (cosa che lei fa molto spesso per lavoro, essendo conduttrice radiofonica) e auguriamo buona lettura e buone feste ai nostri lettori.<\/span><\/p>\n<p><!--more--><\/p>\n<p><span style=\"color: #000000;\"><strong>Ciao Elonora, benvenuta su Nonsolomodanews!<\/strong><\/span><\/p>\n<p><span style=\"color: #000000;\"><strong>Ti vuoi presentare? <\/strong>\u00a0<em>&#8220;Grazie per l&#8217;accoglienza! Sono Eleonora Mazzotti, cantante, attrice e conduttrice radiofonica. Sono nata a Ravenna e ho sempre la valigia pronta: il bello del mio lavoro \u00e8 che mi permette di visitare sempre posti nuovi<\/em><em>&#8220;.<\/em><\/span><\/p>\n<p><span style=\"color: #000000;\"><strong>Come sei di carattere? \u00a0<\/strong><em>&#8220;Determinata, testarda, perseverante, positiva&#8221;.<\/em><\/span><\/p>\n<p><span style=\"color: #000000;\"><strong>Sei una persona curiosa?<\/strong> \u00a0<em>&#8220;Molto! Mi piace sbirciare, studiare, curiosare quando sono in giro&#8230; E nella mia vita quotidiana amo approfondire, scoprire particolari. Tutto ci\u00f2 si riflette poi nel mio lavoro! &#8220;.<\/em><\/span><\/p>\n<p><span style=\"color: #000000;\"><strong>Quali sono i tuoi hobby?<\/strong> \u00a0<em>&#8220;La Musica \u00e8 la mia vita e rientra prima di tutto tra le passioni. Che poi sia diventata un lavoro \u00e8 una bella soddisfazione. Ci\u00f2 che conta veramente \u00e8 che rimarr\u00e0 sempre il mio pi\u00f9 grande amore.<br \/>\nInoltre mi piace passeggiare, sia in citt\u00e0 che in montagna. Mi permette di pensare, riflettere, trarre spunti.<br \/>\nLa cucina pu\u00f2 rientrare tra gli hobby? Amo molto organizzare cene casalinghe con gli amici.<br \/>\nNon posso omettere il giardinaggio: prendermi cura delle mie piante mi rilassa molto, soprattutto quando sto molto tempo lontano da casa.<br \/>\nDulcis in fundo, viaggiare \u00e8 una delle attivit\u00e0 che preferisco! &#8220;.<\/em><\/span><\/p>\n<p><span style=\"color: #000000;\"><strong>Ci hai detto che fai molte cose, tra il recitare, cantare e&#8230; qual \u00e8 quella che ti d\u00e0 le maggiori soddisfazioni in assoluto?<\/strong> <em>&#8220;Senza dubbio il canto, che \u00e8 la mia primissima passione per cui sto studiando da pi\u00f9 tempo.<br \/>\nLa soddisfazione pi\u00f9 grande la provo quando canto a teatro: \u00e8 qui che canto e recitazione si fondono perfettamente e io mi sento a casa&#8221;.<br \/>\n<\/em><\/span><\/p>\n<p><span style=\"color: #000000;\"><strong>Qual \u00e8 il tuo colore preferito? <\/strong><em>&#8220;In questo periodo direi il verde acqua marina, denominato \u201cTiffany\u201d &#8220;.<\/em><\/span><\/p>\n<p><span style=\"color: #000000;\"><strong>Da speaker radiofonica, quale musica ti piace? <\/strong>\u00a0<em>&#8220;Da speaker e da cantante posso dire che mi piace la musica fatta bene! Che sia pop, soul, r&#8217;n&#8217;b, cantautorale, l&#8217;importante \u00e8 che sia fatta col cuore e con profondit\u00e0&#8221;.<\/em><\/span><\/p>\n<p><span style=\"color: #000000;\"><strong>In una tua fotografia di ritratto che cosa noti immediatamente?<\/strong> <em>&#8220;Gli occhi e subito dopo il sorriso&#8221;.<\/em><\/span><\/p>\n<p><span style=\"color: #000000;\"><strong>Quali sono le tue sensazioni quando vieni fotografata?<\/strong> <em>&#8220;Mi diverto tantissimo! Posso giocare a interpretare tante sfaccettature del mio carattere. Ultimamente mi sto appassionando sempre di pi\u00f9! &#8220;.<\/em><\/span><\/p>\n<p><span style=\"color: #000000;\"><strong>Quali sono i generi fotografici che preferisci?<\/strong> \u00a0<em>&#8220;Prima di tutto il ritratto. Forse \u00e8 l&#8217;amore per la pittura che mi fa apprezzare in primis questo genere. Poi la street photography e il reportage, proprio perch\u00e9 sono curiosa e amo immaginare le storie che<\/em> <em>stanno dietro ai soggetti ritratti&#8221;.<\/em><\/span><\/p>\n<p><span style=\"color: #000000;\"><strong>Hai un progetto fotografico che ti piacerebbe realizzare?<\/strong> <em>&#8220;Mi piacerebbe mostrare luoghi nascosti o comunque meno conosciuti del mio territorio, la Romagna. Siamo circondati da una natura incantevole&#8221;.<\/em><\/span><\/p>\n<p><span style=\"color: #000000;\"><strong>Che cosa \u00e8 per te la moda (fashion)?<\/strong> <em>&#8220;E&#8217; comunicazione&#8221;.<\/em><\/span><\/p>\n<p><span style=\"color: #000000;\"><strong>Qual \u00e8 il tuo rapporto con la moda?<\/strong> \u00a0<em>&#8220;E&#8217; un rapporto di complicit\u00e0! Ho alcune stiliste che mi seguono sia per l&#8217;attivit\u00e0 di cantante che per quella di speaker in radiovisione. Mi piace farmi affiancare da giovani talentuosi che riescano a tradurre con il linguaggio della moda la mia arte. Daniv\u00e9 (http:\/\/www.danivemode.com\/it\/), ad esempio, che mi segue da pi\u00f9 di un anno, riesce a interpretare con eleganza la mia musica&#8221;.<\/em><\/span><\/p>\n<p><span style=\"color: #000000;\"><strong>Chi \u00e8 il tuo fashion designer preferito?<\/strong> <em>&#8220;Amo Giorgio Armani, per le sue linee semplici ed estremamente eleganti. Mi piace la sua filosofia del \u201ctogliere\u201d, anzich\u00e9 aggiungere. E&#8217; quello che mi ripeto sempre quando studio e mi preparo sia nel canto che nella recitazione&#8221;.<\/em><\/span><\/p>\n<p><span style=\"color: #000000;\"><strong>La tua TopModel preferita?<\/strong> <em>&#8220;Al momento mi piace molto Alessandra Ambrosio&#8221;.<\/em><\/span><\/p>\n<p><span style=\"color: #000000;\"><strong>Qual \u00e8 il capo di vestiario che ami di pi\u00f9 e quello di meno?<\/strong> \u00a0<em>&#8220;I vestiti sono sinonimo assoluto di eleganza. A partire dai tubini fino agli abiti da sera pi\u00f9 elaborati, indossarli \u00e8 sempre un piacere.<br \/>\nSecondo me hanno fascino anche le tute, se contestualizzate e abbinate in maniera corretta&#8221;.<\/em><\/span><\/p>\n<p><span style=\"color: #000000;\"><strong>Scarpe basse o tacchi?<\/strong> \u00a0<em>&#8220;Rigorosamente tacchi! &#8220;.<\/em><\/span><\/p>\n<p><span style=\"color: #000000;\"><strong>Un accessorio che non manca mai quando esci da casa?<\/strong> <em>&#8220;Una borsa grande per contenere tutto ci\u00f2 che devo portarmi dietro, abbinata alle scarpe&#8221;.<\/em><\/span><\/p>\n<p><span style=\"color: #000000;\"><strong>Quanta importanza dai agli outfit?<\/strong> <em>&#8220;Non sono ossessionata dall&#8217;outfit \u201cperfetto\u201d. Penso per\u00f2 sia importante imparare ad abbinare i capi che indossiamo nella vita quotidiana, per essere eleganti e sentirci perfettamente a nostro agio&#8221;.<\/em><\/span><\/p>\n<p><span style=\"color: #000000;\"><strong>Se dovessi cambiare citt\u00e0 dove vorresti andare a vivere e perch\u00e9?<\/strong> <em>&#8220;Mi ha sempre affascinato Roma, perch\u00e9 mi sento accolta ogni volta che la visito, ha il fascino di farmi sentire a casa. Ma mi piacerebbe anche trasferirmi in una citt\u00e0 europea&#8221;.<\/em><\/span><\/p>\n<p><span style=\"color: #000000;\"><strong>Ultima domanda, sogno nel cassetto che desideri realizzare?<\/strong> <em>&#8220;Mi piacerebbe duettare con 2 grandi nomi della musica italiana&#8230; Se si sogna, \u00e8 bene farlo in grande!&#8221;.<\/em><\/span><\/p>\n<p><span style=\"color: #000000;\"><strong>Bruno Angelo Porcellana<\/strong><\/span><\/p>\n<p style=\"text-align: center;\"><span style=\"color: #000000;\">I credits delle fotografie appartengono\u00a0a Emanuela Baioni<\/span><br \/>\n<span style=\"color: #000000;\"> Tutti i diritti riservati \u00a9 2015\u2013 Email: nonsolomodanews@nonsolomodanews.it<\/span><\/p>\n<p>&nbsp;<\/p>\n","protected":false},"excerpt":{"rendered":"<p>&nbsp; Nonsolomodanews ha il piacere di presentare ai propri lettori Eleonora Mazzotti, che come si definisce lei &egrave; cantante, attrice e conduttrice radiofonica. Abbiamo avuto il piacere di conoscere Eleonora alcuni mesi fa durante prima durante un casting e poi durante le riprese di uno spot di una famosa cooperativa taxi di Bologna. Grazie a Eleonora per averci concesso questa intervista (cosa che lei fa molto spesso per lavoro, essendo conduttrice radiofonica) e auguriamo buona lettura e buone feste ai nostri lettori.<\/p>\n","protected":false},"author":1,"featured_media":13781,"comment_status":"open","ping_status":"open","sticky":false,"template":"","format":"standard","meta":{"rop_custom_images_group":[],"rop_custom_messages_group":[],"rop_publish_now":"initial","rop_publish_now_accounts":[],"rop_publish_now_history":[],"rop_publish_now_status":"pending","footnotes":""},"categories":[16],"tags":[198,262,303,378,1725,588,746],"class_list":["post-13777","post","type-post","status-publish","format-standard","has-post-thumbnail","hentry","category-articolo","tag-attrice","tag-bologna","tag-cantante","tag-conduttrice-radiofonica","tag-eleonora-mazzotti","tag-fotomodella","tag-intervista"],"_links":{"self":[{"href":"https:\/\/www.nonsolomodanews.it\/wordpress\/wp-json\/wp\/v2\/posts\/13777","targetHints":{"allow":["GET"]}}],"collection":[{"href":"https:\/\/www.nonsolomodanews.it\/wordpress\/wp-json\/wp\/v2\/posts"}],"about":[{"href":"https:\/\/www.nonsolomodanews.it\/wordpress\/wp-json\/wp\/v2\/types\/post"}],"author":[{"embeddable":true,"href":"https:\/\/www.nonsolomodanews.it\/wordpress\/wp-json\/wp\/v2\/users\/1"}],"replies":[{"embeddable":true,"href":"https:\/\/www.nonsolomodanews.it\/wordpress\/wp-json\/wp\/v2\/comments?post=13777"}],"version-history":[{"count":5,"href":"https:\/\/www.nonsolomodanews.it\/wordpress\/wp-json\/wp\/v2\/posts\/13777\/revisions"}],"predecessor-version":[{"id":13784,"href":"https:\/\/www.nonsolomodanews.it\/wordpress\/wp-json\/wp\/v2\/posts\/13777\/revisions\/13784"}],"wp:featuredmedia":[{"embeddable":true,"href":"https:\/\/www.nonsolomodanews.it\/wordpress\/wp-json\/wp\/v2\/media\/13781"}],"wp:attachment":[{"href":"https:\/\/www.nonsolomodanews.it\/wordpress\/wp-json\/wp\/v2\/media?parent=13777"}],"wp:term":[{"taxonomy":"category","embeddable":true,"href":"https:\/\/www.nonsolomodanews.it\/wordpress\/wp-json\/wp\/v2\/categories?post=13777"},{"taxonomy":"post_tag","embeddable":true,"href":"https:\/\/www.nonsolomodanews.it\/wordpress\/wp-json\/wp\/v2\/tags?post=13777"}],"curies":[{"name":"wp","href":"https:\/\/api.w.org\/{rel}","templated":true}]}}