{"id":13325,"date":"2015-10-20T22:29:55","date_gmt":"2015-10-20T22:29:55","guid":{"rendered":"http:\/\/www.nonsolomodanews.it\/wordpress\/?p=13325"},"modified":"2015-10-23T05:27:01","modified_gmt":"2015-10-23T05:27:01","slug":"francesca-stajano-attrice-per-colpa-forse-del-maestro-e-premio-nobel-dario-fo","status":"publish","type":"post","link":"https:\/\/www.nonsolomodanews.it\/wordpress\/francesca-stajano-attrice-per-colpa-forse-del-maestro-e-premio-nobel-dario-fo\/","title":{"rendered":"Francesca Stajano, attrice per colpa &#8211; forse&#8230; &#8211;  del maestro e premio Nobel Dario FO"},"content":{"rendered":"<div id=\"attachment_13330\" style=\"width: 210px\" class=\"wp-caption alignleft\"><a href=\"http:\/\/www.nonsolomodanews.it\/wordpress\/wp-content\/uploads\/2015\/10\/dTGk946qUahSbZob3Y6bEeIgjLXQxepUroSH1XIIpg-Sante-Cuzzup\u00e8-e1445380665100.jpg\"><img loading=\"lazy\" decoding=\"async\" aria-describedby=\"caption-attachment-13330\" class=\"size-medium wp-image-13330\" src=\"http:\/\/www.nonsolomodanews.it\/wordpress\/wp-content\/uploads\/2015\/10\/dTGk946qUahSbZob3Y6bEeIgjLXQxepUroSH1XIIpg-Sante-Cuzzup\u00e8-200x300.jpg\" alt=\"Francesca Stajano - Ph. Sante Cuzzup\u00e8\" width=\"200\" height=\"300\" \/><\/a><p id=\"caption-attachment-13330\" class=\"wp-caption-text\">Francesca Stajano &#8211; Ph. Sante Cuzzup\u00e8<\/p><\/div>\n<p style=\"text-align: justify;\"><span style=\"color: #000000;\"><strong>Nonsolomodanews<\/strong> ha il piacere di presentare ai propri lettori <strong>Francesca Stajano<\/strong>.\u00a0 Francesca \u00e8 cantante, sceneggiatrice, produttrice e principalmente attrice di teatro, tv e ultimamente anche cinema. Ma lasciamo a lei il compito di presentarsi e di raccontarsi ai nostri lettori.\u00a0<\/span><\/p>\n<p style=\"text-align: justify;\"><!--more--><\/p>\n<p style=\"text-align: justify;\"><span style=\"color: #000000;\"><strong>Ciao Francesca, grazie per averci concesso questa intervista. In poche parole, visto le molteplici attivit\u00e0 che svolgi, ti vuoi presentare? <\/strong><em>&#8220;Hai gi\u00e0 quasi detto tu ahahahah, comunque la molteplicit\u00e0 delle mie attivit\u00e0 artistiche \u00e8 colpa di Dario F\u00f2. Ora ti spiego. Incontrai il Maestro ad una cena a Napoli e quando iniziammo a conversare mi chiese che lavoro facessi, io risposi che avrei dovuto essere una attrice e lui incuriosito mi chiese perch\u00e8 dicevo avrei , alche \u00a0fui costretta a confessargli che in quel momento stavo lavorando come aiuto regista. Lui mi guard\u00f2 e mi disse che una cosa non escludeva l&#8217;altra e che aveva sempre odiato gli attori che nella vita facevano solo gli attori, che lui stesso faceva pi\u00f9 cose come cantare, scrivere, dirigere e che la mia arte sarebbe cresciuta moltissimo se avessi fatto tutto quello che mi passava per la testa. Cos\u00ec ho fatto, ho seguito il suo consiglio e credo e spero di aver fatto bene&#8221;.<\/em><\/span><\/p>\n<p style=\"text-align: justify;\"><span style=\"color: #000000;\"><strong>Qual \u00e8 il tuo background di formazione? <\/strong><em>&#8220;Dopo una laurea in legge presa pi\u00f9 per far contenti i miei che per vero interesse, ma che alla fine devo dire mi \u00e8 servita come base, ho intrapreso il duro cammino dell&#8217;arte teatrale. Non ho frequentato una Accademia vera e propria ma tanti e validi Maestri dai quali ho potuto apprendere ed elaborare un mio stile personale ed unico, mentre spesso gli &lt;&lt;accademici&gt;&gt; sono bravi ma \u00a0tutti irrimediabilmente uguali. Parlo di Maestri come Giuliano Vasilic\u00f2, Claudio Boccaccini, Giancarlo Sepe, Luciano Curreli, Luciano Damiani e tanti altri. Inoltre continuo sempre quando c&#8217;\u00e8 in giro qualche regista interessante ed innovativo a frequentare laboratori, penso a Giuseppe Marini, Matteo Tarasco, Carlo Boso, per la danza, che \u00e8 un&#8217;altra mia passione, Alessandra Cristiani&#8221;.<\/em><\/span><\/p>\n<p style=\"text-align: justify;\"><span style=\"color: #000000;\"><strong>Tu sei laureata in giurisprudenza, avere conseguito un titolo di studio ti ha aiutato nella tua attivit\u00e0 professionale? <\/strong><em>&#8220;Come accennavo prima avere una laurea \u00e8 stata una buona base su cui costruire la mia carriera di attrice. Sicuramente mi ha dato una certa propriet\u00e0 di linguaggio indispensabile quando si parla per esempio in pubblico, unita ad una capacit\u00e0 mnemonica notevole, dopo aver studiato 2000 pagine di Diritto Amministrativo \u00e8 chiaro che un copione di sessanta pagine lo impari in tre giorni. Quindi posso dire che certamente ho avuto dei vantaggi anche se avrei preferito una laurea pi\u00f9 consona tipo indirizzo spettacolo o altro&#8221;.<\/em><\/span><\/p>\n<p style=\"text-align: justify;\"><span style=\"color: #000000;\"><strong>Quali studi nel campo artistico ha seguito. <\/strong><em>&#8220;Ho studiato per circa dodici anni con differenti maestri, canto, dizione, ballo, recitazione e come dicevo prima continuo a farlo&#8221;.<\/em><\/span><\/p>\n<p style=\"text-align: justify;\"><span style=\"color: #000000;\"><strong>A livello di carattere, come sei? <\/strong><em>&#8220;Sono determinata ma non competitiva, mi piace lavorare in squadra e fare team. Amo vedere le persone felici intorno a me! Sono molto romantica, un po&#8217; all&#8217;antica, credo nell&#8217;amore unico fino alla morte e amo tantissimo gli animali&#8221;.<\/em><\/span><\/p>\n<p style=\"text-align: justify;\"><span style=\"color: #000000;\"><strong>Colore preferito? <\/strong><em>&#8220;Ovviamente il rosso, mi ricorda il sipario ahahahahah&#8221;.<\/em><\/span><\/p>\n<p style=\"text-align: justify;\"><span style=\"color: #000000;\"><strong>Ti abbiamo conosciuta alla finale del concorso Ferrari&amp;Fashion svoltosi presso il Golf Club &lt;&lt;Marco Simone&gt;&gt; di propriet\u00e0 di Laura Biaggiotti in qualit\u00e0 di madrina del concorso. Tu eri di ritorno dagli States. Ci dici perch\u00e9 eri oltre oceano? <\/strong><em>&#8220;Sono stata molto felice di essere la madrina del concorso che ha visto davvero nascere e sfilare dei nuovi talenti nella moda, \u00e8 stata una bellissima serata ed ero appena tornata dagli States dove con il film di Raffaello Sasson Frammenti, di cui sono protagonista, ho partecipato al Burbank International Film Festival ad Hollywood. Siamo stati selezionati tra oltre 700 film per il pi\u00f9 importante festival di cinema indipendente nel mondo \u00a0\u00e8 stato un grande successo&#8221;.<\/em><\/span><\/p>\n<p style=\"text-align: justify;\"><span style=\"color: #000000;\"><strong>Qual \u00e8 il rapporto tra Francesca e la moda? <\/strong><em>&#8220;Io adoro la moda, sono davvero molto attenta al mio look e alle nuove tendenze, credo fermamente che l&#8217;abito , anche se alla lunga, faccia il monaco. Non trovo superficiale chi si occupa del proprio aspetto, anzi trovo scioccamente presuntuoso chi non lo fa&#8221;.<\/em><\/span><\/p>\n<p style=\"text-align: justify;\"><span style=\"color: #000000;\"><strong>Stilista di riferimento o preferito? <\/strong><em>&#8220;La mia stilista preferita, che ho conosciuto grazie al mio bravissimo ufficio stampa l&#8217;editore e giornalista Gi\u00f2 di Giorgio, \u00a0e che mi veste in gran parte degli eventi ai quali per lavoro partecipo \u00e8 Vanessa Foglia, trovo le sue creazioni magnifiche, originali ed uniche con un velo di fiabesco che non guasta mai. La particolarit\u00e0 dei suoi abiti \u00e8 quella di creare una atmosfera intorno a se quando li si indossa, l&#8217;ho provato sulla mia pelle a Los Angeles dove ho indossato per tutto il Festival dei suoi abiti, le persone erano estasiate e mi fermavano per chiedermi di chi fosse il mio vestito. Inoltre do anche molta importanza agli accessori come borse, scarpe e bigiotteria, una linea di bigiotteria che indosso sempre \u00e8 la linea Gabry Style della mia cara amica Gabriella Penna, elegante, originale con un pizzico di follia&#8221;.<\/em><\/span><\/p>\n<p style=\"text-align: justify;\"><span style=\"color: #000000;\"><strong>Tu hai lavorato molto in televisione ma quando ti viene chiesto che genere di attrice, tu rispondi che sei un\u2019attrice teatrale? Che differenza c\u2019\u00e8?\u00a0<\/strong><\/span><span style=\"color: #000000;\"><em>&#8220;Non credo sia il caso parlare di differenza \u00e8 soltanto che io ho lavorato molto pi\u00f9 in teatro che in tv ed ho iniziato con il teatro, quindi mi sento di nascere da l\u00ec. Certamente non potrei dire televisiva, forse per\u00f2 potr\u00f2 dire cinematografica, perch\u00e8 il cinema mi sta prendendo molto e lo considero un approfondimento artistico del teatro, mi piace&#8221;.<\/em><\/span><\/p>\n<p style=\"text-align: justify;\"><span style=\"color: #000000;\"><strong>Quali sono i tuoi recenti lavori? <\/strong><em>&#8220;All&#8217;inizio dell&#8217;anno sono stata \u00a0la protagonista di due lavori teatrali sulla Shoah &lt;&lt;Cos\u00ec per caso&gt;&gt; di Angelita Puliafito, con il quale abbiamo vinto il Premio della regia e della critica al Concorso sulla Shoah al Teatro Antigone l&#8217;anno scorso, e &lt;&lt;Respiro&gt;&gt;. L&#8217;ultimo giorno un testo di Maria Teresa de Carolis con la regia di Luca Olivieri, ho inciso tre cover di cui due jazz e una stile musical con la direzione musicale del Maestro Andrea Tosi, che \u00e8 anche l&#8217;autore della colonna sonora di Frammenti, e che ho avuto occasione di recente di far ascoltare in radio nel programma Soul Power di Baldo maggiore su Keep Radio, e per il cinema ho girato un corto all&#8217;Isola del Cinema scritto e diretto da Iolanda la Carrubba III schock all&#8217;interno del progetto Cinema inventato di Aureliano Amadei.\u00a0<\/em><\/span><span style=\"color: #000000;\"><em>Sono poi stata molto impegnata per la promozione di Frammenti in tutta Italia partecipando a svariati festival tra i quali CinemaDa mare di Franco Rina, uno dei pi\u00f9 importanti festival di cinema itinerante mondiale e partecipando ad importanti eventi come quello organizzato ed ideato da Francesca Piggianelli all&#8217;Isola del Cinema e qualche giorno fa, sempre con la sua organizzazione, alla Festa del Cinema di Roma. Ultimamente poi ho girato una pubblicit\u00e0 per Ibl banca con la regia di Marco Santoro e Felice V. Bagnato e partecipato ad uno spettacolo per il congresso europeo della Wella presentato da J\u00f2 Squillo. Ho lavorato come attrice protagonista e vinto come migliore attrice ai Booktrailers Online Awards con Come Sarah Conrad divenne un&#8217;assassina tratto da un racconto di luca Olivieri con la regia di Raffaello Sasson, tra l&#8217;altro andremo anche con questo lavoro alla Festa del Cinema di Roma&#8221;.<\/em><\/span><\/p>\n<p style=\"text-align: justify;\"><strong style=\"color: #000000;\">Dei lavori passati, sia a livello tv, che cinematografico o teatrale, quale ricordi di pi\u00f9 con piacere? <\/strong><em><span style=\"color: #000000;\">&#8220;Rimarr\u00e0 sempre nel mio cuore &lt;&lt;Le 120 giornate di Sodoma&gt;&gt; di Giuliano Vasilic\u00f2, uno spettacolo che ha forgiato la mia identit\u00e0 di artista e mi ha fatto diventare una perfezionista della scena, basti pensare che le prove durarono due anni con frequenza giornaliera dal\u00a0luned\u00ec\u00a0al\u00a0venerd\u00ec\u00a0dalle nove alle 15. Vasilic\u00f2 mi aveva scelto insieme ad altri attori e su di noi fece un lavoro lento ma inesorabile, piegandoci ai voleri della rappresentazione e adattando i\u00a0nostri\u00a0corpi ai personaggi che immaginava, dopo due anni abbiamo fatto uno spettacolo memorabile di cui ancora si parla e che rester\u00e0 per sempre come la pi\u00f9 grande opera di teatro d&#8217;avanguardia mai esistita, soprattutto ora che Vasilic\u00f2 ci ha lasciato&#8221;.<\/span><\/em><\/p>\n<p style=\"text-align: justify;\"><span style=\"color: #000000;\"><strong>Aneddoto da raccontare in merito alla tua attivit\u00e0 di attrice? <\/strong><em>&#8220;Sul set di Don Matteo ho lavorato con il grande Nino Frassica, prima di girare lui mi venne a cercare sul set, mi disse che dovevamo provare la nostra parte, giustamente da professionista qual \u00e8. Io iniziai a dire le mie battute ma lui mi ferm\u00f2 subito dicendomi che non dovevo ripetere a memoria ma ascoltare lui ed andare a braccio, io ero terrorizzata ma lui mi rassicur\u00f2 ed in effetti poi girammo un&#8217;ottima scena anche a detta del regista Giulio Base che mi fece i complimenti. Improvvisazione pura da brivido!<\/em><\/span><\/p>\n<p style=\"text-align: justify;\"><span style=\"color: #000000;\"><strong>Ti rifai a qualche attrice del passato oppure tu hai cercato di avere un tuo stile di recitazione? <\/strong><em>&#8220;Non mi \u00e8 mai piaciuto imitare qualcuno, ho sempre cercato e cerco tuttora di avere un mio stile personale, lavoro molto sul personaggio e spesso \u00e8 proprio lui ad indicarmi la strada e io lo lascio fare&#8221;.<\/em><\/span><\/p>\n<p style=\"text-align: justify;\"><span style=\"color: #000000;\"><strong>Esiste lo stile oppure ci si deve adattare a seconda del regista che ti dirige? <\/strong><em>&#8220;Esiste uno stile ma la bravura di una attrice secondo me sta nel romperlo quando il regista lo richiede. Per me lavorare con diversi registi \u00e8 funzionale alla mia arte, da ognuno di loro prendo qualcosa, piegarmi alla loro volont\u00e0 e diventare materia duttile \u00e8 una mia specialit\u00e0 ed \u00e8 anche questo che mi consente ancora di imparare e di crescere, adoro i registi che pretendono da me , che non si accontentano, che mi aiutano a scavare scavare, sempre ovviamente nel dovuto rispetto reciproco e professionale&#8221;.<\/em><\/span><\/p>\n<p style=\"text-align: justify;\"><span style=\"color: #000000;\"><strong>Quale regista del passato ti avrebbe fatto piacere lavorare? <\/strong><em>&#8220;Sir Alfred di sicuro, adoro i suoi film, le sue atmosfere eleganti e pericolose, ma anche Fellini mi affascina e seduce&#8221;.<\/em><\/span><\/p>\n<p style=\"text-align: justify;\"><span style=\"color: #000000;\"><strong>E un contemporaneo? <\/strong><em>&#8220;Sophia Coppola magnifica!&#8221;.<\/em><\/span><\/p>\n<p style=\"text-align: justify;\"><span style=\"color: #000000;\"><strong>Una domanda che nasce spontanea, perch\u00e9 un\u2019attrice come te a un certo punto della sua vita decide di diventare produttrice teatrale? Qual \u00e8 la scintilla che ha fatto scoppiare questa esigenza in te? <\/strong><em>&#8220;Ho avuto questa opportunit\u00e0 e non me la sono lasciata sfuggire! Ho sempre amato occuparmi dello spettacolo nel suo insieme, forse questo \u00e8 un retaggio degli insegnamenti di Vasilic\u00f2, un attore pu\u00f2 e dovrebbe essere parte fondante e integrante di uno spettacolo, occuparsi anche della produzione, del cast, della distribuzione, della scelta delle maestranze ovviamente in accordo con il regista di turno, \u00e8 bello \u00e8 sentirsi parte attiva di una grande avventura. Ma amo anche fare solo l&#8217;attrice quando capita, anche se ho sempre un po&#8217; la tendenza alla produzione, deformazione professionale ahahahah&#8221;.<\/em><\/span><\/p>\n<p style=\"text-align: justify;\"><span style=\"color: #000000;\"><strong>Domanda di rito, quali sono i tuoi progetti futuri? <\/strong><em>&#8220;Sicuramente torner\u00f2 in teatro con lo spettacolo Cos\u00ec per caso di Angelita Puliafito, sto per girare un film con la regia di Emanuele Ajello e che mi vede moglie di uno spietato boss della camorra in Novembre. Poi mi attende un altro importante evento a fine Novembre ad Assisi per Frammenti organizzato sempre da Francesca Piggianelli, devo incidere altre tre cover jazz e sto scrivendo uno spettacolo sulla violenza sulle donne insieme a Laura Sorel ed Enzo Garramone. In Primavera debutter\u00f2 con Doppia visione uno spettacolo scritto da Dario Santarsiero e diretto da Raffaello Sasson . Ci sono anche altri progetti cinematografici in via di definizione dei quali parler\u00f2 presto&#8221;.<\/em><\/span><\/p>\n<p style=\"text-align: justify;\"><span style=\"color: #000000;\"><strong>Grazie Francesca. <\/strong><em>&#8220;Grazie a voi \u00e8 stato un piacere chiacchierare con voi, a presto e un bacio ai lettori e alle lettrici&#8221;.<\/em><\/span><\/p>\n<p style=\"text-align: justify;\"><span style=\"color: #000000;\"><strong>Bruno Angelo Porcellana<\/strong><\/span><\/p>\n<style id=\"bwg-style-0\">      #bwg_container1_0 #bwg_container2_0 #bwg_mosaic_thumbnails_div_0 {        width: 100%;        position: relative;        background-color: rgba(255, 255, 255, 0.00);        text-align: center;        justify-content: center;                  margin-left: auto;          margin-right: auto;                    padding-left: 4px;          padding-top: 4px;                }          #bwg_container1_0 #bwg_container2_0 .bwg_mosaic_thumb_spun_0 {        display: block;        position: absolute;\t\t\t\tborder-radius: 0;\t\t\t\tborder: 0px none #CCCCCC;    \t\t    \t\tbackground-color:rgba(0,0,0, 0.30);        -moz-box-sizing: content-box !important;        -webkit-box-sizing: content-box !important;        box-sizing: content-box !important;      }\t\t\t#bwg_container1_0 #bwg_container2_0 .bwg_mosaic_thumb_0 {\t\t\t\tdisplay: block;\t\t\t\t-moz-box-sizing: content-box !important;\t\t\t\t-webkit-box-sizing: content-box !important;\t\t\t\tbox-sizing: content-box !important;\t\t\t\tmargin: 0;\t\t\t\topacity: 1.00;\t\t\t}      #bwg_container1_0 #bwg_container2_0 .bwg_mosaic_thumb_spun_0:hover {        opacity: 1;        backface-visibility: hidden;        -webkit-backface-visibility: hidden;        -moz-backface-visibility: hidden;        -ms-backface-visibility: hidden;        z-index: 102;      }\t      @media only screen and (min-width: 480px) {        #bwg_container1_0 #bwg_container2_0 .bwg_mosaic_thumb_spun_0:hover {          transform: scale(1.1);          -ms-transform: scale(1.1);          -webkit-transform: scale(1.1);        }      }\t      #bwg_container1_0 #bwg_container2_0 .bwg_mosaic_thumbnails_0 {        background-color: rgba(255, 255, 255, 0.00);        font-size: 0;        position: relative;        text-align: center;        display: inline-block;        visibility: hidden;              }\t  \/*image title styles*\/      #bwg_container1_0 #bwg_container2_0 .bwg_mosaic_title_spun1_0,      #bwg_container1_0 #bwg_container2_0 .bwg-mosaic-thumbnails .bwg_ecommerce_spun1_0 {        position: absolute;        display: block;        opacity: 0;        box-sizing: border-box;        text-align: center;\t\t\t\ttop: 50%;\t\t\t\tleft: 50%;\t\t\t\ttransform: translate(-50%, -50%);      }      #bwg_container1_0 #bwg_container2_0 .bwg-mosaic-thumbnails .bwg_mosaic_title_spun2_0,      #bwg_container1_0 #bwg_container2_0 .bwg-mosaic-thumbnails .bwg_ecommerce_spun2_0 {\t\t    color: #CCCCCC;        font-family: segoe ui;        font-size: 16px;        font-weight: bold;        text-shadow: 0px 0px 0px #888888;        vertical-align: middle;        word-wrap: break-word;      }            .bwg_mosaic_play_icon_spun_0 {        display: table;        position: absolute;        left: -10000px;        top: 0px;        opacity: 0;      }      .bwg_mosaic_play_icon_0 {        color: #CCCCCC;        font-size: 32px;        vertical-align: middle;        display: table-cell !important;        z-index: 1;        text-align: center;        margin: 0 auto;      }      #bwg_container1_0 #bwg_container2_0 .bwg_gal_title_0 {        background-color: rgba(0, 0, 0, 0);        color: #323A45;        display: block;        font-family: Ubuntu;        font-size: 16px;        font-weight: bold;        padding: 2px;        text-shadow: ;        text-align: center;      }            @media screen and (max-width: 280px) {      div[class^=\"bwg_mosaic_thumbnails_\"],      span[class^=\"bwg_mosaic_thumb_spun_\"] {      width: 100% !important;      }      img[class^=\"bwg_mosaic_thumb_\"] {      width: 100% !important;      height: auto !important;      margin: 0px auto !important;      }      }      <\/style>    <div id=\"bwg_container1_0\"         class=\"bwg_container bwg_thumbnail bwg_thumbnails_mosaic \"         data-right-click-protection=\"0\"         data-bwg=\"0\"         data-scroll=\"0\"         data-gallery-type=\"thumbnails_mosaic\"         data-gallery-view-type=\"thumbnails_mosaic\"         data-current-url=\"\/wordpress\/wp-json\/wp\/v2\/posts\/13325\"         data-lightbox-url=\"https:\/\/www.nonsolomodanews.it\/wordpress\/wp-admin\/admin-ajax.php?action=GalleryBox&#038;current_view=0&#038;gallery_id=23&#038;tag=0&#038;theme_id=1&#038;shortcode_id=28&#038;sort_by=order&#038;order_by=asc&#038;current_url=%2Fwordpress%2Fwp-json%2Fwp%2Fv2%2Fposts%2F13325\"         data-gallery-id=\"23\"         data-popup-width=\"800\"         data-popup-height=\"500\"         data-is-album=\"gallery\"         data-buttons-position=\"bottom\">      <div id=\"bwg_container2_0\">             <div id=\"ajax_loading_0\" class=\"bwg_loading_div_1\">      <div class=\"bwg_loading_div_2\">        <div class=\"bwg_loading_div_3\">          <div id=\"loading_div_0\" class=\"bwg_spider_ajax_loading\">          <\/div>        <\/div>      <\/div>    <\/div>            <form id=\"gal_front_form_0\"              class=\"bwg-hidden\"              method=\"post\"              action=\"#\"              data-current=\"0\"              data-shortcode-id=\"28\"              data-gallery-type=\"thumbnails_mosaic\"              data-gallery-id=\"23\"              data-tag=\"0\"              data-album-id=\"0\"              data-theme-id=\"1\"              data-ajax-url=\"https:\/\/www.nonsolomodanews.it\/wordpress\/wp-admin\/admin-ajax.php?action=bwg_frontend_data\">          <div id=\"bwg_container3_0\" class=\"bwg-background bwg-background-0\">                <div id=\"bwg_mosaic_thumbnails_div_0\"         class=\"bwg-container-0 bwg-container bwg-mosaic-thumbnails\"         data-bwg=\"0\"         data-mosaic-direction=\"vertical\"         data-resizable=\"0\"         data-width=\"180\"         data-height=\"90\"         data-total-width=\"100\"         data-block-id=\"bwg_thumbnails_mosaic_0\"         data-thumb-padding=\"4\"         data-thumb-border=\"0\"         data-title-margin=\"2px\"         data-image-title=\"none\"         data-play-icon=\"1\"         data-ecommerce-icon=\"none\"         data-gallery-id=\"23\"         data-lightbox-url=\"https:\/\/www.nonsolomodanews.it\/wordpress\/wp-admin\/admin-ajax.php?action=GalleryBox&#038;current_view=0&#038;gallery_id=23&#038;tag=0&#038;theme_id=1&#038;shortcode_id=28&#038;sort_by=order&#038;order_by=asc&#038;current_url=%2Fwordpress%2Fwp-json%2Fwp%2Fv2%2Fposts%2F13325\"         data-mosaic-thumb-transition=\"1\"         style=\"visibility: hidden\" >      <div id=\"bwg_thumbnails_mosaic_0\" class=\"bwg_mosaic_thumbnails_0\">                  <a class=\"bwg-a\" >          <div class=\"bwg_mosaic_thumb_spun_0 bwg-item0 bwg-mosaic-thumb-span \">            <img decoding=\"async\" class=\"bwg_mosaic_thumb_0 skip-lazy bwg_img_clear bwg_img_custom \"                 id=\"2786\"                 src=\"https:\/\/www.nonsolomodanews.it\/wordpress\/wp-content\/uploads\/photo-gallery\/Stajano\/thumb\/IMG_9395_ms%20Michele%20Simolo.jpg?bwg=1624548760\"                 data-src=\"https:\/\/www.nonsolomodanews.it\/wordpress\/wp-content\/uploads\/photo-gallery\/Stajano\/thumb\/IMG_9395_ms%20Michele%20Simolo.jpg?bwg=1624548760\"                 data-width=\"\"                 data-height=\"\"                 alt=\"Francesca Stajano, creazione Abitart di Vanessa Foglia, Ph. Michele Simolo \"                 title=\"Francesca Stajano, creazione Abitart di Vanessa Foglia, Ph. Michele Simolo \" \/>                      <\/div>        <\/a>                <a class=\"bwg-a\" >          <div class=\"bwg_mosaic_thumb_spun_0 bwg-item0 bwg-mosaic-thumb-span \">            <img decoding=\"async\" class=\"bwg_mosaic_thumb_0 skip-lazy bwg_img_clear bwg_img_custom \"                 id=\"2785\"                 src=\"https:\/\/www.nonsolomodanews.it\/wordpress\/wp-content\/uploads\/photo-gallery\/Stajano\/thumb\/IMG_9325_ms%20Michele%20Simolo.jpg?bwg=1624548760\"                 data-src=\"https:\/\/www.nonsolomodanews.it\/wordpress\/wp-content\/uploads\/photo-gallery\/Stajano\/thumb\/IMG_9325_ms%20Michele%20Simolo.jpg?bwg=1624548760\"                 data-width=\"\"                 data-height=\"\"                 alt=\"Francesca Stajano, Ph. Michele Simolo \"                 title=\"Francesca Stajano, Ph. Michele Simolo \" \/>                      <\/div>        <\/a>                <a class=\"bwg-a\" >          <div class=\"bwg_mosaic_thumb_spun_0 bwg-item0 bwg-mosaic-thumb-span \">            <img decoding=\"async\" class=\"bwg_mosaic_thumb_0 skip-lazy bwg_img_clear bwg_img_custom \"                 id=\"2784\"                 src=\"https:\/\/www.nonsolomodanews.it\/wordpress\/wp-content\/uploads\/photo-gallery\/Stajano\/thumb\/FB_20150930_22_43_45_Saved_Picture%20-%20Roberto%20di%20Vito.jpg?bwg=1624548760\"                 data-src=\"https:\/\/www.nonsolomodanews.it\/wordpress\/wp-content\/uploads\/photo-gallery\/Stajano\/thumb\/FB_20150930_22_43_45_Saved_Picture%20-%20Roberto%20di%20Vito.jpg?bwg=1624548760\"                 data-width=\"\"                 data-height=\"\"                 alt=\"Francesca Stajano, Ph. Roberto di Vito\"                 title=\"Francesca Stajano, Ph. Roberto di Vito\" \/>                      <\/div>        <\/a>                <a class=\"bwg-a\" >          <div class=\"bwg_mosaic_thumb_spun_0 bwg-item0 bwg-mosaic-thumb-span \">            <img decoding=\"async\" class=\"bwg_mosaic_thumb_0 skip-lazy bwg_img_clear bwg_img_custom \"                 id=\"2783\"                 src=\"https:\/\/www.nonsolomodanews.it\/wordpress\/wp-content\/uploads\/photo-gallery\/Stajano\/thumb\/635792921963541930%20Michele%20Simolo.jpg?bwg=1624548760\"                 data-src=\"https:\/\/www.nonsolomodanews.it\/wordpress\/wp-content\/uploads\/photo-gallery\/Stajano\/thumb\/635792921963541930%20Michele%20Simolo.jpg?bwg=1624548760\"                 data-width=\"\"                 data-height=\"\"                 alt=\"Francesca Stajano, Ph. Michele Simolo \"                 title=\"Francesca Stajano, Ph. Michele Simolo \" \/>                      <\/div>        <\/a>                <a class=\"bwg-a\" >          <div class=\"bwg_mosaic_thumb_spun_0 bwg-item0 bwg-mosaic-thumb-span \">            <img decoding=\"async\" class=\"bwg_mosaic_thumb_0 skip-lazy bwg_img_clear bwg_img_custom \"                 id=\"2782\"                 src=\"https:\/\/www.nonsolomodanews.it\/wordpress\/wp-content\/uploads\/photo-gallery\/Stajano\/thumb\/635792921914945114%20Michele%20Simolo.jpg?bwg=1624548760\"                 data-src=\"https:\/\/www.nonsolomodanews.it\/wordpress\/wp-content\/uploads\/photo-gallery\/Stajano\/thumb\/635792921914945114%20Michele%20Simolo.jpg?bwg=1624548760\"                 data-width=\"\"                 data-height=\"\"                 alt=\"Francesca Stajano, Ph. Michele Simolo \"                 title=\"Francesca Stajano, Ph. Michele Simolo \" \/>                      <\/div>        <\/a>                <a class=\"bwg-a\" >          <div class=\"bwg_mosaic_thumb_spun_0 bwg-item0 bwg-mosaic-thumb-span \">            <img decoding=\"async\" class=\"bwg_mosaic_thumb_0 skip-lazy bwg_img_clear bwg_img_custom \"                 id=\"2781\"                 src=\"https:\/\/www.nonsolomodanews.it\/wordpress\/wp-content\/uploads\/photo-gallery\/Stajano\/thumb\/635792921009809959%20Michele%20Simolo.jpg?bwg=1624548760\"                 data-src=\"https:\/\/www.nonsolomodanews.it\/wordpress\/wp-content\/uploads\/photo-gallery\/Stajano\/thumb\/635792921009809959%20Michele%20Simolo.jpg?bwg=1624548760\"                 data-width=\"\"                 data-height=\"\"                 alt=\"Francesca Stajano, Ph. Michele Simolo \"                 title=\"Francesca Stajano, Ph. Michele Simolo \" \/>                      <\/div>        <\/a>                <a class=\"bwg-a\" >          <div class=\"bwg_mosaic_thumb_spun_0 bwg-item0 bwg-mosaic-thumb-span \">            <img decoding=\"async\" class=\"bwg_mosaic_thumb_0 skip-lazy bwg_img_clear bwg_img_custom \"                 id=\"2780\"                 src=\"https:\/\/www.nonsolomodanews.it\/wordpress\/wp-content\/uploads\/photo-gallery\/Stajano\/thumb\/11865410_847282772007171_1344350002_o%20Michele%20Simolo.jpg?bwg=1624548760\"                 data-src=\"https:\/\/www.nonsolomodanews.it\/wordpress\/wp-content\/uploads\/photo-gallery\/Stajano\/thumb\/11865410_847282772007171_1344350002_o%20Michele%20Simolo.jpg?bwg=1624548760\"                 data-width=\"\"                 data-height=\"\"                 alt=\"Francesca Stajano, creazione Abitart di Vanessa Foglia, Ph. Michele Simolo \"                 title=\"Francesca Stajano, creazione Abitart di Vanessa Foglia, Ph. Michele Simolo \" \/>                      <\/div>        <\/a>                <a class=\"bwg-a\" >          <div class=\"bwg_mosaic_thumb_spun_0 bwg-item0 bwg-mosaic-thumb-span \">            <img decoding=\"async\" class=\"bwg_mosaic_thumb_0 skip-lazy bwg_img_clear bwg_img_custom \"                 id=\"2779\"                 src=\"https:\/\/www.nonsolomodanews.it\/wordpress\/wp-content\/uploads\/photo-gallery\/Stajano\/thumb\/-dTGk946qUahSbZob3Y6bEeIgjLXQxepUroSH1XIIpg%20Sante%20Cuzzup\u00e8.jpg?bwg=1624548760\"                 data-src=\"https:\/\/www.nonsolomodanews.it\/wordpress\/wp-content\/uploads\/photo-gallery\/Stajano\/thumb\/-dTGk946qUahSbZob3Y6bEeIgjLXQxepUroSH1XIIpg%20Sante%20Cuzzup\u00e8.jpg?bwg=1624548760\"                 data-width=\"\"                 data-height=\"\"                 alt=\"Francesca Stajano, Ph.  Sante Cuzzup\u00e8 \"                 title=\"Francesca Stajano, Ph.  Sante Cuzzup\u00e8 \" \/>                      <\/div>        <\/a>            <\/div>    <\/div>    <style>      \/*pagination styles*\/      #bwg_container1_0 #bwg_container2_0 .tablenav-pages_0 {\t\t\t\ttext-align: center;\t\t\t\tfont-size: 12px;\t\t\t\tfont-family: segoe ui;\t\t\t\tfont-weight: bold;\t\t\t\tcolor: #666666;\t\t\t\tmargin: 6px 0 4px;\t\t\t\tdisplay: block;      }      @media only screen and (max-width : 320px) {      #bwg_container1_0 #bwg_container2_0 .displaying-num_0 {     \t display: none;      }      }      #bwg_container1_0 #bwg_container2_0 .displaying-num_0 {\t\t\t\tfont-size: 12px;\t\t\t\tfont-family: segoe ui;\t\t\t\tfont-weight: bold;\t\t\t\tcolor: #666666;\t\t\t\tmargin-right: 10px;\t\t\t\tvertical-align: middle;      }      #bwg_container1_0 #bwg_container2_0 .paging-input_0 {\t\t\t\tfont-size: 12px;\t\t\t\tfont-family: segoe ui;\t\t\t\tfont-weight: bold;\t\t\t\tcolor: #666666;\t\t\t\tvertical-align: middle;      }      #bwg_container1_0 #bwg_container2_0 .tablenav-pages_0 a.disabled,      #bwg_container1_0 #bwg_container2_0 .tablenav-pages_0 a.disabled:hover,      #bwg_container1_0 #bwg_container2_0 .tablenav-pages_0 a.disabled:focus,\t\t\t#bwg_container1_0 #bwg_container2_0 .tablenav-pages_0 input.bwg_current_page {\t\t\t\tcursor: default;\t\t\t\tcolor: rgba(102, 102, 102, 0.5);      }      #bwg_container1_0 #bwg_container2_0 .tablenav-pages_0 a,      #bwg_container1_0 #bwg_container2_0 .tablenav-pages_0 input.bwg_current_page {\t\t\t\tcursor: pointer;\t\t\t\ttext-align: center;\t\t\t\tfont-size: 12px;\t\t\t\tfont-family: segoe ui;\t\t\t\tfont-weight: bold;\t\t\t\tcolor: #666666;\t\t\t\ttext-decoration: none;\t\t\t\tpadding: 3px 6px;\t\t\t\tmargin: 0;\t\t\t\tborder-radius: 0;\t\t\t\tborder-style: solid;\t\t\t\tborder-width: 1px;\t\t\t\tborder-color: #E3E3E3;\t\t\t\t\t\t\t\tbackground-color: rgba(255, 255, 255, 1.00);\t\t\t\tbox-shadow: 0;\t\t\t\ttransition: all 0.3s ease 0s;-webkit-transition: all 0.3s ease 0s;      }      <\/style>      <span class=\"bwg_nav_cont_0\">              <div class=\"tablenav-pages_0\">                  <\/div>                <input type=\"hidden\" id=\"page_number_0\" name=\"page_number_0\" value=\"1\" \/>      <script type=\"text\/javascript\">        if( jQuery('.bwg_nav_cont_0').length > 1 ) {          jQuery('.bwg_nav_cont_0').first().remove()        }        function spider_page_0(cur, x, y, load_more) {          if (typeof load_more == \"undefined\") {            var load_more = false;          }          if (jQuery(cur).hasClass('disabled')) {            return false;          }          var items_county_0 = 1;          switch (y) {            case 1:              if (x >= items_county_0) {                document.getElementById('page_number_0').value = items_county_0;              }              else {                document.getElementById('page_number_0').value = x + 1;              }              break;            case 2:              document.getElementById('page_number_0').value = items_county_0;              break;            case -1:              if (x == 1) {                document.getElementById('page_number_0').value = 1;              }              else {                document.getElementById('page_number_0').value = x - 1;              }              break;            case -2:              document.getElementById('page_number_0').value = 1;              break;\t\t\t\t\t\tcase 0:              document.getElementById('page_number_0').value = x;              break;            default:              document.getElementById('page_number_0').value = 1;          }          bwg_ajax('gal_front_form_0', '0', 'bwg_thumbnails_mosaic_0', '0', '', 'gallery', 0, '', '', load_more, '', 1);        }                    jQuery('.first-page-0').on('click', function () {              spider_page_0(this, 1, -2, 'numeric');              return false;            });            jQuery('.prev-page-0').on('click', function () {              spider_page_0(this, 1, -1, 'numeric');              return false;            });            jQuery('.next-page-0').on('click', function () {              spider_page_0(this, 1, 1, 'numeric');              return false;            });            jQuery('.last-page-0').on('click', function () {              spider_page_0(this, 1, 2, 'numeric');              return false;            });        \t\t\t\t\/* Change page on input enter. *\/        function bwg_change_page_0( e, that ) {          if (  e.key == 'Enter' ) {            var to_page = parseInt(jQuery(that).val());            var pages_count = jQuery(that).parents(\".pagination-links\").data(\"pages-count\");            var current_url_param = jQuery(that).attr('data-url-info');            if (to_page > pages_count) {              to_page = 1;            }\t \t\t\t\t\t\t\t\t\t\t\t\tspider_page_0(this, to_page, 0, 'numeric');\t\t\t\t\t\t\treturn false;\t\t\t\t\t\t          }          return true;        }        jQuery('.bwg_load_btn_0').on('click', function () {            spider_page_0(this, 1, 1, true);            return false;        });      <\/script>      <\/span>                <\/div>        <\/form>              <\/div>    <\/div>    <script>      if (document.readyState === 'complete') {        if( typeof bwg_main_ready == 'function' ) {          if ( jQuery(\"#bwg_container1_0\").height() ) {            bwg_main_ready(jQuery(\"#bwg_container1_0\"));          }        }      } else {        document.addEventListener('DOMContentLoaded', function() {          if( typeof bwg_main_ready == 'function' ) {            if ( jQuery(\"#bwg_container1_0\").height() ) {             bwg_main_ready(jQuery(\"#bwg_container1_0\"));            }          }        });      }    <\/script>    \n<p style=\"text-align: center;\">Le fotografie sono\u00a0state fornite da\u00a0Francesca Stajano<br \/>\nI credits delle fotografie appartengono\u00a0ai relativi fotografi<br \/>\nTutti i diritti riservati \u00a9 2015\u2013 Email: nonsolomodanews@nonsolomodanews.it<\/p>\n<p>&nbsp;<\/p>\n","protected":false},"excerpt":{"rendered":"<p>Nonsolomodanews ha il piacere di presentare ai propri lettori Francesca Stajano.&nbsp; Francesca &egrave; cantante, sceneggiatrice, produttrice e principalmente attrice di teatro, tv e ultimamente anche cinema. Ma lasciamo a lei il compito di presentarsi e di raccontarsi ai nostri lettori.&nbsp;<\/p>\n","protected":false},"author":1,"featured_media":13331,"comment_status":"open","ping_status":"open","sticky":false,"template":"","format":"standard","meta":{"rop_custom_images_group":[],"rop_custom_messages_group":[],"rop_publish_now":"initial","rop_publish_now_accounts":[],"rop_publish_now_history":[],"rop_publish_now_status":"pending","footnotes":""},"categories":[16],"tags":[198,1635,746,752,1099,1242],"class_list":["post-13325","post","type-post","status-publish","format-standard","has-post-thumbnail","hentry","category-articolo","tag-attrice","tag-francesca-stajano","tag-intervista","tag-italia","tag-nonsolomodanews","tag-roma"],"_links":{"self":[{"href":"https:\/\/www.nonsolomodanews.it\/wordpress\/wp-json\/wp\/v2\/posts\/13325","targetHints":{"allow":["GET"]}}],"collection":[{"href":"https:\/\/www.nonsolomodanews.it\/wordpress\/wp-json\/wp\/v2\/posts"}],"about":[{"href":"https:\/\/www.nonsolomodanews.it\/wordpress\/wp-json\/wp\/v2\/types\/post"}],"author":[{"embeddable":true,"href":"https:\/\/www.nonsolomodanews.it\/wordpress\/wp-json\/wp\/v2\/users\/1"}],"replies":[{"embeddable":true,"href":"https:\/\/www.nonsolomodanews.it\/wordpress\/wp-json\/wp\/v2\/comments?post=13325"}],"version-history":[{"count":9,"href":"https:\/\/www.nonsolomodanews.it\/wordpress\/wp-json\/wp\/v2\/posts\/13325\/revisions"}],"predecessor-version":[{"id":13337,"href":"https:\/\/www.nonsolomodanews.it\/wordpress\/wp-json\/wp\/v2\/posts\/13325\/revisions\/13337"}],"wp:featuredmedia":[{"embeddable":true,"href":"https:\/\/www.nonsolomodanews.it\/wordpress\/wp-json\/wp\/v2\/media\/13331"}],"wp:attachment":[{"href":"https:\/\/www.nonsolomodanews.it\/wordpress\/wp-json\/wp\/v2\/media?parent=13325"}],"wp:term":[{"taxonomy":"category","embeddable":true,"href":"https:\/\/www.nonsolomodanews.it\/wordpress\/wp-json\/wp\/v2\/categories?post=13325"},{"taxonomy":"post_tag","embeddable":true,"href":"https:\/\/www.nonsolomodanews.it\/wordpress\/wp-json\/wp\/v2\/tags?post=13325"}],"curies":[{"name":"wp","href":"https:\/\/api.w.org\/{rel}","templated":true}]}}