{"id":11691,"date":"2015-06-21T22:38:39","date_gmt":"2015-06-21T22:38:39","guid":{"rendered":"http:\/\/www.nonsolomodanews.it\/wordpress\/?p=11691"},"modified":"2015-09-03T22:40:35","modified_gmt":"2015-09-03T22:40:35","slug":"sharon-alario-e-giada-girardi-debuttano-il-24-giugno-2015-su-dixieland-radio-con-il-programma-picche-o-cuori","status":"publish","type":"post","link":"https:\/\/www.nonsolomodanews.it\/wordpress\/sharon-alario-e-giada-girardi-debuttano-il-24-giugno-2015-su-dixieland-radio-con-il-programma-picche-o-cuori\/","title":{"rendered":"Sharon Alario e Giada Girardi, debuttano il 24 giugno 2015 su Dixieland Radio con il programma Picche o Cuori"},"content":{"rendered":"<p>&lt;&lt;<em>M\u2019ama, non m\u2019ama, m\u2019ama, non m\u2019ama, m\u2019ama\u2026.questo \u00e8 il dilemma. Ma perch\u00e9 se mi ama non me lo dice direttamente? Intanto cos\u00ec noi donne distruggiamo centinaia di fiori alla ricerca della vera risposta<\/em>.&gt;&gt; Mentre i fiori nei prati iniziano a sparire sempre di pi\u00f9, sta arrivando la rubrica che porr\u00e0 fine alle vostre domande pi\u00f9 segrete sull\u2019amore.<\/p>\n<figure id=\"attachment_10587\" class=\"wp-caption alignright\" data-shortcode=\"caption\"><a href=\"https:\/\/nonsolomodanews.files.wordpress.com\/2015\/06\/logo-radio.jpg\"><img loading=\"lazy\" decoding=\"async\" class=\"size-thumbnail wp-image-10587\" src=\"https:\/\/nonsolomodanews.files.wordpress.com\/2015\/06\/logo-radio.jpg?w=150&amp;h=150\" alt=\"Dixieland Radio\" width=\"150\" height=\"150\" \/><\/a><figcaption id=\"figcaption_attachment_10587\" class=\"wp-caption-text\">Dixieland Radio<\/figcaption><\/figure>\n<p>Nella vita \u00e8 meglio vivere giocando la propria carta di cuori o \u00e8 meglio a volte lanciare un bel due di picche?\u00a0Chi non ha mai ricevuto un due di picche o dato un due di picche? Ebbene ora \u00e8 arrivato il momento che, di questi argomenti amorosi, se ne possa parlare in radio liberamente e questo avverr\u00e0 on line su <strong>Dixieland Radio<\/strong>, il programma sull\u2019amore condotto da <strong>Sharon Alario<\/strong> e <strong>Giada Girardi<\/strong>.<\/p>\n<p>\u201c<strong>Picche o Cuori<\/strong>\u201d \u00e8 il programma che da mercoled\u00ec 24 Giugno dalle 13:00 alle 15:00 su <strong><a href=\"http:\/\/www.dixieland.it\/\">Dixieland radio<\/a><\/strong> affronter\u00e0 questo tema.<\/p>\n<p>Chi dalle colonne di <strong>Nonsolomodanews<\/strong> non conosce <a href=\"http:\/\/nonsolomodanews.com\/2015\/05\/07\/nonsolomodanews-intervista-la-poliedrica-modella-presentatrice-e-show-girl-sharon-alario\/\">Sharon e Giada<\/a>? La prima, fotomodella, conduttrice e attrice (a breve la vedremo nuovamente al cinema in Infernet prodotto da Michele Cal\u00ec vulcanica ragazza di origine mantovane che negli ultimi anni ha visto la sua carriera aprirsi ad orizzonti nuovi) mentre la seconda, soubrette, modella e attrice dalle origini venete, e anche lei sulla strada per il successo?<\/p>\n<figure id=\"attachment_10589\" class=\"wp-caption alignright\" data-shortcode=\"caption\"><a href=\"https:\/\/nonsolomodanews.files.wordpress.com\/2015\/06\/sharon-e-giada-in-red-and-black.jpg\"><img loading=\"lazy\" decoding=\"async\" class=\"wp-image-10589 size-thumbnail\" src=\"https:\/\/nonsolomodanews.files.wordpress.com\/2015\/06\/sharon-e-giada-in-red-and-black.jpg?w=150&amp;h=150\" alt=\"Sharon e Giada in red and black\" width=\"150\" height=\"150\" \/><\/a><figcaption id=\"figcaption_attachment_10589\" class=\"wp-caption-text\">Sharon e Giada in red and black<\/figcaption><\/figure>\n<p><strong>Sharon e Giada<\/strong>\u00a0nel\u00a0programma radiofonico<strong> \u201cPicche o Cuori\u201d<\/strong> saranno le vostre &lt;&lt;<strong>cupide<\/strong>&gt;&gt; che sotto le note musicali delle Hit del momento renderanno i vostri pomeriggi divertenti e discuteranno con voi pubblico i segreti mai risolti sui piccoli problemi di cuore, vi attendono su sito \u201c<strong><a href=\"http:\/\/www.dixieland.it\/\">Dixieland radio<\/a><\/strong>\u201d oppure scaricando l\u2019app gratuita dal cellulare \u201cSpreaker.com\u201d .<\/p>\n<p>Attraverso chiamate e messaggi chiunque potr\u00e0 partecipare sentendosi protagonista.<\/p>\n<p>In bocca al lupo a <strong>Sharon&amp;Giada<\/strong> per questo debutto e invitiamo i lettori di Nonsolomodanews ad ascoltare il programma <strong>\u201cPicche o Cuori\u201d<\/strong> su <strong><a href=\"http:\/\/www.dixieland.it\/\">Dixieland Radio<\/a><\/strong>. Che aspettate?<\/p>\n<p>&nbsp;<\/p>\n<p><strong><a href=\"https:\/\/www.facebook.com\/bruno.a.porcellana\">Bruno Angelo Porcellana<\/a><\/strong><\/p>\n<p>&nbsp;<\/p>\n","protected":false},"excerpt":{"rendered":"<p>&lt;&lt;M&rsquo;ama, non m&rsquo;ama, m&rsquo;ama, non m&rsquo;ama, m&rsquo;ama&hellip;.questo &egrave; il dilemma. Ma perch&eacute; se mi ama non me lo dice direttamente? Intanto cos&igrave; noi donne distruggiamo centinaia di fiori alla ricerca della vera risposta.&gt;&gt; Mentre i fiori nei prati iniziano a sparire sempre di pi&ugrave;, sta arrivando la rubrica che porr&agrave; fine alle vostre domande pi&ugrave; segrete sull&rsquo;amore. Dixieland Radio Nella vita &egrave; meglio vivere giocando la propria carta di cuori o &egrave; meglio a volte lanciare un bel due di picche?&nbsp;Chi non ha mai ricevuto un due di picche o dato un due di picche? Ebbene ora &egrave; arrivato il momento che, di questi argomenti amorosi, se ne possa parlare in radio liberamente e questo avverr&agrave; on line su Dixieland Radio, il programma sull&rsquo;amore condotto da Sharon Alario e Giada Girardi. &ldquo;Picche o Cuori&rdquo; &egrave; il programma che da mercoled&igrave; 24 Giugno dalle 13:00 alle 15:00 su Dixieland radio affronter&agrave; questo tema. Chi dalle colonne di Nonsolomodanews non conosce Sharon e Giada? La prima, fotomodella, conduttrice e attrice (a breve la vedremo nuovamente al cinema in Infernet prodotto da Michele Cal&igrave; vulcanica ragazza di origine mantovane che negli ultimi anni ha visto la sua carriera aprirsi ad orizzonti nuovi) mentre [&hellip;]<\/p>\n","protected":false},"author":1,"featured_media":11692,"comment_status":"open","ping_status":"open","sticky":false,"template":"","format":"standard","meta":{"rop_custom_images_group":[],"rop_custom_messages_group":[],"rop_publish_now":"initial","rop_publish_now_accounts":[],"rop_publish_now_history":[],"rop_publish_now_status":"pending","footnotes":""},"categories":[16],"tags":[588,639,746,843,888,994,1036,1308,1464],"class_list":["post-11691","post","type-post","status-publish","format-standard","has-post-thumbnail","hentry","category-articolo","tag-fotomodella","tag-giada-girardi","tag-intervista","tag-lombardia","tag-mantova","tag-milano","tag-modella","tag-sharon-alario","tag-veneto"],"_links":{"self":[{"href":"https:\/\/www.nonsolomodanews.it\/wordpress\/wp-json\/wp\/v2\/posts\/11691","targetHints":{"allow":["GET"]}}],"collection":[{"href":"https:\/\/www.nonsolomodanews.it\/wordpress\/wp-json\/wp\/v2\/posts"}],"about":[{"href":"https:\/\/www.nonsolomodanews.it\/wordpress\/wp-json\/wp\/v2\/types\/post"}],"author":[{"embeddable":true,"href":"https:\/\/www.nonsolomodanews.it\/wordpress\/wp-json\/wp\/v2\/users\/1"}],"replies":[{"embeddable":true,"href":"https:\/\/www.nonsolomodanews.it\/wordpress\/wp-json\/wp\/v2\/comments?post=11691"}],"version-history":[{"count":1,"href":"https:\/\/www.nonsolomodanews.it\/wordpress\/wp-json\/wp\/v2\/posts\/11691\/revisions"}],"predecessor-version":[{"id":11693,"href":"https:\/\/www.nonsolomodanews.it\/wordpress\/wp-json\/wp\/v2\/posts\/11691\/revisions\/11693"}],"wp:featuredmedia":[{"embeddable":true,"href":"https:\/\/www.nonsolomodanews.it\/wordpress\/wp-json\/wp\/v2\/media\/11692"}],"wp:attachment":[{"href":"https:\/\/www.nonsolomodanews.it\/wordpress\/wp-json\/wp\/v2\/media?parent=11691"}],"wp:term":[{"taxonomy":"category","embeddable":true,"href":"https:\/\/www.nonsolomodanews.it\/wordpress\/wp-json\/wp\/v2\/categories?post=11691"},{"taxonomy":"post_tag","embeddable":true,"href":"https:\/\/www.nonsolomodanews.it\/wordpress\/wp-json\/wp\/v2\/tags?post=11691"}],"curies":[{"name":"wp","href":"https:\/\/api.w.org\/{rel}","templated":true}]}}