{"id":11646,"date":"2015-09-03T18:51:12","date_gmt":"2015-09-03T18:51:12","guid":{"rendered":"http:\/\/www.nonsolomodanews.it\/wordpress\/?p=11646"},"modified":"2015-12-01T16:00:00","modified_gmt":"2015-12-01T16:00:00","slug":"laura-di-tuccio-modella-che-sogna-di-calcare-le-passerelle-delle-fashion-weeks","status":"publish","type":"post","link":"https:\/\/www.nonsolomodanews.it\/wordpress\/laura-di-tuccio-modella-che-sogna-di-calcare-le-passerelle-delle-fashion-weeks\/","title":{"rendered":"Laura di Tuccio, modella che sogna di calcare le passerelle delle fashion weeks"},"content":{"rendered":"<p><strong>Laura Di Tuccio<\/strong>, 17 anni, 1,76 taglia 40, ha le misure da passerella, il temperamento giusto per stare davanti alla macchina fotografica, la determinazione di una sognatrice e la professionalit\u00e0 di chi ha scelto una strada. In effetti pi\u00f9 che un sogno \u00e8 stata una scelta per Laura, quella della passerella, spinta da una sua amica per la sua altezza. Appassionata di shopping (lo definisce un hobby) non disdegna essere ripresa fotograficamente. Come tutte le ragazze della sua et\u00e0 ha dei sogni nel cassetto ma non vi svelo nulla. <i><b><\/b><\/i><strong>Nonsolomodanews<\/strong> ha il piacere di presentare ai propri lettori questa giovanissima ragazza. Ringraziamo Laura per averci concesso questa intervista, a <strong>Pietro Cortese<\/strong> per averci concesso la possibilit\u00e0 di pubblicare alcuni scatti di un recente shooting realizzato con Laura.<!--more--><\/p>\n<p><i><b>Ciao, ti vuoi presentare? <\/b>\u201cSalve a tutti. Mi chiamo Laura Di Tuccio, sono nata a Napoli il 30 agosto del 1997 (compir\u00e0 18 anni a breve ndr), e sono cresciuta l\u00ec. Sono alta 176 centimetri\u00a0e la mia vita e\u00a0i\u00a0miei fianchi misurano rispettivamente 63 e 83 cm.\u00a0Di seno\u00a0porto una terza\u00a0 e la maggior parte delle mie scarpe sono numero 40. I miei capelli sono lunghi e di un biondo molto scuro, quasi nel castano. Gli occhi, invece, sono verdi. Il mio difetto pi\u00f9 grande \u00e8 arrivare sempre con almeno 40 minuti di\u00a0 ritardo. In compenso per\u00f2, so sempre come farmi perdonare, Sono una persona molto generosa con chi lo merita.\u00a0<\/i><\/p>\n<p align=\"LEFT\"><b>Benvenuta su Nonsolomodanews?<\/b><i>\u00a0\u201cGrazie mille per l\u2019occasione\u201d.<br \/>\n<\/i><b><\/b><\/p>\n<p align=\"LEFT\"><b>Che genere di modella ti definisci?\u00a0<\/b><i>\u201cMi definisco una modella fuori dal comune, con forme e lineamenti un po pi\u00f9 calcati rispetto a quelli di \u00a0una modella tradizionale. In oltre tutte le modelle hanno sempre un aria superba. A me invece piace ridere e scherzare in ogni situazione\u201d.<br \/>\n<\/i><\/p>\n<p align=\"LEFT\"><b>Come sei di carattere?\u00a0<\/b><i>\u201cSono una persona molto lunatica e indecisa. All\u2019apparenza sembro una ragazza determinata e sicura di s\u00e9. In realt\u00e0 ho sempre paura del giudizio degli altri\u201d.\u00a0<\/i><\/p>\n<p><b>Sei una persona curiosa?\u00a0<\/b><i>\u201c\u00a0Si, forse troppo<\/i><i>\u201d.\u00a0<\/i><i><br \/>\n<\/i><b>Quali sono\u00a0i\u00a0tuoi hobby?\u00a0\u00a0\u201c<\/b><i>Se fare shopping si pu\u00f2 definire tale, allora acquistare vestiti e scarpe \u00e8 il mio pi\u00f9 grande hobby, la trovo un\u2019attivit\u00e0 terapeutica.<\/i><i>\u201d.\u00a0<\/i><\/p>\n<p><b>Qual \u00e8 il tuo colore preferito?\u00a0\u00a0<\/b>\u201c<i>Amo\u00a0i\u00a0colori, ma il mio preferito \u00e8 il fucsia\u201d.\u00a0<\/i><\/p>\n<p><b>Quale musica ti piace?\u00a0<\/b><i>\u201cAmo la musica latina, non solo quella contemporanea,\u00a0 ma anche quella che ricorda ad esempio Cuba, la sua cultura e la sua storia<\/i><i>\u201d.\u00a0<\/i><\/p>\n<p><b>Cantante preferito?\u00a0<\/b>\u201c<i>Jovanotti.\u00a0<\/i><\/p>\n<p><b>Come ti sei avvicinata al mondo del modeling?\u00a0<\/b><i>\u201cUna mia amica mi continuava a ripetere che io dovessi fare la modella. Allora un giorno,tramite delle foto fatte in coppia con una miss professionista mi contattarono per partecipare ad un concorso che tra l\u2019altro vinsi. Da l\u00ec capii che stare dietro l\u2019obiettivo e sfilare in passerella mi faceva stare non bene, di pi\u00f9. Quando ero piccola odiavo la mia altezza. Da quando sfilo ho imparato ad apprezzare tutto di me, soprattutto quell\u2019altezza che prima detestavo<\/i><i>\u201d.\u00a0<\/i><\/p>\n<p><b>Ci racconti la tua prima volta davanti ad un fotografo?\u00a0<\/b><i>\u201cAvevo solo 14 anni e a dirla tutta mi sentivo pi\u00f9 libera e spensierata di quanto me ne senta adesso. Ero contenta perch\u00e9 davanti a me per la prima volta c\u2019erano decine di fotografi che avevano gli obiettivi puntati solo su di me<\/i><i>\u201d.\u00a0<\/i><\/p>\n<p><b>In una tua fotografia di ritratto che cosa noti immediatamente?\u00a0<\/b><i>\u201cNei mie primi piani guardo per prima cosa le labbra, e a seguire gli occhi<\/i><i>\u201d.\u00a0<\/i><\/p>\n<p><b>Quali sono le tue sensazioni quando vieni fotografata?\u00a0<\/b><i>\u201cOgni volta che vengo fotografata mi sento come se fosse la prima volta. Un mix perfetto tra inicurezza e sfacciataggine<\/i><i>\u201d.\u00a0<\/i><i>\u00a0<\/i><\/p>\n<p><b>Quali sono\u00a0i\u00a0generi fotografici che preferisci? <\/b>\u201dA<i>mo lo stile adottato da Terry Richardson, ma francamente non so se farei mai foto di quel genere<\/i><i>\u201d.\u00a0<\/i><i>\u00a0<\/i><\/p>\n<p><b>Hai un progetto fotografico che ti piacerebbe realizzare e perch\u00e8?\u00a0<\/b><i>\u201cIl progetto fotografico che mi piacerebbe realizzare \u00e8 uno shooting nel bel mezzo di un\u2019area tropicale, tra\u00a0palme, foglie e acqua cristallina. Uno shooting quasi ispirato a\u00a0Victoria\u2019s secret<\/i><i>\u201d.\u00a0<\/i><\/p>\n<p><b>Sogno nel cassetto che desidereresti realizzare?\u00a0<\/b><i>\u201cI miei sogni nel cassetto sono due: diventare una\u00a0donna\u00a0dello spettacolo, o diventare una\u00a0donna\u00a0in carriera che si occupa di giornalismo<\/i><i>\u201d.\u00a0<\/i><\/p>\n<p><b>Che cosa \u00e8 per te il fashion?<\/b><i>\u00a0\u201cIl FASHION per me \u00e8 tutto ci\u00f2 che \u00e8 a passo con la moda del momento\u201d.\u00a0<\/i><\/p>\n<p><b>Qual \u00e8 il\u00a0capo\u00a0di vestiario che ami di pi\u00f9 e quello di meno?\u00a0\u00a0<\/b><i><b>\u201c<\/b><\/i><i>Il \u00a0capo\u00a0che amo di pi\u00f9 \u00e8 la giacca, viceversa quello che odio e che non indosserei mai \u00e8 il\u00a0bermuda<\/i><i>\u201d.\u00a0<\/i><\/p>\n<p><b>Scarpe basse o tacchi?\u00a0\u00a0<\/b><i><b>\u201c<\/b><\/i><i>Tacchi<\/i><i>\u201d.\u00a0<\/i><\/p>\n<p><b>Un accessorio che non manca mai quando esci da casa?\u00a0<\/b>\u201c<i>Gli accessori a cui non posso rinunciare sono orologi e anelli\u201d.\u00a0<\/i><\/p>\n<p><b>Ti piace viaggiare o sei una sedentaria?\u00a0<\/b><i>\u201cSi, amo viaggiare.. mi permette di evadere dalla monotonia di tutti\u00a0i\u00a0giorni<\/i><i>\u201d.\u00a0<\/i><\/p>\n<p><b>Grazie!<\/b><\/p>\n<p style=\"text-align: center;\"><span style=\"color: #000000;\">I credits delle fotografie appartengono\u00a0ad\u00a0Laura di Tuccio<\/span><br \/>\n<span style=\"color: #000000;\">Tutti i diritti riservati \u00a9 2015\u2013 Email: nonsolomodanews@nonsolomodanews.it<\/span><\/p>\n","protected":false},"excerpt":{"rendered":"<p>Laura Di Tuccio, 17 anni, 1,76 taglia 40, ha le misure da passerella, il temperamento giusto per stare davanti alla macchina fotografica, la determinazione di una sognatrice e la professionalit&agrave; di chi ha scelto una strada. In effetti pi&ugrave; che un sogno &egrave; stata una scelta per Laura, quella della passerella, spinta da una sua amica per la sua altezza. Appassionata di shopping (lo definisce un hobby) non disdegna essere ripresa fotograficamente. Come tutte le ragazze della sua et&agrave; ha dei sogni nel cassetto ma non vi svelo nulla. Nonsolomodanews ha il piacere di presentare ai propri lettori questa giovanissima ragazza. Ringraziamo Laura per averci concesso questa intervista, a Pietro Cortese per averci concesso la possibilit&agrave; di pubblicare alcuni scatti di un recente shooting realizzato con Laura.<\/p>\n","protected":false},"author":1,"featured_media":11665,"comment_status":"open","ping_status":"open","sticky":false,"template":"","format":"standard","meta":{"rop_custom_images_group":[],"rop_custom_messages_group":[],"rop_publish_now":"initial","rop_publish_now_accounts":[],"rop_publish_now_history":[],"rop_publish_now_status":"pending","footnotes":""},"categories":[16],"tags":[1532,281,297,588,1533,1036,1072,1099,1162],"class_list":["post-11646","post","type-post","status-publish","format-standard","has-post-thumbnail","hentry","category-articolo","tag-1532","tag-bruno-angelo-porcellana","tag-campania","tag-fotomodella","tag-laura-di-tuccio","tag-modella","tag-napoli","tag-nonsolomodanews","tag-pietro-cortese"],"_links":{"self":[{"href":"https:\/\/www.nonsolomodanews.it\/wordpress\/wp-json\/wp\/v2\/posts\/11646","targetHints":{"allow":["GET"]}}],"collection":[{"href":"https:\/\/www.nonsolomodanews.it\/wordpress\/wp-json\/wp\/v2\/posts"}],"about":[{"href":"https:\/\/www.nonsolomodanews.it\/wordpress\/wp-json\/wp\/v2\/types\/post"}],"author":[{"embeddable":true,"href":"https:\/\/www.nonsolomodanews.it\/wordpress\/wp-json\/wp\/v2\/users\/1"}],"replies":[{"embeddable":true,"href":"https:\/\/www.nonsolomodanews.it\/wordpress\/wp-json\/wp\/v2\/comments?post=11646"}],"version-history":[{"count":5,"href":"https:\/\/www.nonsolomodanews.it\/wordpress\/wp-json\/wp\/v2\/posts\/11646\/revisions"}],"predecessor-version":[{"id":13677,"href":"https:\/\/www.nonsolomodanews.it\/wordpress\/wp-json\/wp\/v2\/posts\/11646\/revisions\/13677"}],"wp:featuredmedia":[{"embeddable":true,"href":"https:\/\/www.nonsolomodanews.it\/wordpress\/wp-json\/wp\/v2\/media\/11665"}],"wp:attachment":[{"href":"https:\/\/www.nonsolomodanews.it\/wordpress\/wp-json\/wp\/v2\/media?parent=11646"}],"wp:term":[{"taxonomy":"category","embeddable":true,"href":"https:\/\/www.nonsolomodanews.it\/wordpress\/wp-json\/wp\/v2\/categories?post=11646"},{"taxonomy":"post_tag","embeddable":true,"href":"https:\/\/www.nonsolomodanews.it\/wordpress\/wp-json\/wp\/v2\/tags?post=11646"}],"curies":[{"name":"wp","href":"https:\/\/api.w.org\/{rel}","templated":true}]}}