{"id":11642,"date":"2015-09-03T18:29:37","date_gmt":"2015-09-03T18:29:37","guid":{"rendered":"http:\/\/www.nonsolomodanews.it\/wordpress\/?p=11642"},"modified":"2015-09-03T18:53:09","modified_gmt":"2015-09-03T18:53:09","slug":"silvia-pucci-una-giovanissima-ragazza-di-latina-con-molti-sogni-nel-cassetto","status":"publish","type":"post","link":"https:\/\/www.nonsolomodanews.it\/wordpress\/silvia-pucci-una-giovanissima-ragazza-di-latina-con-molti-sogni-nel-cassetto\/","title":{"rendered":"Silvia Pucci, una giovanissima ragazza di Latina con molti sogni nel cassetto"},"content":{"rendered":"<p align=\"JUSTIFY\"><strong><b>Nonsolomodanews<\/b><\/strong>\u00a0ha il piacere di presentare ai propri lettori la giovanissima (compir\u00e0 19 anni il prossimo 24 ottobre,\u00a0<strong><b>Silvia Pucci<\/b><\/strong>. Silvia \u00e8 di Latina e seppur molto giovane ha gi\u00e0 alle spalle varie partecipazioni a concorsi dove si \u00e8 affermata come miss latina 2013, miss fotomodella italiana talent girl 2014\u00a0e\u00a0miss un volto per il cinema 2014. Recentemente \u00e8 stata protagonista del videoclip &lt;&lt;<strong>Puoi credermi ancora<\/strong>&gt;&gt; del gruppo musicale <strong>This Place<\/strong>. Si definisce impulsiva e ama i felini. Ringraziamo Silvia per averci concesso questa intervista, ringraziamo <strong>La Fotomodella Italiana<\/strong> per averci fatto conoscere Silvia e auguriamo ai lettori di <strong>Nonsolomodanews<\/strong> buona lettura.<!--more--><\/p>\n<p><b>Ciao ti vuoi presentare?<\/b><i>\u201cCiao, mi chiamo <\/i><i>Silvia Pucci, 18 anni, sono nata a Latina il 24 \u00a0e ottobre 1996.\u00a0<\/i><i>Le mie misure sono 80(seno)-62 (vita)-90 (fianchi). Peso: 45 kg. 168 cm di altezza e 37-38 n. scarpe. \u00a0<\/i><i>Capelli: Castani, corti Occhi: marroni.\u00a0<\/i><i>Ho frequentato il liceo scientifico, ho fatto la maturit\u00e0 quest\u2019anno, amo molto viaggiare. Sono stata di recente la protagonista di un videoclip (PUOI ANCORA CREDERMI dei This Place. ndr).Adoro la moda e lo spettacolo\u201d<\/i><\/p>\n<p><b>Quando hai iniziato a fare la fotomodella e a posare?<\/b><i> \u201cHo iniziato a posare come fotomodella all\u2019et\u00e0 di 16 anni\u201d.<\/i><\/p>\n<p><b>Come sei di carattere?<\/b><i> Ho un carattere particolare, almeno cos\u00ec mi hanno riferito, sono molto impulsiva, forse troppo, ma anche solare, socievole e semplice\u201d.<\/i><\/p>\n<p><b>Sei una persona curiosa?<\/b><i><b> <\/b><\/i><i>\u201c<\/i><i>Si, credo di essere una persona curiosa, tutto mi incuriosisce\u201d.<\/i><\/p>\n<p><strong>Colore preferito?<\/strong><i> Celeste\u201d.<\/i><\/p>\n<p><b>Fiore preferito? <\/b>\u201c<i>Amo la natura in generale, per\u00f2 credo che il mio fiore preferito sia il giacinto, e anche l\u2019orchidea\u201d.<\/i><\/p>\n<p><b>Animale preferito? <\/b><i>\u201cI felini, per la loro astuzia e eleganza\u201d.<\/i><\/p>\n<p><b>Sport preferito?<\/b><i>\u00a0\u201cDanzare !!!!! perch\u00e9 tramite la danza \u00e8 possibile esprimerei propri sentimenti, a seconda del tipo di ballo. Hip-hop e video dance sono le mie preferite, ho ballato per 12 anni\u201d.<\/i><\/p>\n<p><b>Quali sono i tuoi hobby?<\/b><i><b>\u00a0<\/b>\u201cI<\/i><i>\u00a0miei hobby sono, oltre la danza, la recitazione, e il modelling\u201d.<\/i><\/p>\n<p><b>In una fotografia di ritratto che cosa noti immediatamente?<\/b><i> \u201cGli occhi, perch\u00e9 l\u2019intensit\u00e0 di questi \u00e8 possibile esprimere le proprie emozioni, sempre diverse\u201d.<\/i><\/p>\n<p><b>Ti ricordi la prima volta che hai posato?<\/b><i> \u201cSi, lo ricordo benissimo: avevo 16 anni e dovevo interpretare il cappellaio matto di \u201cAlice in Wonderland\u201d, in una rivisitazione. Queste foto dovevano essere scattate in sala pose, con sfondo nero.. Entrata per la prima volta in questa sala pose molto cupa, e con musica tetra.. stupefatta! L\u2019unica cosa che sono riuscita a dire : \u201cWOW, il mio sogno si avvera!\u201d.<\/i><\/p>\n<p><b>Quali sono le tue sensazioni quando vieni fotografata? Ce le vuoi raccontare? <\/b>\u201c<i>E\u2019 complicato riuscire a dare una risposta a questa domanda.. quando vengo fotografata mi sento me stessa, provo una sensazione di libert\u00e0 e gioia incredibile, cerco sempre di dare il meglio. Inoltre ho recentemente trovato delle mie foto da bambina, ed ero in posa, quindi \u00e8 una passione nata molto tempo fa\u201d.<\/i><\/p>\n<p><b>Pensi che un buon book fotografico sia importante ai fini lavorativi?<\/b><i> \u201cSI!! Secondo me, \u00e8 molto importante avere un book fotografico variegato in questo ambiente\u201d.<\/i><\/p>\n<p><b>Quali sono i generi fotografici che preferisci? <\/b><i>Preferisco il genere Glamour, Swimwear, ma soprattutto adoro fare servizi fotografici originali nel quale sperimentare nuove pose\u201d.<\/i><\/p>\n<p><b>Che cosa \u00e8 per te la moda e qual \u00e8 il tuo rapporto?<\/b><i> \u201cModa per me vuol dire \u201cespressione di se stessi\u201d sia in passerella, che in fotografia e nella progettazione di abiti, pu\u00f2 far uscire l\u2019io interiore, ci\u00f2 che si \u00e8 veramente\u201d.<\/i><\/p>\n<p><b>Chi \u00e8 il tuo fashion designer preferito? \u201c<\/b><i>Karl Lagerfeld, direttore creativo della casa di moda Chanel e la casa di moda italiana Fendi\u201d.<\/i><\/p>\n<p><b>La tua TopModel preferita? \u201c<\/b><i>Kate Moss, poich\u00e9 nonostante la sua piccola statura \u00e8 riuscita ad arrivare tra le \u201cTOP\u201d, superando tutti gli ostacoli e gli stereotipi del mondo della moda.. \u00e8 per me un modello da seguire\u201d.<\/i><\/p>\n<p align=\"JUSTIFY\"><b>Tu sfili anche, che sensazione provi quando sei sulla passerella?<\/b><i> \u201cSi, sfilo!! Ogni volta che sono su una passerella, in quei 30 secondi, provo una sensazione indescrivibile, \u00e8 come se il tempo si fermasse, e l\u2019unica cosa che importa \u00e8 riuscire a dare vita all\u2019abito che indosso\u201d.<\/i><\/p>\n<p><b>Qual \u00e8 il capo di vestiario che ami di pi\u00f9 e quello di meno?<\/b><i> \u201cNon c\u2019\u00e8 un capo che amo di pi\u00f9 e uno che amo di meno, cerco sempre di vestirmi a seconda della situazione, e secondo il luogo in cui devo recarmi\u201d.<\/i><\/p>\n<p><b>Scarpe basse o tacchi?<\/b><i> \u201cEntrambe !!!\u201d.<\/i><\/p>\n<p><b>Hai un progetto fotografico che ti piacerebbe realizzare e perch\u00e9?<\/b><i> \u201cSi, mi piacerebbe realizzare un servizio fotografico in acqua, oppure uno di quei servizi alla Victoria\u2019s Secret\u2026 ma non solo, ho molte idee\u201d.<\/i><\/p>\n<p><b>Sei smartphone dipendente? <\/b><i>\u201cNo, mi piace pubblicare qualche foto, ma sempre con giusto limite<\/i><\/p>\n<p><i>Pensi che siano utili o li consideri dei perditempo? Sono utili solamente per trovare la strada quando ti perdi, oppure per contattare i propri cari, ma per il resto li considero quasi inutili\u201d.<\/i><\/p>\n<p><b>Sogni nel cassetto che desideri realizzare?<\/b><i> \u201cLa mia ambizione \u00e8 quella di laurearmi, in chimica, ma il mio sogno nel cassetto \u00e8 quello di entrare a far parte del mondo della moda. Vediamo che accade \u2026\u201d.<\/i><\/p>\n<p>Grazie Silvia e in bocca al lupo per il tuo futuro!<\/p>\n<p>\u201c<i>Grazie a lei!!!\u201d.<\/i><\/p>\n<p><b>Bruno Angelo Porcellana<\/b><\/p>\n<div style=\"width:100%\"><div class=\"wd_error\"><p><strong>Nessuna galleria selezionata o \u00e8 stata eliminata.<\/strong><\/p><\/div><\/div>\n","protected":false},"excerpt":{"rendered":"<p>Nonsolomodanews&nbsp;ha il piacere di presentare ai propri lettori la giovanissima (compir&agrave; 19 anni il prossimo 24 ottobre,&nbsp;Silvia Pucci. Silvia &egrave; di Latina e seppur molto giovane ha gi&agrave; alle spalle varie partecipazioni a concorsi dove si &egrave; affermata come miss latina 2013, miss fotomodella italiana talent girl 2014&nbsp;e&nbsp;miss un volto per il cinema 2014. Recentemente &egrave; stata protagonista del videoclip &lt;&lt;Puoi credermi ancora&gt;&gt; del gruppo musicale This Place. Si definisce impulsiva e ama i felini. Ringraziamo Silvia per averci concesso questa intervista, ringraziamo La Fotomodella Italiana per averci fatto conoscere Silvia e auguriamo ai lettori di Nonsolomodanews buona lettura.<\/p>\n","protected":false},"author":1,"featured_media":11643,"comment_status":"open","ping_status":"open","sticky":false,"template":"","format":"standard","meta":{"rop_custom_images_group":[],"rop_custom_messages_group":[],"rop_publish_now":"initial","rop_publish_now_accounts":[],"rop_publish_now_history":[],"rop_publish_now_status":"pending","footnotes":""},"categories":[16],"tags":[281,1528,1529,819,1099,1530,1531,1478],"class_list":["post-11642","post","type-post","status-publish","format-standard","has-post-thumbnail","hentry","category-articolo","tag-bruno-angelo-porcellana","tag-la-modella-italiana","tag-latina","tag-lazio","tag-nonsolomodanews","tag-silvia-pucci","tag-this-place","tag-videoclip"],"_links":{"self":[{"href":"https:\/\/www.nonsolomodanews.it\/wordpress\/wp-json\/wp\/v2\/posts\/11642","targetHints":{"allow":["GET"]}}],"collection":[{"href":"https:\/\/www.nonsolomodanews.it\/wordpress\/wp-json\/wp\/v2\/posts"}],"about":[{"href":"https:\/\/www.nonsolomodanews.it\/wordpress\/wp-json\/wp\/v2\/types\/post"}],"author":[{"embeddable":true,"href":"https:\/\/www.nonsolomodanews.it\/wordpress\/wp-json\/wp\/v2\/users\/1"}],"replies":[{"embeddable":true,"href":"https:\/\/www.nonsolomodanews.it\/wordpress\/wp-json\/wp\/v2\/comments?post=11642"}],"version-history":[{"count":3,"href":"https:\/\/www.nonsolomodanews.it\/wordpress\/wp-json\/wp\/v2\/posts\/11642\/revisions"}],"predecessor-version":[{"id":11651,"href":"https:\/\/www.nonsolomodanews.it\/wordpress\/wp-json\/wp\/v2\/posts\/11642\/revisions\/11651"}],"wp:featuredmedia":[{"embeddable":true,"href":"https:\/\/www.nonsolomodanews.it\/wordpress\/wp-json\/wp\/v2\/media\/11643"}],"wp:attachment":[{"href":"https:\/\/www.nonsolomodanews.it\/wordpress\/wp-json\/wp\/v2\/media?parent=11642"}],"wp:term":[{"taxonomy":"category","embeddable":true,"href":"https:\/\/www.nonsolomodanews.it\/wordpress\/wp-json\/wp\/v2\/categories?post=11642"},{"taxonomy":"post_tag","embeddable":true,"href":"https:\/\/www.nonsolomodanews.it\/wordpress\/wp-json\/wp\/v2\/tags?post=11642"}],"curies":[{"name":"wp","href":"https:\/\/api.w.org\/{rel}","templated":true}]}}