{"id":11435,"date":"2013-04-19T21:35:12","date_gmt":"2013-04-19T21:35:12","guid":{"rendered":"http:\/\/nonsolomodanews.wordpress.com\/?p=97"},"modified":"2013-04-19T21:35:12","modified_gmt":"2013-04-19T21:35:12","slug":"intervista-a-giulia-rocambole-modella-e-fotomodella-ama-la-fotografia-e-ovviamente-essere-fotografata","status":"publish","type":"post","link":"https:\/\/www.nonsolomodanews.it\/wordpress\/intervista-a-giulia-rocambole-modella-e-fotomodella-ama-la-fotografia-e-ovviamente-essere-fotografata\/","title":{"rendered":"Intervista a Giulia Rocambole, modella e fotomodella. Ama la fotografia e ovviamente essere fotografata."},"content":{"rendered":"<div id=\"attachment_107\" style=\"width: 210px\" class=\"wp-caption aligncenter\"><a href=\"http:\/\/nonsolomodanews.files.wordpress.com\/2013\/04\/giulia_rocambole241.jpg\"><img loading=\"lazy\" decoding=\"async\" aria-describedby=\"caption-attachment-107\" class=\"size-medium wp-image-107\" alt=\"Giulia Rocambole\" src=\"http:\/\/nonsolomodanews.files.wordpress.com\/2013\/04\/giulia_rocambole241.jpg?w=200\" width=\"200\" height=\"300\" \/><\/a><p id=\"caption-attachment-107\" class=\"wp-caption-text\">Giulia Rocambole<\/p><\/div>\n<p>Giulia Rocambole, modella e fotomodella. Giovanissima. Abita a Ferrara. Appassionata d\u2019arte e fotografia; adora fotografare ed essere fotografata nella stessa maniera. Studentessa all&#8217;universit\u00e0, si definisce &#8220;una ragazza solare, divertente, molto creativa e fantasiosa&#8221;. Da quello che sappiamo cerca di mettere un po\u2019 di se stessa in tutto ci\u00f2 che fa.<\/p>\n<p>Ciao Giulia e grazie per questa intervista.<br \/>\n<em>\u201cGrazie a voi per questa bella opportunit\u00e0!\u201d<\/em><\/p>\n<p><strong>Chi \u00e8 Giulia Rocambole, ti vuoi presentare ai nostri lettori?<\/strong><br \/>\n<em>\u201cGiulia Rocambole \u00e8 una studentessa universitaria, appassionata d\u2019arte e fotografia. Ha 19 anni e nel tempo libero posa come fotomodella per fotografi interessati alla sua figura anche spostandosi dalla sua citt\u00e0. Vive a Ferrara da quando \u00e8 nata, adora viaggiare e in particolare visitare citt\u00e0 nuove.\u201d<\/em><\/p>\n<p><strong>Le tue misure, tanto per non sbagliare?<\/strong><br \/>\n<em>\u201caltezza 165 \u2013 peso 45 \u2013 taglia 38 \u2013 scarpe 37\/38 \u2013 misure 74 \u2013 58 &#8211; 81&#8243;<\/em><\/p>\n<p><strong>Cognome particolare il tuo&#8230; lo sai che il termine rocambolesco deriva da un signore francese che si chiamava Rocambole che era una persona che aveva doti particolari&#8230;<\/strong><br \/>\n<em>\u201cConosco abbastanza bene la storia del mio cognome, Rocambole era il protagonista di diversi romanzi di uno scrittore francese, un avventuriero e ladro gentiluomo (una specie di Arsenio Lupin) il termine rocambolesco viene usato spesso per descrivere azioni audaci, spericolate e avventurose. Come me, anche il mio cognome ha origine francese, anche si pronuncia all\u2019italiana Roc\u00e0mbole.\u201d<\/em><\/p>\n<p><strong><em>Tu sei di Ferrara, cosa rappresenta per te la citt\u00e0 degli Estensi?<\/em><\/strong><br \/>\n\u201c<em>Vivo a Ferrara da quando sono nata, la mia citt\u00e0 di per s\u00e9 la trovo molto bella e ricca di patrimonio artistico (e di bicilette).\u201d<\/em><\/p>\n<div id=\"attachment_106\" style=\"width: 310px\" class=\"wp-caption aligncenter\"><a href=\"http:\/\/nonsolomodanews.files.wordpress.com\/2013\/04\/giulia_rocambole181.jpg\"><img loading=\"lazy\" decoding=\"async\" aria-describedby=\"caption-attachment-106\" class=\"size-medium wp-image-106\" alt=\"Giulia Rocambole\" src=\"http:\/\/nonsolomodanews.files.wordpress.com\/2013\/04\/giulia_rocambole181.jpg?w=300\" width=\"300\" height=\"200\" \/><\/a><p id=\"caption-attachment-106\" class=\"wp-caption-text\">Giulia Rocambole<\/p><\/div>\n<p><strong>Quando hai iniziato a fare la modella? Come \u00e8 iniziata la tua carriera?<\/strong><br \/>\n<em>\u201cEssendo anche appassionata di fotografia inizialmente mi auto-fotografavo e da l\u00ec a poco sono partite alcune richieste di collaborazione. Ho iniziato a posare come modella quasi per gioco circa un anno fa, ed ora eccomi qui.\u201d<\/em><\/p>\n<p><strong>C&#8217;\u00e8 qualcuno in particolare che vuoi ringraziare?<\/strong><br \/>\n<em>\u201cUn ringraziamento speciale lo devo sicuramente al mio compagno, che mi ha sempre sostenuta e ha creduto in me e nelle mie potenzialit\u00e0.\u201d<\/em><\/p>\n<p><strong>Tu stai frequentando il corso di laurea di Scienze e Tecnologie della Comunicazione che fa parte di Lettere e filosofia. Vuoi fare la giornalista?<\/strong><br \/>\n<em>&#8220;No, a dire il vero da grande vorrei diventare fotografa e designer&#8221;<\/em><\/p>\n<div id=\"attachment_102\" style=\"width: 310px\" class=\"wp-caption alignright\"><a href=\"http:\/\/nonsolomodanews.files.wordpress.com\/2013\/04\/529471_10200964289059771_1995793741_n.jpg\"><img loading=\"lazy\" decoding=\"async\" aria-describedby=\"caption-attachment-102\" class=\"size-medium wp-image-102\" alt=\"Giulia Rocambole\" src=\"http:\/\/nonsolomodanews.files.wordpress.com\/2013\/04\/529471_10200964289059771_1995793741_n.jpg?w=300\" width=\"300\" height=\"200\" \/><\/a><p id=\"caption-attachment-102\" class=\"wp-caption-text\">Giulia Rocambole<\/p><\/div>\n<p><strong>Cosa significa fare la modella a 20 anni, indipendenza economica o altro?<\/strong><br \/>\n<em>&#8220;Principalmente poso come modella per divertimento ma ovviamente per spostamenti fuori dalla mia citt\u00e0 chiedo un compenso per non rischiare di perderci nulla. Adoro essere fotografata e davanti alla macchina fotografica mi sento realmente me stessa, e credetemi&#8230;non c&#8217;\u00e8 cosa pi\u00f9 bella! Vivo ancora con i miei genitori, di indipendenza economica per il momento non se ne parla, almeno non prima della laurea.&#8221;<\/em><\/p>\n<p><strong>Tu non fai n\u00e8 nudo n\u00e8 trasparenze. Perch\u00e9? Qualcosa contro questi generi?<\/strong><br \/>\n<em>&#8220;Preferisco darmi dei limiti, non mi sentirei a mio agio a posare completamente nuda davanti ad un fotografo. Ma non ho nulla di personale contro questo genere&#8221;.<\/em><\/p>\n<div id=\"attachment_105\" style=\"width: 210px\" class=\"wp-caption aligncenter\"><a href=\"http:\/\/nonsolomodanews.files.wordpress.com\/2013\/04\/giulia_rocambole101.jpg\"><img loading=\"lazy\" decoding=\"async\" aria-describedby=\"caption-attachment-105\" class=\"size-medium wp-image-105\" alt=\"Giulia Rocambole\" src=\"http:\/\/nonsolomodanews.files.wordpress.com\/2013\/04\/giulia_rocambole101.jpg?w=200\" width=\"200\" height=\"300\" \/><\/a><p id=\"caption-attachment-105\" class=\"wp-caption-text\">Giulia Rocambole<\/p><\/div>\n<p><strong>Come sei di carattere e come ti definiresti?<\/strong><br \/>\n<em>\u201cMi ritengo una ragazza molto socievole, solare, attiva e determinata.\u201c<\/em><br \/>\n<strong>Qual \u00e8 la parte pi\u00f9 fotografata della tua persona?<\/strong><\/p>\n<p><em>\u201cSicuramente il mio viso, che in molti definiscono particolare. Oltre a questo, anche il mio corpo.\u201d<\/em><\/p>\n<p><strong>Sei una ragazza che valuta chi ti offre l&#8217;opportunit\u00e0 di lavorare, ovvero chiedi il progetto e dai una risposta o ti butti?<\/strong><br \/>\n<em>\u201cValuto molto attentamente i progetti che mi propongono prima di dare risposta certa, inoltre valuto anche la professionalit\u00e0 del fotografo e la qualit\u00e0 dei precedenti lavori.\u201d<\/em><\/p>\n<p><strong>Hai fatto corsi particolari di &#8220;modeling&#8221;?<\/strong><br \/>\n<em>\u201cNo, non ho mai fatto corsi specifici di modeling, ho imparato (e sto imparando) a posare da sola acquisendo un po\u2019di esperienza.\u201d<\/em><\/p>\n<div id=\"attachment_103\" style=\"width: 210px\" class=\"wp-caption alignleft\"><a href=\"http:\/\/nonsolomodanews.files.wordpress.com\/2013\/04\/534164_10200968011392827_1211281240_n1.jpg\"><img loading=\"lazy\" decoding=\"async\" aria-describedby=\"caption-attachment-103\" class=\"size-medium wp-image-103\" alt=\"Giulia Rocambole\" src=\"http:\/\/nonsolomodanews.files.wordpress.com\/2013\/04\/534164_10200968011392827_1211281240_n1.jpg?w=200\" width=\"200\" height=\"300\" srcset=\"https:\/\/www.nonsolomodanews.it\/wordpress\/wp-content\/uploads\/2013\/04\/534164_10200968011392827_1211281240_n1.jpg 640w, https:\/\/www.nonsolomodanews.it\/wordpress\/wp-content\/uploads\/2013\/04\/534164_10200968011392827_1211281240_n1-200x300.jpg 200w\" sizes=\"auto, (max-width: 200px) 100vw, 200px\" \/><\/a><p id=\"caption-attachment-103\" class=\"wp-caption-text\">Giulia Rocambole<\/p><\/div>\n<p><strong>C&#8217;\u00e8 qualcuno in famiglia che ha visto il talento in te di modella\/fotomodella e se si, chi?<\/strong><br \/>\n<em>&#8220;Ho scoperto questa mia passione da sola circa un anno fa e fin dall&#8217;inizio ho avuto l&#8217;appoggio del mio compagno.&#8221;<\/em><\/p>\n<p><strong>Che cosa apprezzi di pi\u00f9 del tuo fisico?<\/strong><br \/>\n\u201cLa mia pancia piatta<em> e le mie gambe.\u201d<\/em><\/p>\n<p><strong>Che cosa ti piace di pi\u00f9 della cucina ferrarese?<\/strong><br \/>\n\u201c<em>Direi un po\u2019tutto, ma in particolare i capelletti in brodo, le lasagne al forno, i capellacci di zucca con il rag\u00f9 e\u2026salama con purea (specialmente quello che fa mia nonna!)<\/em><\/p>\n<p><strong>Il rapporto con il cibo?<\/strong><\/p>\n<p>\u201cMolte persone mi definiscono una mangiona, non mi vergono a dirlo. Adoro mangiare, specialmente frutta e verdura.\u201d<br \/>\n<strong>Oltre al modeling e all&#8217;universit\u00e0, hai tempo da dedicare ai tuoi hobby e se si, quali sono?<\/strong><\/p>\n<p><em>\u201cPurtroppo da quando ho iniziato ad andare all\u2019universit\u00e0 ho poco tempo da dedicare ai miei hobby. Uno dei miei preferiti \u00e8 la fotografia, oltre a questo adoro cucinare dolcetti e fare shopping con le amiche.\u201d<\/em><br \/>\n<strong>Internet in generale e poi Facebook, Twitter e gli altri social network. Qual\u2019\u00e8 il tuo rapporto con la tecnologia?<\/strong><\/p>\n<p><em>\u201cHo un bel rapporto con la tecnologia, questo \u00e8 uno dei motivi per cui ho scelto il mio corso di studi. Spesso quel che non so lo \u201cdomando\u201d ad Internet e ci\u00f2 mi \u00e8 di aiuto. Sono iscritta a Facebook che mi tiene in contatto con i miei amici e mi aggiorna sulle news del giorno e fino a pochi mesi fa ero anche su Twitter&#8221;.<\/em><br \/>\n<strong>Sei una schiava della tecnologia?<\/strong><\/p>\n<p><em>\u201cNon mi definirei cos\u00ec, ma si in effetti forse lo sono\u2026\u201d<\/em><br \/>\n<a href=\"http:\/\/nonsolomodanews.files.wordpress.com\/2013\/04\/547624_10200982948486245_313504626_n1.jpg\"><img loading=\"lazy\" decoding=\"async\" class=\"alignleft size-medium wp-image-104\" alt=\"547624_10200982948486245_313504626_n\" src=\"http:\/\/nonsolomodanews.files.wordpress.com\/2013\/04\/547624_10200982948486245_313504626_n1.jpg?w=300\" width=\"300\" height=\"200\" srcset=\"https:\/\/www.nonsolomodanews.it\/wordpress\/wp-content\/uploads\/2013\/04\/547624_10200982948486245_313504626_n1.jpg 960w, https:\/\/www.nonsolomodanews.it\/wordpress\/wp-content\/uploads\/2013\/04\/547624_10200982948486245_313504626_n1-300x200.jpg 300w\" sizes=\"auto, (max-width: 300px) 100vw, 300px\" \/><\/a><\/p>\n<p><strong>Che telefono hai?<\/strong><br \/>\n<em>\u201cIl mio telefono \u00e8 un Samsung Galaxy s2\u201d<\/em><\/p>\n<p>Grazie Giulia per averci concesso questa intervista.<\/p>\n<div>\u00a0<\/div>\n<p><a href=\"http:\/\/www.glamourit.wordpress.com\/giulia-rocambole\/\">www.glamourit.wordpress.com\/giulia-rocambole\/<\/a><br \/>\nhttps:\/\/www.facebook.com\/pages\/Giulia-Rocambole-MODEL\/210753365732784<\/p>\n<p><a href=\"https:\/\/www.facebook.com\/#!\/giulia.rocambole.5\">https:\/\/www.facebook.com\/#!\/giulia.rocambole.5<\/a><\/p>\n","protected":false},"excerpt":{"rendered":"<p>Giulia Rocambole, modella e fotomodella. Giovanissima. Abita a Ferrara. Appassionata d&rsquo;arte e fotografia; adora fotografare ed essere fotografata nella stessa maniera. Studentessa all&rsquo;universit&agrave;, si definisce &ldquo;una ragazza solare, divertente, molto creativa e fantasiosa&rdquo;. Da quello che sappiamo cerca di mettere un po&rsquo; di se stessa in tutto ci&ograve; che fa. Ciao Giulia e grazie per questa intervista. &ldquo;Grazie a voi per questa bella opportunit&agrave;!&rdquo; Chi &egrave; Giulia Rocambole, ti vuoi presentare ai nostri lettori? &ldquo;Giulia Rocambole &egrave; una studentessa universitaria, appassionata d&rsquo;arte e fotografia. Ha 19 anni e nel tempo libero posa come fotomodella per fotografi interessati alla sua figura anche spostandosi dalla sua citt&agrave;. Vive a Ferrara da quando &egrave; nata, adora viaggiare e in particolare visitare citt&agrave; nuove.&rdquo; Le tue misure, tanto per non sbagliare? &ldquo;altezza 165 &ndash; peso 45 &ndash; taglia 38 &ndash; scarpe 37\/38 &ndash; misure 74 &ndash; 58 &ndash; 81&Prime; Cognome particolare il tuo&hellip; lo sai che il termine rocambolesco deriva da un signore francese che si chiamava Rocambole che era una persona che aveva doti particolari&hellip; &ldquo;Conosco abbastanza bene la storia del mio cognome, Rocambole era il protagonista di diversi romanzi di uno scrittore francese, un avventuriero e ladro gentiluomo (una specie di Arsenio [&hellip;]<\/p>\n","protected":false},"author":1,"featured_media":0,"comment_status":"open","ping_status":"open","sticky":false,"template":"","format":"standard","meta":{"rop_custom_images_group":[],"rop_custom_messages_group":[],"rop_publish_now":"initial","rop_publish_now_accounts":[],"rop_publish_now_history":[],"rop_publish_now_status":"pending","footnotes":""},"categories":[16],"tags":[548,588,669,690,1036],"class_list":["post-11435","post","type-post","status-publish","format-standard","hentry","category-articolo","tag-ferrara","tag-fotomodella","tag-giovane","tag-giulia-rocambole","tag-modella"],"_links":{"self":[{"href":"https:\/\/www.nonsolomodanews.it\/wordpress\/wp-json\/wp\/v2\/posts\/11435","targetHints":{"allow":["GET"]}}],"collection":[{"href":"https:\/\/www.nonsolomodanews.it\/wordpress\/wp-json\/wp\/v2\/posts"}],"about":[{"href":"https:\/\/www.nonsolomodanews.it\/wordpress\/wp-json\/wp\/v2\/types\/post"}],"author":[{"embeddable":true,"href":"https:\/\/www.nonsolomodanews.it\/wordpress\/wp-json\/wp\/v2\/users\/1"}],"replies":[{"embeddable":true,"href":"https:\/\/www.nonsolomodanews.it\/wordpress\/wp-json\/wp\/v2\/comments?post=11435"}],"version-history":[{"count":0,"href":"https:\/\/www.nonsolomodanews.it\/wordpress\/wp-json\/wp\/v2\/posts\/11435\/revisions"}],"wp:attachment":[{"href":"https:\/\/www.nonsolomodanews.it\/wordpress\/wp-json\/wp\/v2\/media?parent=11435"}],"wp:term":[{"taxonomy":"category","embeddable":true,"href":"https:\/\/www.nonsolomodanews.it\/wordpress\/wp-json\/wp\/v2\/categories?post=11435"},{"taxonomy":"post_tag","embeddable":true,"href":"https:\/\/www.nonsolomodanews.it\/wordpress\/wp-json\/wp\/v2\/tags?post=11435"}],"curies":[{"name":"wp","href":"https:\/\/api.w.org\/{rel}","templated":true}]}}